{"id":342267,"date":"2026-09-03T04:00:11","date_gmt":"2026-09-03T04:00:11","guid":{"rendered":"https:\/\/www.europesays.com\/no\/342267\/"},"modified":"2026-09-03T04:00:11","modified_gmt":"2026-09-03T04:00:11","slug":"arenanet-presenterer-de-spillbare-rasene-i-guild-wars-3","status":"publish","type":"post","link":"https:\/\/www.europesays.com\/no\/342267\/","title":{"rendered":"ArenaNet presenterer de spillbare rasene i Guild Wars 3"},"content":{"rendered":"<p>Under Summer Game Fest i sommer hadde ArenaNet en <a href=\"https:\/\/www.gamereactor.no\/guild-wars-3-offisielt-bekreftet-av-arenanet-2073313\/\" title=\"Guild Wars 3 offisielt bekreftet av ArenaNet\" rel=\"nofollow noopener\" target=\"_blank\">skikkelig overraskelse<\/a> i vente, da de kunngjorde \u00ab Guild Wars 3. Spillet er planlagt utgitt for PC og PS5 i 2027, 15 \u00e5r etter forgjengeren. Det regnes som en slags forl\u00f8per og utspiller seg over 1 000 \u00e5r f\u00f8r det opprinnelige \u00abGuild Wars\u00bb.<\/p>\n<p>Denne gangen utspiller eventyret seg i regionen Orr, og ideen er at vi skal ta rollen som Vaelwarden for \u00e5 beskytte verden. N\u00e5 har utviklerne delt flere detaljer om rasene vi vil kunne spille som i eventyret \u2013 og det er tydelig at det vil v\u00e6re en rekke ganske unike alternativer.<\/p>\n<p>Sjekk ut videoen nedenfor for \u00e5 se utvalget, og fortell oss gjerne i kommentarene hvilken du liker best.<\/p>\n<p>\t\t\t\t\t\t<img loading=\"lazy\" decoding=\"async\" id=\"img-2137923-4981113\" data-fullsize=\"\/media\/11\/arenanetintroducesplayable_4981113b.jpg\" data-lazy=\"\" src=\"https:\/\/www.gamereactor.nohttps:\/\/www.gamereactor.no\/media\/11\/arenanetintroducesplayable_4981113_650x.jpg\" width=\"650\" onclick=\"if (!window.__cfRLUnblockHandlers) return false; gallery_openmodal('2137923','4981113',false,'131b54c0e76a60dbd66f9854c282fcc0');\" height=\"366\" alt=\"Guild Wars 3\" class=\"rwd_col_content lazy\" data-cf-modified-ca2b195fb70ac5e30a9bde46-=\"\"\/><\/p>\n","protected":false},"excerpt":{"rendered":"Under Summer Game Fest i sommer hadde ArenaNet en skikkelig overraskelse i vente, da de kunngjorde \u00ab Guild&hellip;\n","protected":false},"author":2,"featured_media":342268,"comment_status":"","ping_status":"","sticky":false,"template":"","format":"standard","meta":{"footnotes":"","_share_on_mastodon":"0"},"categories":[57],"tags":[30,28,29,65,63,64,66,70,69,67,68],"class_list":["post-342267","post","type-post","status-publish","format-standard","has-post-thumbnail","category-vitenskap-og-teknologi","tag-no","tag-norge","tag-norway","tag-science","tag-science-and-technology","tag-scienceandtechnology","tag-technology","tag-teknologi","tag-vitenskap","tag-vitenskap-og-teknologi","tag-vitenskapteknologi"],"share_on_mastodon":{"url":"https:\/\/pubeurope.com\/@no\/117205115514100652","error":""},"_links":{"self":[{"href":"https:\/\/www.europesays.com\/no\/wp-json\/wp\/v2\/posts\/342267","targetHints":{"allow":["GET"]}}],"collection":[{"href":"https:\/\/www.europesays.com\/no\/wp-json\/wp\/v2\/posts"}],"about":[{"href":"https:\/\/www.europesays.com\/no\/wp-json\/wp\/v2\/types\/post"}],"author":[{"embeddable":true,"href":"https:\/\/www.europesays.com\/no\/wp-json\/wp\/v2\/users\/2"}],"replies":[{"embeddable":true,"href":"https:\/\/www.europesays.com\/no\/wp-json\/wp\/v2\/comments?post=342267"}],"version-history":[{"count":0,"href":"https:\/\/www.europesays.com\/no\/wp-json\/wp\/v2\/posts\/342267\/revisions"}],"wp:featuredmedia":[{"embeddable":true,"href":"https:\/\/www.europesays.com\/no\/wp-json\/wp\/v2\/media\/342268"}],"wp:attachment":[{"href":"https:\/\/www.europesays.com\/no\/wp-json\/wp\/v2\/media?parent=342267"}],"wp:term":[{"taxonomy":"category","embeddable":true,"href":"https:\/\/www.europesays.com\/no\/wp-json\/wp\/v2\/categories?post=342267"},{"taxonomy":"post_tag","embeddable":true,"href":"https:\/\/www.europesays.com\/no\/wp-json\/wp\/v2\/tags?post=342267"}],"curies":[{"name":"wp","href":"https:\/\/api.w.org\/{rel}","templated":true}]}}