{"id":342271,"date":"2026-09-03T04:10:10","date_gmt":"2026-09-03T04:10:10","guid":{"rendered":"https:\/\/www.europesays.com\/no\/342271\/"},"modified":"2026-09-03T04:10:10","modified_gmt":"2026-09-03T04:10:10","slug":"over-3000-dode-av-ebola-i-kongo","status":"publish","type":"post","link":"https:\/\/www.europesays.com\/no\/342271\/","title":{"rendered":"Over 3000 d\u00f8de av Ebola i Kongo"},"content":{"rendered":"\n<p class=\"_lead_145nj_2 _lead_6fko5_53 layout-component text-serif-m layout-normal text-serif-l layout-component layout-wide layout-padded _wide_17hqh_1 layout-padded\">Aldri f\u00f8r har bl\u00f8dningsfeberen spredt seg s\u00e5 raskt.<\/p>\n<p><img alt=\"En helsearbeider if\u00f8rt smittevernsutstyr er p\u00e5 jobb i byen Beni mandag. Provinsen Nord-Kivu er hardt rammet av det d\u00f8delige viruset.  Foto: Sebastien Kitsa Musayi \/ AP \/ NTB\" class=\"_image_jw3bv_65 layout-component layout-wide\" data-fullscreen- data-track-element-type=\"Article image fullscreen\" data-track-name=\"ImageFullscreen\" fetchpriority=\"high\" decoding=\"sync\" loading=\"eager\" height=\"3840\" itemprop=\"image\"  src=\"https:\/\/www.europesays.com\/no\/wp-content\/uploads\/2026\/09\/921a799d-20e3-3e74-8137-22fda0d969dd.jpeg\"  style=\"object-position:0% 0%\" width=\"5760\"\/>En helsearbeider if\u00f8rt smittevernsutstyr er p\u00e5 jobb i byen Beni mandag. Provinsen Nord-Kivu er hardt rammet av det d\u00f8delige viruset.  Foto: Sebastien Kitsa Musayi \/ AP \/ NTB<\/p>\n<ul aria-hidden=\"true\" class=\"_images_ntbth_112\">\n<li><a class=\"_link_ntbth_117\" href=\"https:\/\/www.vg.no\/forfatter\/kristina-kinne\" style=\"z-index:2\" title=\"Kristina Kinne\" rel=\"nofollow noopener\" target=\"_blank\"><img alt=\"Bilde av Kristina Kinne\" class=\"_image_ntbth_93\" fetchpriority=\"low\" loading=\"lazy\" decoding=\"async\" itemprop=\"image\"  src=\"https:\/\/www.europesays.com\/no\/wp-content\/uploads\/2026\/09\/1788408608_101_0d72fa05-a426-45fc-b338-22db82e0e5cb.jpeg\"  width=\"480\"\/><\/a><\/li>\n<li><a class=\"_link_ntbth_117\" href=\"https:\/\/www.vg.no\/forfatter\/ntb\" style=\"z-index:1\" title=\"NTB\" rel=\"nofollow noopener\" target=\"_blank\"><img alt=\"Bilde av NTB\" class=\"_image_ntbth_93\" fetchpriority=\"low\" loading=\"lazy\" decoding=\"async\" itemprop=\"image\"  src=\"https:\/\/www.europesays.com\/no\/wp-content\/uploads\/2026\/09\/1788408608_840_c33980b0-5d07-4027-84a1-813f90a7c8d6.jpeg\"  width=\"480\"\/><\/a><\/li>\n<\/ul>\n<p> Oppdatert torsdag 3. september kl. 05:12    <\/p>\n<ul class=\"_list_145nj_3 _list_64s2r_85 _unordered_145nj_106 text-sans-m\">\n<li class=\"_item_145nj_30\">Ebola-utbruddet i Kongo har f\u00f8rt til over 3000 d\u00f8dsfall siden mai.<\/li>\n<li class=\"_item_145nj_30\">Virusspredningen er ute av kontroll, if\u00f8lge CDC.<\/li>\n<li class=\"_item_145nj_30\">Afrikas smittevernmyndighet frykter m\u00f8rketall kan v\u00e6re tre ganger h\u00f8yere.<\/li>\n<\/ul>\n<p>Vis mer <\/p>\n<p class=\"_paragraph_145nj_4 _paragraph_6fko5_10 layout-component text-serif-m layout-normal text-serif-m layout-padded\">Siden ebolautbruddet i Kongo ble erkl\u00e6rt en internasjonal folkehelsekrise i midten av mai, har over 3000 mennesker mistet livet. <\/p>\n<p class=\"_paragraph_145nj_4 _paragraph_6fko5_10 layout-component text-serif-m layout-normal text-serif-m layout-padded\"><strong class=\"_strong_145nj_25\">Den gjennomsnittlige d\u00f8dsraten i landet ligger p\u00e5 48 prosent, if\u00f8lge NTB.<\/strong><\/p>\n<p class=\"_paragraph_145nj_4 _paragraph_6fko5_10 layout-component text-serif-m layout-normal text-serif-m layout-padded\">Lokale helsemyndigheter bekrefter onsdag 6186 smittetilfeller og 3007 d\u00f8dsfall, melder nyhetsbyr\u00e5et AP.<\/p>\n<p><img alt=\"Deltakere i begravelsen skuffer jord over kisten til den avd\u00f8de i Bunia. Ituri-provinsen i det nord\u00f8stlige Kongo er hardt rammet av ebola-viruset.   Foto: Dieudonne Dirole \/ AP \/ NTB\" class=\"_image_jw3bv_65 layout-component layout-normal\" data-fullscreen- data-track-element-type=\"Article image fullscreen\" data-track-name=\"ImageFullscreen\" decoding=\"async\" loading=\"lazy\" height=\"3685\" itemprop=\"image\"  src=\"https:\/\/www.europesays.com\/no\/wp-content\/uploads\/2026\/09\/f998d5a2-a52f-30aa-a383-0d7c614391d2.jpeg\"  style=\"object-position:0% 0%\" width=\"5527\"\/>Deltakere i begravelsen skuffer jord over kisten til den avd\u00f8de i Bunia. Ituri-provinsen i det nord\u00f8stlige Kongo er hardt rammet av ebola-viruset.   Foto: Dieudonne Dirole \/ AP \/ NTB<\/p>\n<p class=\"_paragraph_145nj_4 _paragraph_6fko5_10 layout-component text-serif-m layout-normal text-serif-m layout-padded\">Over 800 personer f\u00e5r behandling eller sitter i isolasjon, mens rundt 1400 er friskmeldt. <\/p>\n<p>Ute av kontroll<\/p>\n<p class=\"_paragraph_145nj_4 _paragraph_6fko5_10 layout-component text-serif-m layout-normal text-serif-m layout-padded\">Ituri-provinsen nord\u00f8st i Kongo er episenteret for utbruddet. Drosjesj\u00e5f\u00f8r Papy Baraka i byen Bunia forteller AP hvordan frykten preger hverdagen:<\/p>\n<p class=\"_paragraph_145nj_4 _paragraph_6fko5_10 layout-component text-serif-m layout-normal text-serif-m layout-padded\">\u2013 Sykdommen er en trussel for oss alle, og dagliglivet har s\u00e5 godt som stagnert. Vi er redde, sier han.<\/p>\n<p><img alt=\"En l\u00e6rer tar tempen p\u00e5 elever i en skoleklasse p\u00e5 skole\u00e5rets f\u00f8rste dag i Ituri-provinsen i Kongo.   Foto: Dieudonne Dirole \/ AP \/ NTB\" class=\"_image_jw3bv_65 layout-component layout-normal\" data-fullscreen- data-track-element-type=\"Article image fullscreen\" data-track-name=\"ImageFullscreen\" decoding=\"async\" loading=\"lazy\" height=\"3778\" itemprop=\"image\"  src=\"https:\/\/www.europesays.com\/no\/wp-content\/uploads\/2026\/09\/bd0c843a-52c6-3ccc-b13e-3cd6c28148f6.jpeg\"  style=\"object-position:0% 0%\" width=\"5637\"\/>En l\u00e6rer tar tempen p\u00e5 elever i en skoleklasse p\u00e5 skole\u00e5rets f\u00f8rste dag i Ituri-provinsen i Kongo.   Foto: Dieudonne Dirole \/ AP \/ NTB<\/p>\n<p class=\"_paragraph_145nj_4 _paragraph_6fko5_10 layout-component text-serif-m layout-normal text-serif-m layout-padded\">Viruset har spredt seg til seks provinser, og d\u00f8deligheten er st\u00f8rst i Nord-Kivu. <\/p>\n<p class=\"_paragraph_145nj_4 _paragraph_6fko5_10 layout-component text-serif-m layout-normal text-serif-m layout-padded\">Amerikanske smittevernmyndigheter (CDC) skriver i en fersk rapport at spredningen er \u00abukontrollert\u00bb, og at de fleste nye tilfellene oppst\u00e5r utenfor kjente smittekjeder.<\/p>\n<p>Store m\u00f8rketall<\/p>\n<p class=\"_paragraph_145nj_4 _paragraph_6fko5_10 layout-component text-serif-m layout-normal text-serif-m layout-padded\">If\u00f8lge Afrikas smittevernmyndighet er utbruddet trolig tre ganger st\u00f8rre enn de registrerte tallene tilsier, fordi smittesporingen er sv\u00e6rt begrenset. N\u00e5 frykter de ogs\u00e5 at viruset skal spre seg i klasserommene etter at kongolesiske elever nettopp har startet et nytt skole\u00e5r.<\/p>\n<p><img alt=\"Helsearbeidere begraver en 66 \u00e5r gammel kvinne ved navn Neema Minaro, som mistet livet til ebola i byen Bunia.   Foto: Dieudonne Dirole \/ AP \/ NTB\" class=\"_image_jw3bv_65 layout-component layout-normal\" data-fullscreen- data-track-element-type=\"Article image fullscreen\" data-track-name=\"ImageFullscreen\" decoding=\"async\" loading=\"lazy\" height=\"4000\" itemprop=\"image\"  src=\"https:\/\/www.europesays.com\/no\/wp-content\/uploads\/2026\/09\/0afe0b05-4815-3983-b84f-1fe03bcae5a3.jpeg\"  style=\"object-position:0% 0%\" width=\"6000\"\/>Helsearbeidere begraver en 66 \u00e5r gammel kvinne ved navn Neema Minaro, som mistet livet til ebola i byen Bunia.   Foto: Dieudonne Dirole \/ AP \/ NTB<\/p>\n<p class=\"_paragraph_145nj_4 _paragraph_6fko5_10 layout-component text-serif-m layout-normal text-serif-m layout-padded\">Det finnes verken vaksine eller godkjent behandling mot Bundibugyo-viruset, som st\u00e5r bak utbruddet. Forrige uke begynte myndighetene \u00e5 dele ut Ervebo-vaksinen til helsearbeidere i Tshopo-regionen. WHO mener vaksinen kan gi en viss beskyttelse.<\/p>\n","protected":false},"excerpt":{"rendered":"Aldri f\u00f8r har bl\u00f8dningsfeberen spredt seg s\u00e5 raskt. En helsearbeider if\u00f8rt smittevernsutstyr er p\u00e5 jobb i byen Beni&hellip;\n","protected":false},"author":2,"featured_media":342272,"comment_status":"","ping_status":"","sticky":false,"template":"","format":"standard","meta":{"footnotes":"","_share_on_mastodon":"0"},"categories":[12],"tags":[294,20,21,576,21838,24,25,15,11851,22,23,13,30,28,29,14,16,26,27,42,43,44,45],"class_list":["post-342271","post","type-post","status-publish","format-standard","has-post-thumbnail","category-verden","tag-begravelse","tag-breaking-news","tag-breakingnews","tag-dodsfall","tag-ebola","tag-featured-news","tag-featurednews","tag-headlines","tag-kongo","tag-latest-news","tag-latestnews","tag-news","tag-no","tag-norge","tag-norway","tag-nyheter","tag-overskrifter","tag-top-stories","tag-topstories","tag-verden","tag-world","tag-world-news","tag-worldnews"],"share_on_mastodon":{"url":"https:\/\/pubeurope.com\/@no\/117205154956163968","error":""},"_links":{"self":[{"href":"https:\/\/www.europesays.com\/no\/wp-json\/wp\/v2\/posts\/342271","targetHints":{"allow":["GET"]}}],"collection":[{"href":"https:\/\/www.europesays.com\/no\/wp-json\/wp\/v2\/posts"}],"about":[{"href":"https:\/\/www.europesays.com\/no\/wp-json\/wp\/v2\/types\/post"}],"author":[{"embeddable":true,"href":"https:\/\/www.europesays.com\/no\/wp-json\/wp\/v2\/users\/2"}],"replies":[{"embeddable":true,"href":"https:\/\/www.europesays.com\/no\/wp-json\/wp\/v2\/comments?post=342271"}],"version-history":[{"count":0,"href":"https:\/\/www.europesays.com\/no\/wp-json\/wp\/v2\/posts\/342271\/revisions"}],"wp:featuredmedia":[{"embeddable":true,"href":"https:\/\/www.europesays.com\/no\/wp-json\/wp\/v2\/media\/342272"}],"wp:attachment":[{"href":"https:\/\/www.europesays.com\/no\/wp-json\/wp\/v2\/media?parent=342271"}],"wp:term":[{"taxonomy":"category","embeddable":true,"href":"https:\/\/www.europesays.com\/no\/wp-json\/wp\/v2\/categories?post=342271"},{"taxonomy":"post_tag","embeddable":true,"href":"https:\/\/www.europesays.com\/no\/wp-json\/wp\/v2\/tags?post=342271"}],"curies":[{"name":"wp","href":"https:\/\/api.w.org\/{rel}","templated":true}]}}