{"id":342295,"date":"2026-09-03T04:57:59","date_gmt":"2026-09-03T04:57:59","guid":{"rendered":"https:\/\/www.europesays.com\/no\/342295\/"},"modified":"2026-09-03T04:57:59","modified_gmt":"2026-09-03T04:57:59","slug":"zelenskyj-trenger-milliarder-dere-kan-tenke-pa-valg-etter-krigen","status":"publish","type":"post","link":"https:\/\/www.europesays.com\/no\/342295\/","title":{"rendered":"Zelenskyj trenger milliarder: \u2013 Dere kan tenke p\u00e5 valg etter krigen"},"content":{"rendered":"<p><strong>Ukraina trenger titalls milliarder dollar for \u00e5 holde staten og krigsinnsatsen g\u00e5ende. N\u00e5 legger president Volodymyr Zelenskyj kraftig press p\u00e5 landets politikere for \u00e5 f\u00e5 vedtatt reformene som utl\u00f8ser pengene fra vestlige samarbeidspartnere.<\/strong><\/p>\n<p>I sin <a href=\"https:\/\/www.president.gov.ua\/en\/news\/usi-rishennya-na-osnovi-domovlenostej-iz-partnerami-ukrayini-106205\" rel=\"nofollow noopener\" target=\"_blank\">tale<\/a> til nasjonen tirsdag kveld sa Zelenskyj at beslutninger som skal tas av regjeringen og nasjonalforsamlingen, Verkhovna Rada, er avgj\u00f8rende for \u00e5 sikre 30 milliarder dollar i finansiering allerede i \u00e5r.<\/p>\n<p>\u2013 Beslutninger her i Ukraina frigj\u00f8r finansiering fra v\u00e5re partnere, sa Zelenskyj.<\/p>\n<blockquote class=\"twitter-tweet\" data-media-max-width=\"560\">\n<p lang=\"en\" dir=\"ltr\">Decisions needed to secure $30 billion for Ukraine must be voted through. As for the other part of the budget deficit \u2013 the additional $27 billion needed for the Ministry of Defense \u2013 we are talking with our partners at all levels. But to bring in additional funding, we need to\u2026 <a href=\"https:\/\/t.co\/wuhYVluqjS\" rel=\"nofollow\">pic.twitter.com\/wuhYVluqjS<\/a><\/p>\n<p>\u2014 Volodymyr Zelenskyy \/ \u0412\u043e\u043b\u043e\u0434\u0438\u043c\u0438\u0440 \u0417\u0435\u043b\u0435\u043d\u0441\u044c\u043a\u0438\u0439 (@ZelenskyyUa) <a href=\"https:\/\/x.com\/ZelenskyyUa\/status\/2094878003901636792?ref_src=twsrc%5Etfw\" rel=\"nofollow\">September 1, 2026<\/a><\/p><\/blockquote>\n<p>If\u00f8lge presidenten m\u00e5 regjeringen gjennomf\u00f8re 44 konkrete tiltak som er knyttet til rundt 15 milliarder dollar. Disse skal v\u00e6re p\u00e5 plass innen 1. november. Ytterligere rundt 15 milliarder dollar avhenger av vedtak i nasjonalforsamlingen.<\/p>\n<p>Tirsdag mislyktes imidlertid politikerne med \u00e5 vedta tre lover som if\u00f8lge Zelenskyj kunne ha sikret Ukraina mer enn fire milliarder dollar. To andre lover knyttet til Ukrainas program med IMF ble heller ikke vedtatt.<\/p>\n<p>Presidenten gjorde det klart at han ikke aksepterer at innenrikspolitisk strid setter finansieringen i fare.<\/p>\n<p>\u2013 De kan v\u00e6re vanskelige beslutninger. De kan v\u00e6re ubehagelige beslutninger. De kan v\u00e6re upopul\u00e6re beslutninger. Men de er n\u00f8dvendige beslutninger som hjelper Ukraina gjennom denne tiden \u2013 krigens tid, sa han.<\/p>\n<p>Pengene skal blant annet bidra til \u00e5 finansiere forsvaret, offentlige tjenester og sosiale utbetalinger gjennom vinteren.<\/p>\n<p>Zelenskyj gikk samtidig til angrep p\u00e5 politikere som allerede posisjonerer seg foran framtidige valg.<\/p>\n<p>\u2013 Hvis noen allerede \u00f8nsker valg, hvis noen allerede tenker p\u00e5 oppslutning og egen politisk gevinst, m\u00e5 de n\u00e5, under denne krigen, utelukkende tenke p\u00e5 det som trengs for forsvaret, staten og utbetalingene til folket.<\/p>\n<p>\u2013 Dere kan tenke p\u00e5 valg etter krigen, fortsatte han.<\/p>\n<p><strong>Trenger ytterligere 27 milliarder dollar<\/strong><\/p>\n<p>De 30 milliardene l\u00f8ser heller ikke hele finansieringsbehovet.<\/p>\n<p>Zelenskyj opplyste at Ukraina i tillegg mangler 27 milliarder dollar til forsvarsdepartementet. Regjeringen diskuterer denne finansieringen med sine internasjonale samarbeidspartnere p\u00e5 flere niv\u00e5er.<\/p>\n<p>Men presidentens beskjed er at Ukraina f\u00f8rst m\u00e5 oppfylle sine egne forpliktelser dersom landet skal kunne be andre om mer penger.<\/p>\n<p>\u2013 For \u00e5 f\u00e5 inn ytterligere finansiering m\u00e5 vi gj\u00f8re det Ukraina allerede har forpliktet seg til \u00e5 gj\u00f8re, sa Zelenskyj.<\/p>\n<p>Han avsluttet med \u00e5 kreve tydelig handling b\u00e5de fra regjeringen og medlemmene av nasjonalforsamlingen.<\/p>\n<p><script async src=\"https:\/\/platform.twitter.com\/widgets.js\" charset=\"utf-8\"><\/script><\/p>\n","protected":false},"excerpt":{"rendered":"Ukraina trenger titalls milliarder dollar for \u00e5 holde staten og krigsinnsatsen g\u00e5ende. N\u00e5 legger president Volodymyr Zelenskyj kraftig&hellip;\n","protected":false},"author":2,"featured_media":342296,"comment_status":"","ping_status":"","sticky":false,"template":"","format":"standard","meta":{"footnotes":"","_share_on_mastodon":"0"},"categories":[12],"tags":[20,21,24,25,15,179,22,23,13,30,28,29,14,16,26,27,42,43,44,45,6495],"class_list":["post-342295","post","type-post","status-publish","format-standard","has-post-thumbnail","category-verden","tag-breaking-news","tag-breakingnews","tag-featured-news","tag-featurednews","tag-headlines","tag-krigen-i-ukraina","tag-latest-news","tag-latestnews","tag-news","tag-no","tag-norge","tag-norway","tag-nyheter","tag-overskrifter","tag-top-stories","tag-topstories","tag-verden","tag-world","tag-world-news","tag-worldnews","tag-zelenskyj"],"share_on_mastodon":{"url":"https:\/\/pubeurope.com\/@no\/117205343006539765","error":""},"_links":{"self":[{"href":"https:\/\/www.europesays.com\/no\/wp-json\/wp\/v2\/posts\/342295","targetHints":{"allow":["GET"]}}],"collection":[{"href":"https:\/\/www.europesays.com\/no\/wp-json\/wp\/v2\/posts"}],"about":[{"href":"https:\/\/www.europesays.com\/no\/wp-json\/wp\/v2\/types\/post"}],"author":[{"embeddable":true,"href":"https:\/\/www.europesays.com\/no\/wp-json\/wp\/v2\/users\/2"}],"replies":[{"embeddable":true,"href":"https:\/\/www.europesays.com\/no\/wp-json\/wp\/v2\/comments?post=342295"}],"version-history":[{"count":0,"href":"https:\/\/www.europesays.com\/no\/wp-json\/wp\/v2\/posts\/342295\/revisions"}],"wp:featuredmedia":[{"embeddable":true,"href":"https:\/\/www.europesays.com\/no\/wp-json\/wp\/v2\/media\/342296"}],"wp:attachment":[{"href":"https:\/\/www.europesays.com\/no\/wp-json\/wp\/v2\/media?parent=342295"}],"wp:term":[{"taxonomy":"category","embeddable":true,"href":"https:\/\/www.europesays.com\/no\/wp-json\/wp\/v2\/categories?post=342295"},{"taxonomy":"post_tag","embeddable":true,"href":"https:\/\/www.europesays.com\/no\/wp-json\/wp\/v2\/tags?post=342295"}],"curies":[{"name":"wp","href":"https:\/\/api.w.org\/{rel}","templated":true}]}}