{"id":342307,"date":"2026-09-03T05:11:13","date_gmt":"2026-09-03T05:11:13","guid":{"rendered":"https:\/\/www.europesays.com\/no\/342307\/"},"modified":"2026-09-03T05:11:13","modified_gmt":"2026-09-03T05:11:13","slug":"det-som-virket-som-en-mindre-nakkesmerte-utviklet-seg-til-en-risiko-for-ryggmargsskade-for-den-44-ar-gamle-mannen","status":"publish","type":"post","link":"https:\/\/www.europesays.com\/no\/342307\/","title":{"rendered":"Det som virket som en mindre nakkesmerte, utviklet seg til en risiko for ryggmargsskade for den 44 \u00e5r gamle mannen."},"content":{"rendered":"<p style=\"text-align:justify\"> Den 3. september annonserte Nghe <a class=\"data-link\" data-org-href=\"https:\/\/www.vietnam.vn\/no\/destination\/nghe-an\" href=\"https:\/\/www.vietnam.vn\/no\/destination\/nghe-an\" title=\"Nghe An\" target=\"_blank\" rel=\"nofollow noopener\">An Friendship<\/a> General Hospital at leger fra nevrokirurgisk og ryggkirurgisk avdeling hadde fjernet en svulst som komprimerte den cervikale ryggmargen fra en 44 \u00e5r gammel mann. <\/p>\n<p><img decoding=\"async\" data-author=\"\" src=\"https:\/\/www.europesays.com\/no\/wp-content\/uploads\/2026\/09\/1788399888928_1788396636212702939361002884961870293936100288496185daec5c66e5439e2cdc76c71e7874de9-17.jpeg\" id=\"img_242988781945307136\" w=\"1023\" h=\"963\" alt=\"Det som virket som en mindre nakkesmerte, utviklet seg til en risiko for ryggmargsskade for den 44 \u00e5r gamle mannen - Bilde 1.\" rel=\"lightbox\" photoid=\"242988781945307136\" data-original=\"https:\/\/suckhoedoisong.qltns.mediacdn.vn\/324455921873985536\/2026\/9\/3\/1788396636212702939361002884961870293936100288496185daec5c66e5439e2cdc76c71e7874de9-17883972634152077352824.jpg\" type=\"photo\" style=\"max-width:100%;cursor:pointer\" width=\"1023\" height=\"963\" fetchpriority=\"high\" data-nosnippet=\"\" loading=\"lazy\"\/><\/p>\n<p data-placeholder=\"Nh\u1eadp ch\u00fa th\u00edch \u1ea3nh\" class=\"NLPlaceholderShow\"> Svulsten var lokalisert i den cervikale spinalkanalen, og presset ryggmargen sammen ved C4-C6-segmentet. (FOTO: Sykehus)<\/p>\n<p style=\"text-align:justify\"> Tidligere hadde denne personen opplevd langvarige nakkesmerter, men opps\u00f8kte ikke legehjelp, da han trodde det var et vanlig symptom. I omtrent en m\u00e5ned n\u00e5 har beina gradvis svekket seg, noe som gj\u00f8r det stadig vanskeligere \u00e5 g\u00e5.<\/p>\n<p style=\"text-align:justify\"> Ved innleggelse var pasienten ikke i stand til \u00e5 g\u00e5 selvstendig, hadde muskelstyrke p\u00e5 3\/5 i begge ben og 4\/5 i begge armer, og opplevde problemer med \u00e5 urinere. Unders\u00f8kelse og bildediagnostikk avdekket en svulst p\u00e5 omtrent 2,5 x 3 cm, som opptok nesten hele den cervikale spinalkanalen og komprimerte ryggmargen fra C4 til C6.<\/p>\n<p style=\"text-align:justify\"> Dr. <a class=\"data-link\" data-org-href=\"https:\/\/www.vietnam.vn\/no\/tag\/tran-trung-kien\" href=\"https:\/\/www.vietnam.vn\/no\/tag\/tran-trung-kien\" title=\"Tran Trung Kien\" target=\"_blank\" rel=\"nofollow noopener\">Tran Trung Kien<\/a> , spesialist i nevrokirurgi og ryggkirurgi, uttalte at gitt svulstens plassering og st\u00f8rrelse, krevde kirurgi for frigj\u00f8ring av ryggmargen h\u00f8y presisjon. Teamet valgte mikrokirurgi for \u00e5 fjerne svulsten fullstendig og frigj\u00f8re ryggmargen.<\/p>\n<p style=\"text-align:justify\"> Fem dager etter operasjonen ble pasientens mobilitet betydelig bedre. Muskelstyrken i alle fire lemmer ble bra beholdt, og pasienten kunne g\u00e5, bevege seg godt og urinere selvstendig. <\/p>\n<p style=\"text-align:justify\"> Leger anbefaler at vedvarende nakkesmerter ledsaget av svakhet i armer og ben, vansker med \u00e5 g\u00e5 eller urinveisproblemer unders\u00f8kes raskt. Dette kan v\u00e6re tegn relatert til ryggmargskompresjon eller andre nevrologiske tilstander.<\/p>\n<p style=\"text-align:justify\"> Tidlig oppdagelse av \u00e5rsaken og rettidig behandling bidrar til \u00e5 begrense risikoen for nerveskade og \u00f8ke sjansene for funksjonell bedring for pasienter.<\/p>\n<p class=\"mb-0\"> Kilde: https:\/\/suckhoedoisong.vn\/dau-co-tuong-chuyen-nho-nguoi-dan-ong-44-tuoi-doi-mat-nguy-co-ton-thuong-tuy-169260903080507501.htm<\/p>\n","protected":false},"excerpt":{"rendered":"Den 3. september annonserte Nghe An Friendship General Hospital at leger fra nevrokirurgisk og ryggkirurgisk avdeling hadde fjernet&hellip;\n","protected":false},"author":2,"featured_media":342308,"comment_status":"","ping_status":"","sticky":false,"template":"","format":"standard","meta":{"footnotes":"","_share_on_mastodon":"0"},"categories":[57],"tags":[26282,26284,26281,26283,30,28,29,26280,26279,65,63,64,66,70,69,67,68],"class_list":["post-342307","post","type-post","status-publish","format-standard","has-post-thumbnail","category-vitenskap-og-teknologi","tag-doktor","tag-nerve","tag-nghe-an","tag-nghe-an-friendship-general-hospital","tag-no","tag-norge","tag-norway","tag-palmeolje","tag-ryggrad","tag-science","tag-science-and-technology","tag-scienceandtechnology","tag-technology","tag-teknologi","tag-vitenskap","tag-vitenskap-og-teknologi","tag-vitenskapteknologi"],"share_on_mastodon":{"url":"https:\/\/pubeurope.com\/@no\/117205394380846306","error":""},"_links":{"self":[{"href":"https:\/\/www.europesays.com\/no\/wp-json\/wp\/v2\/posts\/342307","targetHints":{"allow":["GET"]}}],"collection":[{"href":"https:\/\/www.europesays.com\/no\/wp-json\/wp\/v2\/posts"}],"about":[{"href":"https:\/\/www.europesays.com\/no\/wp-json\/wp\/v2\/types\/post"}],"author":[{"embeddable":true,"href":"https:\/\/www.europesays.com\/no\/wp-json\/wp\/v2\/users\/2"}],"replies":[{"embeddable":true,"href":"https:\/\/www.europesays.com\/no\/wp-json\/wp\/v2\/comments?post=342307"}],"version-history":[{"count":0,"href":"https:\/\/www.europesays.com\/no\/wp-json\/wp\/v2\/posts\/342307\/revisions"}],"wp:featuredmedia":[{"embeddable":true,"href":"https:\/\/www.europesays.com\/no\/wp-json\/wp\/v2\/media\/342308"}],"wp:attachment":[{"href":"https:\/\/www.europesays.com\/no\/wp-json\/wp\/v2\/media?parent=342307"}],"wp:term":[{"taxonomy":"category","embeddable":true,"href":"https:\/\/www.europesays.com\/no\/wp-json\/wp\/v2\/categories?post=342307"},{"taxonomy":"post_tag","embeddable":true,"href":"https:\/\/www.europesays.com\/no\/wp-json\/wp\/v2\/tags?post=342307"}],"curies":[{"name":"wp","href":"https:\/\/api.w.org\/{rel}","templated":true}]}}