{"id":342309,"date":"2026-09-03T05:12:15","date_gmt":"2026-09-03T05:12:15","guid":{"rendered":"https:\/\/www.europesays.com\/no\/342309\/"},"modified":"2026-09-03T05:12:15","modified_gmt":"2026-09-03T05:12:15","slug":"naeringsliv-klepp-naeringslivsloggen-snudde-skuta-fra-seks-millioner-i-underskudd","status":"publish","type":"post","link":"https:\/\/www.europesays.com\/no\/342309\/","title":{"rendered":"N\u00e6ringsliv, Klepp | N\u00e6ringslivsloggen: Snudde skuta fra seks millioner i underskudd"},"content":{"rendered":"\n<p><b>St\u00e5lteknikk AS <\/b>i Vardheia har levert godkjent \u00e5rsregnskap for 2025. Bedriften \u00f8kte inntektene til 82,2 millioner kroner, som var under 1 million kroner mer enn \u00e5ret f\u00f8r.<\/p>\n<p>De har derimot snudd driftsresultatet kraftig etter et t\u00f8ft 2024. I fjor gikk de i pluss med 6..350 kroner, mens \u00e5ret f\u00f8r var underskuddet p\u00e5 6,8 millioner kroner.<\/p>\n<p>Firmaet ble etablert i 1987<\/p>\n<p>Nyregistrering<\/p>\n<p><b>Hagenes Solutions AS<\/b> er registrert som nytt aksjeselskap i Time med forretningsadresse i Falkvegen 13 i Lye. Selskapet har Hans Bj\u00f8rnar Hagenes som daglig leder og styreleder, og skal selge varer og tjenester innen IT og annet som naturlig sammenfaller med dette samt deltakelse i andre selskaper, investeringer og n\u00e6rliggende virksomhet. Aksjekapitalen er p\u00e5 30.000 kroner, og \u00e5rsregnskapet skal ikke revideres.<\/p>\n<p><b>AJHS Holding AS <\/b>er registrert som nytt aksjeselskap i H\u00e5 med forretningsadresse i Symrevegen 17A p\u00e5 N\u00e6rb\u00f8. Selskapet har Arnold Johan Helgevold Skretting som daglig leder og styreleder, og skal investere i selskaper og eiendom og alt annet som naturlig faller sammen med dette, herunder \u00e5 delta i andre selskaper med lignende virksomhet, kj\u00f8p og salg av aksjer, eller p\u00e5 annen m\u00e5te gj\u00f8re seg interessert i andre foretagende. Aksjekapitalen er p\u00e5 30.000 kroner, og \u00e5rsregnskapet skal ikke revideres.<\/p>\n<p>Endring av styre og daglig leder<\/p>\n<p><b>Internasjonal-mat-bryne AS<\/b> i Time har f\u00e5tt Trife Sabr Osman som ny styreleder. Selskapet holder til i Reevegen 13 p\u00e5 Bryne.<\/p>\n<p>Fusjon<\/p>\n<p><b>ET Bygg Tomteutvikling AS og B&amp;G og ET Sirev\u00e5g AS<\/b>, begge med forretningsadresse i Nyg\u00e5rd 5F p\u00e5 Sirev\u00e5g i H\u00e5, har besluttet fusjon hvor ET Bygg Tomteutvikling AS skal v\u00e6re det overtakende foretaket og innfusjonere B&amp;G og ET Sirev\u00e5g AS. Eventuelle krav eller innsigelser m\u00e5 meldes foretaket innen seks uker regnet fra 1. september 2026.<\/p>\n<p>Sletting<\/p>\n<p><b>Enkeltpersonforetaket Knutsen Automotive<\/b> i Klepp er slettet fra Foretaksregisteret. Foretaket holdt til i Kleppelundvegen 3 i Kleppe.<\/p>\n<p>Endring av kapital og vedtektsdato<\/p>\n<p><b>Bris N\u00e6ringseiendom AS<\/b> i Time har besluttet \u00e5 sette ned aksjekapitalen fra 4.550.000 kroner til 2.640.000 kroner. Nedsettelsesbel\u00f8pet p\u00e5 1.910.000 kroner skal anvendes til tilbakebetaling til aksjeeierne. Beslutningen er basert p\u00e5 \u00e5rsregnskap fastsatt 19. februar 2026, og eventuelle krav eller innsigelser m\u00e5 meldes foretaket innen seks uker regnet fra 1. september 2026. Selskapet holder til i H\u00e5landsvegen 27 p\u00e5 Bryne.<\/p>\n<p><b>Bluzenit Group AS<\/b> i Klepp har endret aksjekapitalen til 50.000 kroner og vedtektsdatoen til 10. august 2026. Selskapet holder til i Bekkasinvegen 23 p\u00e5 Klepp Stasjon.<\/p>\n<p><b>Pompeii AS <\/b>i H\u00e5 har endret aksjekapitalen til 100.000 kroner og vedtektsdatoen til 15. juni 2026. Selskapet holder til i Jadarvegen 1A p\u00e5 N\u00e6rb\u00f8.<\/p>\n<p>Endring av revisor og revisjonsplikt<\/p>\n<p><b>Tveiten Holding AS <\/b>i Time har fjernet revisor og besluttet at foretakets \u00e5rsregnskap ikke skal revideres. Selskapet holder til i Litlaundheimsvegen 135 i Undheim.<\/p>\n<p>Godkjente \u00e5rsregnskapKlepp<\/p>\n<ul>\n<li>Kjeldsberg Ring AS<\/li>\n<li>Paugru Holding AS<\/li>\n<li>St\u00e5lteknikk AS<\/li>\n<li>\u00d8ksnevadporten Eiendom AS<\/li>\n<\/ul>\n<p>N\u00e6ringslivsloggen er laget med hjelp av spr\u00e5kmodellen Claude 4 Sonnet fra Anthropic, basert p\u00e5 kunngj\u00f8ringer hentet fra Br\u00f8nn\u00f8ysundregistrene.<\/p>\n","protected":false},"excerpt":{"rendered":"St\u00e5lteknikk AS i Vardheia har levert godkjent \u00e5rsregnskap for 2025. Bedriften \u00f8kte inntektene til 82,2 millioner kroner, som&hellip;\n","protected":false},"author":2,"featured_media":342310,"comment_status":"","ping_status":"","sticky":false,"template":"","format":"standard","meta":{"footnotes":"","_share_on_mastodon":"0"},"categories":[56],"tags":[36,60,61,1471,1470,62,1676,30,28,29,1510,1469],"class_list":["post-342309","post","type-post","status-publish","format-standard","has-post-thumbnail","category-naeringsliv","tag-art","tag-business","tag-economy","tag-ha","tag-klepp","tag-naeringsliv","tag-naeringslivsloggen","tag-no","tag-norge","tag-norway","tag-story","tag-time"],"share_on_mastodon":{"url":"https:\/\/pubeurope.com\/@no\/117205398157155324","error":""},"_links":{"self":[{"href":"https:\/\/www.europesays.com\/no\/wp-json\/wp\/v2\/posts\/342309","targetHints":{"allow":["GET"]}}],"collection":[{"href":"https:\/\/www.europesays.com\/no\/wp-json\/wp\/v2\/posts"}],"about":[{"href":"https:\/\/www.europesays.com\/no\/wp-json\/wp\/v2\/types\/post"}],"author":[{"embeddable":true,"href":"https:\/\/www.europesays.com\/no\/wp-json\/wp\/v2\/users\/2"}],"replies":[{"embeddable":true,"href":"https:\/\/www.europesays.com\/no\/wp-json\/wp\/v2\/comments?post=342309"}],"version-history":[{"count":0,"href":"https:\/\/www.europesays.com\/no\/wp-json\/wp\/v2\/posts\/342309\/revisions"}],"wp:featuredmedia":[{"embeddable":true,"href":"https:\/\/www.europesays.com\/no\/wp-json\/wp\/v2\/media\/342310"}],"wp:attachment":[{"href":"https:\/\/www.europesays.com\/no\/wp-json\/wp\/v2\/media?parent=342309"}],"wp:term":[{"taxonomy":"category","embeddable":true,"href":"https:\/\/www.europesays.com\/no\/wp-json\/wp\/v2\/categories?post=342309"},{"taxonomy":"post_tag","embeddable":true,"href":"https:\/\/www.europesays.com\/no\/wp-json\/wp\/v2\/tags?post=342309"}],"curies":[{"name":"wp","href":"https:\/\/api.w.org\/{rel}","templated":true}]}}