{"id":342333,"date":"2026-09-03T05:35:16","date_gmt":"2026-09-03T05:35:16","guid":{"rendered":"https:\/\/www.europesays.com\/no\/342333\/"},"modified":"2026-09-03T05:35:16","modified_gmt":"2026-09-03T05:35:16","slug":"jeg-har-lyst-pa-barn","status":"publish","type":"post","link":"https:\/\/www.europesays.com\/no\/342333\/","title":{"rendered":"&#8211; Jeg har lyst p\u00e5 barn"},"content":{"rendered":"<p class=\"kicker \" style=\"\">Jan Thomas og Harlem Alexander:\u00a0<\/p>\n<p class=\"subtitle \" style=\"\">I kj\u00f8lvannet av den romantiske kj\u00e6rlighetserkl\u00e6ringen langs spanskekysten har det dukket opp nye sp\u00f8rsm\u00e5l for ekteparet. N\u00e5 deler de \u00e5penhjertig om en eventuell familiefor\u00f8kelse.\u00a0<\/p>\n<p>\n    FREMTIDEN: Jan Thomas har lenge v\u00e6rt tydelig p\u00e5 at han ikke n\u00f8dvendigvis s\u00e5 for seg et liv som pappa. N\u00e5 har noe endret seg. Foto: Espen Solli \/ Se og H\u00f8r\n  <\/p>\n<p>H\u00f8sten har meldt sin ankomst, og med den f\u00f8lger kj\u00f8ligere og m\u00f8rkere dager. For Jan Thomas og Harlem Alexander er ogs\u00e5 sommerens store h\u00f8ydepunkt lagt bak dem.\u00a0<\/p>\n<p>    <a itemprop=\"url\" href=\"https:\/\/www.seher.no\/kjendis\/angsten-har-meldt-seg\/85029628\" rel=\"nofollow noopener\" target=\"_blank\"><\/p>\n<p>        <img loading=\"lazy\" decoding=\"async\" src=\"https:\/\/www.europesays.com\/no\/wp-content\/uploads\/2026\/09\/84950234.webp\" width=\"147\" height=\"98\" alt=\"\" class=\"lazyload\" style=\"--aspect-ratio-image: 1.50; \"\/><\/p>\n<p>        &#8211; Angsten har meldt seg<\/p>\n<p>    <\/a><\/p>\n<p>Etter en r\u00f8rende seremoni p\u00e5 r\u00e5dhuset i Oslo, etterfulgt av et storsl\u00e5tt bryllup i Spania, venter n\u00e5 hverdagen og nye sp\u00f8rsm\u00e5l om veien videre.<\/p>\n<p>I denne ukens episode av \u00abJan Thomas og Einar blir venner\u00bb blir nettopp dette et av temaene, n\u00e5r Harlem er vikar for kjendisstylistens faste podkastmakker.<\/p>\n<p>        SATTE SEIL: Etter at Jan Thomas og Harlem Alexander lurte \u00aballe\u00bb, og giftet seg i all hemmelighet i Oslo r\u00e5dhus, var det duket for bryllupsfest til sj\u00f8s. I denne eksklusive videoen f\u00e5r Se og H\u00f8rs lesere ogs\u00e5 v\u00e6re med p\u00e5 festen! Video \/ Reporter: H\u00e5vard Bj\u00f8rnerem<\/p>\n<p>&#8211; Fikk en \u00e5penbaring\t<\/p>\n<p>Om vi skrur tiden syv \u00e5r tilbake, var temaet barn allerede oppe til diskusjon da Vendela Kirsebom tok temperaturen p\u00e5 Jan Thomas&#8217; potensielle partnere i \u00abJan Thomas s\u00f8ker dr\u00f8mmeprinsen\u00bb. Her var hun tydelig p\u00e5 hva han \u00f8nsket seg:<\/p>\n<p>\u00abJan vil ha barn\u00bb, sa Vendela den gang.<\/p>\n<p>        <img loading=\"lazy\" decoding=\"async\" src=\"https:\/\/www.europesays.com\/no\/wp-content\/uploads\/2026\/09\/85096111.webp\" width=\"667\" height=\"661\" alt=\"\" class=\"\" style=\"--aspect-ratio-image: 1.01; filter: saturate(1.45) brightness(1.15);\"\/><\/p>\n<p>\n        FANT KJ\u00c6RLIGHETEN: Jan Thomas og Harlem Alexander under innspillingen av \u00abJan Thomas s\u00f8ker dr\u00f8mmeprinsen\u00bb i 2019. Foto: TVNorge\n    <\/p>\n<p>N\u00e5r han husker tilbake s\u00e5 var det ikke n\u00f8dvendigvis d\u00e9t som sto \u00f8verst p\u00e5 \u00f8nskelisten. Samtidig har han alltid v\u00e6rt veldig glad i barn, og g\u00e5r s\u00e5 langt som \u00e5 si at han foretrekker deres selskap fremfor voksnes.<\/p>\n<p>Men etter bryllupet i Spania har sp\u00f8rsm\u00e5lene om familiefor\u00f8kelse blitt stadig flere, og for Harlem har tanken p\u00e5 \u00e5 bli far f\u00e5tt en ny betydning etter et bes\u00f8k hos sin bror og deres nyf\u00f8dte s\u00f8nn.\u00a0<\/p>\n<p>        EKSKLUSIV VIDEO: Jan Thomas og Harlem Alexander Thomas ble viet under den spanske kveldssolen i juli, og her f\u00e5r du se det r\u00f8rende \u00f8yeblikket hvor de dagen derp\u00e5 skal overraske med morgengaver. Video: Henrik Dale \/ Anormal Studios \/\/ Reporter: H\u00e5vard Bj\u00f8rnerem<\/p>\n<p>&#8211; Jeg har v\u00e6rt inne p\u00e5 tanken om at barn ikke er noe for meg, eller for oss egentlig, bare fordi det er s\u00e5 stort ansvar. Vi har det s\u00e5 bra s\u00e5nn vi har det n\u00e5. Det er et selvstendig liv og vi kan gj\u00f8re hva vi vil n\u00e5r vi vil. Men noe skjedde i Halden, og jeg fikk en liten \u00e5penbaring etter at jeg fikk holde Caspian, et lite spedbarn.<\/p>\n<p>Samtidig som barn begynte \u00e5 dukke opp i dr\u00f8mmene hans, begynte ogs\u00e5 brikkene \u00e5 falle p\u00e5 plass:<\/p>\n<p>        <img loading=\"lazy\" decoding=\"async\" src=\"https:\/\/www.europesays.com\/no\/wp-content\/uploads\/2026\/09\/85096207.webp\" width=\"686\" height=\"597\" alt=\"\" class=\"\" style=\"--aspect-ratio-image: 1.15; \"\/><\/p>\n<p>\n        DOBBELTBRYLLUP: Familien st\u00e5r sentralt i livet til Jan Thomas og Harlem Alexander. Det nygifte paret ga hverandre sitt ja p\u00e5 Oslo r\u00e5dhus &#8211; samme dag som niesen Helene Myhre og ektemannen Andreas Heim gjorde det samme. Foto: Espen Solli \/ Se og H\u00f8r\n    <\/p>\n<p>&#8211; Stemmer det, jeg har lyst p\u00e5 barn.\u00a0<\/p>\n<p>20 \u00e5r yngre ektemann\t<\/p>\n<p>Men \u00f8nsket om barn kommer ogs\u00e5 med en rekke sp\u00f8rsm\u00e5l &#8211; ikke minst knyttet til Jan Thomas&#8217; alder som snart n\u00e6rmer seg 60 \u00e5r. For ham handler det ogs\u00e5 om \u00e5 v\u00e6re realistisk rundt hvor han befinner seg i livet.<\/p>\n<p>    <a itemprop=\"url\" href=\"https:\/\/www.seher.no\/kjendis\/gjestene-brast-ut-i-grat\/84841726\" rel=\"nofollow noopener\" target=\"_blank\"><\/p>\n<p>        <img loading=\"lazy\" decoding=\"async\" src=\"https:\/\/www.europesays.com\/no\/wp-content\/uploads\/2026\/09\/84841800.webp\" width=\"180\" height=\"81\" alt=\"\" class=\"lazyload\" style=\"--aspect-ratio-image: 2.22; \"\/><\/p>\n<p>        Gjestene brast ut i gr\u00e5t<\/p>\n<p>    <\/a><\/p>\n<p>&#8211; Jeg har v\u00e6rt litt tullete og sagt at om jeg noen gang i et svakt \u00f8yeblikk skulle forsl\u00e5 barn, s\u00e5 finn en kniv og stikk meg i \u00f8yet. Men for meg handler det litt om selvinnsikt i forhold til min egen alder. S\u00e5 har jeg en ektemann som er 20 \u00e5r yngre, og da m\u00e5 man snakke om det hvis det er noe du tenker at du har oppriktig lyst til \u00e5 gj\u00f8re, sier Jan.\u00a0<\/p>\n<p>        <img loading=\"lazy\" decoding=\"async\" src=\"https:\/\/www.europesays.com\/no\/wp-content\/uploads\/2026\/09\/85096199.webp\" width=\"686\" height=\"549\" alt=\"\" class=\"\" style=\"--aspect-ratio-image: 1.25; \"\/><\/p>\n<p>\n        NYTT KAPITTEL?: Etter en sommer fylt med kj\u00e6rlighet og bryllupsfeiring er ekteparet klare for nye eventyr. N\u00e5 deler de tankene om hva som kan bli det neste store steget. Foto: Espen Solli \/ Se og H\u00f8r\n    <\/p>\n<p>Kjendisstylisten har ogs\u00e5 flere sp\u00f8rsm\u00e5l til Harlem, som blant annet n\u00e5r han ser for seg at de eventuelt skal f\u00e5 barn, om han \u00f8nsker seg en gutt eller jente, og hvilken type far han \u00f8nsker \u00e5 v\u00e6re.<\/p>\n<p>Da trekker Harlem inn karrieren som en stor faktor i vurderingen. I disse dager er han p\u00e5 vei i en annen retning i arbeidslivet, og stiller sp\u00f8rsm\u00e5l ved hvordan en ny karriere vil passe inn i familielivet.\u00a0<\/p>\n<p>        <img loading=\"lazy\" decoding=\"async\" src=\"https:\/\/www.europesays.com\/no\/wp-content\/uploads\/2026\/09\/85096105.webp\" width=\"686\" height=\"1029\" alt=\"\" class=\"\" style=\"--aspect-ratio-image: 0.67; \"\/><\/p>\n<p>\n        FIRST LOOK: Her fikk brudgommene se hverandre i bryllupsantrekkene for f\u00f8rste gang. Foto: Espen Solli \/ Se og H\u00f8r\n    <\/p>\n<p>\u00c8n ting er de likevel enige om: Om de en vakker dag skulle v\u00e6re s\u00e5 heldige \u00e5 f\u00e5 barn, ville de blitt fantastiske foreldre.<\/p>\n<p>Kan koste millioner\t<\/p>\n<p>For Jan og Harlem vil veien til et biologisk barn inneb\u00e6re surrogati, noe som er ulovlig i Norge. I episoden snakker Jan \u00e5penhjertig om hvor annerledes prosessen er for to menn enn for et heterofilt par.<\/p>\n<p>        IDYLL: N\u00e5r Jan Thomas og Harlem Alexander skulle gifte seg p\u00e5 den spanske kysten slo de p\u00e5 stortromma med bryllups-suite som har ekte kjendishistorie! Video: Marian God\u00f8 \/\/ Foto: NTB<\/p>\n<p>Han peker p\u00e5 USA, Colombia, Mexico og Canada som aktuelle alternativer, og forklarer at USA blir anbefalt som det mest smertefrie alternativet.<\/p>\n<p>    Dette er surrogati<\/p>\n<p>Surrogati inneb\u00e6rer at en kvinne blir gravid med, b\u00e6rer fram og f\u00f8der barn som etter f\u00f8dselen skal overleveres til den eller de som skal v\u00e6re barnets juridiske og sosiale foreldre.<\/p>\n<p>Surrogaten kan v\u00e6re barnets genetiske mor (tradisjonell surrogati), eller hun kan b\u00e6re frem et foster fra en annen kvinnes befruktede egg (gestasjonell surrogati).\u00a0<\/p>\n<p>Det er denne siste formen det oftest refereres til n\u00e5r det snakkes om surrogati i dag.<\/p>\n<p>Surrogati er forbudt i Norge, men det er ikke forbudt \u00e5 v\u00e6re foreldre eller etablere foreldreskap til barn som er f\u00f8dt ved hjelp av surrogati.<\/p>\n<p>      Vis mer<br \/>\n      Vis mindre<\/p>\n<p>Det er ogs\u00e5 en sv\u00e6rt kostbar prosess, og paret ansl\u00e5r at det kan dreie seg om rundt tre millioner kroner, som kan vokse seg til elleville seks millioner om de vil vente litt med \u00e5 f\u00e5 et barn til.\u00a0<\/p>\n<p>&#8211; Det tror jeg kommer som et sjokk for de som h\u00f8rer p\u00e5. For et heterofilt par s\u00e5 kan man plutselig f\u00e5 barn, men for to menn er det en helt annen historie.<\/p>\n<p>        FESTEN I GANG: N\u00e5r Jan Thomas og Harlem Alexander skal smis i hymnens lenker, spares det overhodet ikke p\u00e5 stemningen, men gjestene fikk en tydelig advarsel allerede i invitasjonen til bryllupet. Video: Se og H\u00f8r \/ Anormal Studios \/\/ Foto: Discovery+ \/\/ Reporter: H\u00e5vard Bj\u00f8rnerem<\/p>\n<p>Til tross for de mange hindringene som f\u00f8lger med en eventuell familiefor\u00f8kelse, er d\u00f8ren fortsatt \u00e5pen. Samtidig er Jan Thomas og Harlem \u00e6rlige p\u00e5 at de har en rekke dr\u00f8mmer de \u00f8nsker \u00e5 realisere sammen f\u00f8r de eventuelt blir foreldre.<\/p>\n","protected":false},"excerpt":{"rendered":"Jan Thomas og Harlem Alexander:\u00a0 I kj\u00f8lvannet av den romantiske kj\u00e6rlighetserkl\u00e6ringen langs spanskekysten har det dukket opp nye&hellip;\n","protected":false},"author":2,"featured_media":342334,"comment_status":"","ping_status":"","sticky":false,"template":"","format":"standard","meta":{"footnotes":"","_share_on_mastodon":"0"},"categories":[58],"tags":[4104,71,7251,2286,479,30,28,29,72],"class_list":["post-342333","post","type-post","status-publish","format-standard","has-post-thumbnail","category-underholdning","tag-eksklusivt","tag-entertainment","tag-harlem-alexander","tag-jan-thomas","tag-kjendis","tag-no","tag-norge","tag-norway","tag-underholdning"],"share_on_mastodon":{"url":"https:\/\/pubeurope.com\/@no\/117205488512349729","error":""},"_links":{"self":[{"href":"https:\/\/www.europesays.com\/no\/wp-json\/wp\/v2\/posts\/342333","targetHints":{"allow":["GET"]}}],"collection":[{"href":"https:\/\/www.europesays.com\/no\/wp-json\/wp\/v2\/posts"}],"about":[{"href":"https:\/\/www.europesays.com\/no\/wp-json\/wp\/v2\/types\/post"}],"author":[{"embeddable":true,"href":"https:\/\/www.europesays.com\/no\/wp-json\/wp\/v2\/users\/2"}],"replies":[{"embeddable":true,"href":"https:\/\/www.europesays.com\/no\/wp-json\/wp\/v2\/comments?post=342333"}],"version-history":[{"count":0,"href":"https:\/\/www.europesays.com\/no\/wp-json\/wp\/v2\/posts\/342333\/revisions"}],"wp:featuredmedia":[{"embeddable":true,"href":"https:\/\/www.europesays.com\/no\/wp-json\/wp\/v2\/media\/342334"}],"wp:attachment":[{"href":"https:\/\/www.europesays.com\/no\/wp-json\/wp\/v2\/media?parent=342333"}],"wp:term":[{"taxonomy":"category","embeddable":true,"href":"https:\/\/www.europesays.com\/no\/wp-json\/wp\/v2\/categories?post=342333"},{"taxonomy":"post_tag","embeddable":true,"href":"https:\/\/www.europesays.com\/no\/wp-json\/wp\/v2\/tags?post=342333"}],"curies":[{"name":"wp","href":"https:\/\/api.w.org\/{rel}","templated":true}]}}