{"id":342343,"date":"2026-09-03T05:48:17","date_gmt":"2026-09-03T05:48:17","guid":{"rendered":"https:\/\/www.europesays.com\/no\/342343\/"},"modified":"2026-09-03T05:48:17","modified_gmt":"2026-09-03T05:48:17","slug":"harila-nadelose-fjell-dokumentaren-om-kristin-harila-og-tenjen-lama-sherpa","status":"publish","type":"post","link":"https:\/\/www.europesays.com\/no\/342343\/","title":{"rendered":"Harila: N\u00e5del\u00f8se fjell: Dokumentaren om Kristin Harila og Tenjen Lama Sherpa"},"content":{"rendered":"\n<ul class=\"_list_145nj_3 _list_64s2r_85 _unordered_145nj_106 text-sans-m\">\n<li class=\"_item_145nj_30\">Tre \u00e5r etter verdensrekorden kommer dokumentaren om Kristin Harilas ferd opp verdens 14 h\u00f8yeste fjell.<\/li>\n<li class=\"_item_145nj_30\">Filmen viser b\u00e5de triumfer og tragedier, inkludert d\u00f8dsfallet p\u00e5 K2 og hetsen Harila m\u00f8tte.<\/li>\n<li class=\"_item_145nj_30\">Harila h\u00e5per filmen gir et helhetlig bilde av hendelsene og hedrer hennes samarbeidspartner, Tenjen Lama Sherpa.<\/li>\n<li class=\"_item_145nj_30\">Tenjen Lama Sherpa omkom i et sn\u00f8skred noen m\u00e5neder etter rekorden.<\/li>\n<li class=\"_item_145nj_30\">Dokumentaren belyser ogs\u00e5 utfordringene ved \u00e5 filme i ekstrem h\u00f8yde.<\/li>\n<\/ul>\n<p>Vis mer <\/p>\n<p class=\"_paragraph_145nj_4 _paragraph_6fko5_10 layout-component text-serif-m layout-normal text-serif-m layout-padded\">Dokumentaren ble helt annerledes enn planlagt: Samme dag som Harila og Tenjen Lama Sherpa besteg den siste av de s\u00e5kalte \u00ab\u00e5ttetusenmeterne\u00bb, <a href=\"https:\/\/www.vg.no\/tag\/k2?utm_source=vg-article&amp;utm_medium=auto-tagger&amp;utm_campaign=OkPgWA\" class=\"_link_145nj_39\" rel=\"nofollow noopener\" target=\"_blank\">K2<\/a>, omkom en annen klatrer.<\/p>\n<p class=\"_paragraph_145nj_4 _paragraph_6fko5_10 layout-component text-serif-m layout-normal text-serif-m layout-padded\">Det ble mye omtalt og la en skygge over verdensrekorden, satt p\u00e5 bare 92 dager. <\/p>\n<p class=\"_paragraph_145nj_4 _paragraph_6fko5_10 layout-component text-serif-m layout-normal text-serif-m layout-padded\">Hennes team ble beskyldt for ikke \u00e5 ha gjort nok for \u00e5 hjelpe, og Harila ble hetset p\u00e5 nett, noe som ogs\u00e5 vises i filmen.<\/p>\n<p>Ble hetset<\/p>\n<p class=\"_paragraph_145nj_4 _paragraph_6fko5_10 layout-component text-serif-m layout-normal text-serif-m layout-padded\">Kommisjonen som unders\u00f8kte omstendighetene rundt d\u00f8dsfallet, konkluderte med at ansvaret ikke kunne legges p\u00e5 noen enkeltperson, inkludert Kristin eller teamet hennes.<\/p>\n<p class=\"_paragraph_145nj_4 _paragraph_6fko5_10 layout-component text-serif-m layout-normal text-serif-m layout-padded\">\u2013 Det ble en film om en historisk rekord, men ogs\u00e5 mer enn det, p\u00e5 godt og vondt. Kristin lot oss f\u00f8lge henne i en prosess som ikke ble helt som hun hadde sett for seg, sa regiss\u00f8r Even Sigstad p\u00e5 Filmh\u00f8sten-presentasjonen nylig.<\/p>\n<p><img alt=\"I filmen sier Tenjen Lama Sherpa, her med Kristin Harila p\u00e5 en av de 14 fjelltoppene, at rekorden var viktig ogs\u00e5 for ham og hans familie.   Foto: Gabriel Tarso \/ Field Productions \/ Handout \/ NTB\" class=\"_image_jw3bv_65 layout-component layout-normal\" data-fullscreen- data-track-element-type=\"Article image fullscreen\" data-track-name=\"ImageFullscreen\" decoding=\"async\" loading=\"lazy\" height=\"1228\" itemprop=\"image\"  src=\"https:\/\/www.europesays.com\/no\/wp-content\/uploads\/2026\/09\/c716ae3e-bd03-3d94-af49-29b1baa66947.jpeg\"  style=\"object-position:0% 0%\" width=\"2183\"\/>I filmen sier Tenjen Lama Sherpa, her med Kristin Harila p\u00e5 en av de 14 fjelltoppene, at rekorden var viktig ogs\u00e5 for ham og hans familie.   Foto: Gabriel Tarso \/ Field Productions \/ Handout \/ NTBBetyr mye<\/p>\n<p class=\"_paragraph_145nj_4 _paragraph_6fko5_10 layout-component text-serif-m layout-normal text-serif-m layout-padded\">\u2013 Det betyr veldig mye for meg at filmen n\u00e5 kommer ut, og at folk f\u00e5r muligheten til \u00e5 se hele historien, sier Harila til NTB i premiereuken og legger til:<\/p>\n<p class=\"_paragraph_145nj_4 _paragraph_6fko5_10 layout-component text-serif-m layout-normal text-serif-m layout-padded\">\u2013 Det har v\u00e6rt mange sterke meninger og p\u00e5stander om det som skjedde, s\u00e6rlig rundt K2. For meg har det v\u00e6rt viktig \u00e5 f\u00e5 fram et mer helhetlig bilde av hva som faktisk skjedde. Jeg h\u00e5per filmen kan gi folk en bedre forst\u00e5else av b\u00e5de det vi oppn\u00e5dde, og det vi sto i underveis og i tiden etterp\u00e5.<\/p>\n<p class=\"_paragraph_145nj_4 _paragraph_6fko5_10 layout-component text-serif-m layout-normal text-serif-m layout-padded\">Hun er ogs\u00e5 opptatt av \u00e5 l\u00f8fte fram historien om Tenjen Lama Sherpa, samarbeidet deres og alt de opplevde sammen.<\/p>\n<p class=\"_paragraph_145nj_4 _paragraph_6fko5_10 layout-component text-serif-m layout-normal text-serif-m layout-padded\">\u2013 Det har v\u00e6rt veldig viktig for meg at Lama f\u00e5r den plassen han fortjener i denne historien, sier hun:<\/p>\n<p class=\"_paragraph_145nj_4 _paragraph_6fko5_10 layout-component text-serif-m layout-normal text-serif-m layout-padded\">\u2013 Vi delte de 14 fjellene, rekorden, de t\u00f8ffeste dagene og s\u00e5 mange fine \u00f8yeblikk. Jeg h\u00e5per filmen gj\u00f8r at flere f\u00e5r bli kjent med hvem han var, hva han sto for og hvor stor del han hadde i det vi oppn\u00e5dde sammen. For meg er filmen ogs\u00e5 en m\u00e5te \u00e5 hedre Lama.<\/p>\n<p><img alt=\"Kristin Harila og Tenjen Lama Sherpa krysser en av de mange bresprekkene opp Everest \u2013 sammen.  Foto: Jake Mayer\/ Field Productions \/ Handout \/ NTB\" class=\"_image_jw3bv_65 layout-component layout-normal\" data-fullscreen- data-track-element-type=\"Article image fullscreen\" data-track-name=\"ImageFullscreen\" decoding=\"async\" loading=\"lazy\" height=\"3024\" itemprop=\"image\"  src=\"https:\/\/www.europesays.com\/no\/wp-content\/uploads\/2026\/09\/f66cb82d-13ec-3ce1-9bd7-a261d666c6e5.jpeg\"  style=\"object-position:0% 0%\" width=\"4032\"\/>Kristin Harila og Tenjen Lama Sherpa krysser en av de mange bresprekkene opp Everest \u2013 sammen.  Foto: Jake Mayer\/ Field Productions \/ Handout \/ NTBTilbake for \u00e5 lete<\/p>\n<p class=\"_paragraph_145nj_4 _paragraph_6fko5_10 layout-component text-serif-m layout-normal text-serif-m layout-padded\">Tenjen Lama Sherpa omkom bare noen m\u00e5neder etter at verdensrekorden ble satt. Han ble tatt av et sn\u00f8skred under en klatreekspedisjon til Shishapangma \u2013 det laveste av de 14 fjellene, men if\u00f8lge Harila ogs\u00e5 blant de farligste.<\/p>\n<p class=\"_paragraph_145nj_4 _paragraph_6fko5_10 layout-component text-serif-m layout-normal text-serif-m layout-padded\">\u00c5ret etter dro hun til Tibet for \u00e5 hente Lama ned, men fant ham ikke. Hun lovet enken \u00e5 hjelpe med utdannelsen av hans to s\u00f8nner, Lakpa Sange og Lakpa Nurbu \u2013 som ogs\u00e5 kom til Norge p\u00e5 f\u00f8rpremieren av \u00abHarila: N\u00e5del\u00f8se fjell\u00bb onsdag.<\/p>\n<p class=\"_paragraph_145nj_4 _paragraph_6fko5_10 layout-component text-serif-m layout-normal text-serif-m layout-padded\">\u2013 Dette er et historisk samarbeid. Denne rekorden er veldig viktig. S\u00e6rlig for familien min, for barna mine, sier Tenjen Lama Sherpa i dokumentaren.<\/p>\n<p class=\"_paragraph_145nj_4 _paragraph_6fko5_10 layout-component text-serif-m layout-normal text-serif-m layout-padded\">En slik type rekord er nemlig aldri tidligere blitt delt mellom en vestlig klatrer og en sherpa, if\u00f8lge filmens produsent Filip Christensen.<\/p>\n<p><img alt=\"Kristin Harila og Tenjen Lama Sherpa til topps.   Foto: Field Productions \/ Euphoria \/ Handout \/ NTB\" class=\"_image_jw3bv_65 layout-component layout-normal\" data-fullscreen- data-track-element-type=\"Article image fullscreen\" data-track-name=\"ImageFullscreen\" decoding=\"async\" loading=\"lazy\" height=\"2160\" itemprop=\"image\"  src=\"https:\/\/www.europesays.com\/no\/wp-content\/uploads\/2026\/09\/fb9c4345-6878-347f-9e96-adf3d0a08d69.jpeg\"  style=\"object-position:0% 0%\" width=\"3840\"\/>Kristin Harila og Tenjen Lama Sherpa til topps.   Foto: Field Productions \/ Euphoria \/ Handout \/ NTB\u00abLitt farligere\u00bb<\/p>\n<p class=\"_paragraph_145nj_4 _paragraph_6fko5_10 layout-component text-serif-m layout-normal text-serif-m layout-padded\">Kristin Harila fullf\u00f8rte i mai den s\u00e5kalte \u00abHimalayan Triple Crown\u00bb, som inneb\u00e6rer \u00e5 n\u00e5 toppen av fjellene Nuptse, Lhotse og Everest p\u00e5 \u00e9n klatresesong.<\/p>\n<p class=\"_paragraph_145nj_4 _paragraph_6fko5_10 layout-component text-serif-m layout-normal text-serif-m layout-padded\">Det fullf\u00f8rte hun som f\u00f8rste kvinne. Kristin ble samtidig f\u00f8rste nordmann til \u00e5 bestige Mount Everest uten ekstra oksygen.<\/p>\n<p class=\"_paragraph_145nj_4 _paragraph_6fko5_10 layout-component text-serif-m layout-normal text-serif-m layout-padded\">Men n\u00e5 har hun erkl\u00e6rt seg ferdig med de lange ekspedisjonene i 8000-metersklassen.<\/p>\n<p class=\"_paragraph_145nj_4 _paragraph_6fko5_10 layout-component text-serif-m layout-normal text-serif-m layout-padded\">I \u00abHarila: N\u00e5del\u00f8se fjell\u00bb er det en scene der hun sp\u00f8r faren om det \u00aber slitsomt \u00e5 ha en datter som meg\u00bb. Han svarer n\u00f8kternt:<\/p>\n<p class=\"_paragraph_145nj_4 _paragraph_6fko5_10 layout-component text-serif-m layout-normal text-serif-m layout-padded\">\u2013 Du lever litt farligere enn folk flest.<\/p>\n<p><img alt=\"Hovedfotograf Matias Myklebust p\u00e5 over 8000 m.o.h \u2013 med drone og kamera.   Foto: Euphoria \/ Handout \/ NTB\" class=\"_image_jw3bv_65 layout-component layout-normal\" data-fullscreen- data-track-element-type=\"Article image fullscreen\" data-track-name=\"ImageFullscreen\" decoding=\"async\" loading=\"lazy\" height=\"2886\" itemprop=\"image\"  src=\"https:\/\/www.europesays.com\/no\/wp-content\/uploads\/2026\/09\/0f5765c9-97dd-3269-a30b-ef1dfa4baf4b.jpeg\"  style=\"object-position:0% 0%\" width=\"3848\"\/>Hovedfotograf Matias Myklebust p\u00e5 over 8000 m.o.h \u2013 med drone og kamera.   Foto: Euphoria \/ Handout \/ NTBKlatrefilm popul\u00e6rt i Norge<\/p>\n<p class=\"_paragraph_145nj_4 _paragraph_6fko5_10 layout-component text-serif-m layout-normal text-serif-m layout-padded\">Klatredokumentarer er popul\u00e6re i Norge. I fjor ble \u00abTrango\u00bb den mest sette dokumentarfilmen p\u00e5 kinoene her til lands, og den var ogs\u00e5 \u00e9n av tre filmer kortlistet som Norges Oscar-kandidat.<\/p>\n<p class=\"_paragraph_145nj_4 _paragraph_6fko5_10 layout-component text-serif-m layout-normal text-serif-m layout-padded\">Filmnettstedet Montages karakteriserer ekspedisjonsfilmen som \u00abp\u00e5 mange m\u00e5ter den eldste norske filmsjangeren\u00bb, og trekker linjen tilbake til da Roald Amundsen tok med seg filmkamera p\u00e5 Sydpolsekspedisjonen.<\/p>\n<p class=\"_paragraph_145nj_4 _paragraph_6fko5_10 layout-component text-serif-m layout-normal text-serif-m layout-padded\">Men \u00e5 spille inn en klatrefilm er ekstra utfordrende, r\u00f8pet \u00abHarila: N\u00e5del\u00f8se fjell\u00bb-produsent Filip Christensen \u2013 for de m\u00e5tte finne fotografer som b\u00e5de var flinke og dyktige til \u00e5 klatre, som det finnes \u00aben h\u00e5ndfull av i verden\u00bb.<\/p>\n<p>H\u00f8ydetelt hjemme<\/p>\n<p class=\"_paragraph_145nj_4 _paragraph_6fko5_10 layout-component text-serif-m layout-normal text-serif-m layout-padded\">En av dem er Matias Myklebust, som ble med Kristin Harila og Tenjen Lama Sherpa til to av fjelltoppene.<\/p>\n<p class=\"_paragraph_145nj_4 _paragraph_6fko5_10 layout-component text-serif-m layout-normal text-serif-m layout-padded\">\u2013 Jeg sov opp mot 30 dager i h\u00f8ydetelt her i Oslo f\u00f8r jeg reiste til Nepal med Kristin for \u00e5 dokumentere rekordfors\u00f8ket hennes. Det og to trenings\u00f8kter om dagen ble en stresstest p\u00e5 hvordan jeg ville h\u00e5ndtere hva vi hadde i vente rent fysisk, sier han til NTB.<\/p>\n<p class=\"_paragraph_145nj_4 _paragraph_6fko5_10 layout-component text-serif-m layout-normal text-serif-m layout-padded\">Myklebust forteller om ekstremt tunge sekker \u2013 opptil 30 kilo \u2013 \u00e5 b\u00e6re opp mot 8000 meter. Han gikk ned over 14 kilo p\u00e5 sine 70 innspillingsdager, og merket hvordan alt gikk saktere i den tynne luften \u2013 og kroppen gikk p\u00e5 sparebluss.<\/p>\n<p class=\"_paragraph_145nj_4 _paragraph_6fko5_10 layout-component text-serif-m layout-normal text-serif-m layout-padded\">\u2013 Batterier skal likevel holdes varme, jeg skal tenke to steg fremover, stille sp\u00f8rsm\u00e5l og f\u00f8lge opp alt som skjer b\u00e5de foran og bak kamera, oppsummerer Myklebust.<\/p>\n","protected":false},"excerpt":{"rendered":"Tre \u00e5r etter verdensrekorden kommer dokumentaren om Kristin Harilas ferd opp verdens 14 h\u00f8yeste fjell. Filmen viser b\u00e5de&hellip;\n","protected":false},"author":2,"featured_media":342344,"comment_status":"","ping_status":"","sticky":false,"template":"","format":"standard","meta":{"footnotes":"","_share_on_mastodon":"0"},"categories":[5],"tags":[20,21,24,25,15,19,24995,10112,22,23,17,18,650,13,30,28,29,14,16,26,27],"class_list":["post-342343","post","type-post","status-publish","format-standard","has-post-thumbnail","category-overskrifter","tag-breaking-news","tag-breakingnews","tag-featured-news","tag-featurednews","tag-headlines","tag-hovedoppslag","tag-k2","tag-kristin-harila","tag-latest-news","tag-latestnews","tag-main-news","tag-mainnews","tag-natur","tag-news","tag-no","tag-norge","tag-norway","tag-nyheter","tag-overskrifter","tag-top-stories","tag-topstories"],"share_on_mastodon":{"url":"https:\/\/pubeurope.com\/@no\/117205540320929528","error":""},"_links":{"self":[{"href":"https:\/\/www.europesays.com\/no\/wp-json\/wp\/v2\/posts\/342343","targetHints":{"allow":["GET"]}}],"collection":[{"href":"https:\/\/www.europesays.com\/no\/wp-json\/wp\/v2\/posts"}],"about":[{"href":"https:\/\/www.europesays.com\/no\/wp-json\/wp\/v2\/types\/post"}],"author":[{"embeddable":true,"href":"https:\/\/www.europesays.com\/no\/wp-json\/wp\/v2\/users\/2"}],"replies":[{"embeddable":true,"href":"https:\/\/www.europesays.com\/no\/wp-json\/wp\/v2\/comments?post=342343"}],"version-history":[{"count":0,"href":"https:\/\/www.europesays.com\/no\/wp-json\/wp\/v2\/posts\/342343\/revisions"}],"wp:featuredmedia":[{"embeddable":true,"href":"https:\/\/www.europesays.com\/no\/wp-json\/wp\/v2\/media\/342344"}],"wp:attachment":[{"href":"https:\/\/www.europesays.com\/no\/wp-json\/wp\/v2\/media?parent=342343"}],"wp:term":[{"taxonomy":"category","embeddable":true,"href":"https:\/\/www.europesays.com\/no\/wp-json\/wp\/v2\/categories?post=342343"},{"taxonomy":"post_tag","embeddable":true,"href":"https:\/\/www.europesays.com\/no\/wp-json\/wp\/v2\/tags?post=342343"}],"curies":[{"name":"wp","href":"https:\/\/api.w.org\/{rel}","templated":true}]}}