{"id":342435,"date":"2026-09-03T07:12:13","date_gmt":"2026-09-03T07:12:13","guid":{"rendered":"https:\/\/www.europesays.com\/no\/342435\/"},"modified":"2026-09-03T07:12:13","modified_gmt":"2026-09-03T07:12:13","slug":"dolly-parton-skjulte-alvorlig-kreftsykdom-for-hun-dode-ifolge-kilder","status":"publish","type":"post","link":"https:\/\/www.europesays.com\/no\/342435\/","title":{"rendered":"Dolly Parton skjulte alvorlig kreftsykdom f\u00f8r hun d\u00f8de, if\u00f8lge kilder"},"content":{"rendered":"<p class=\"kicker \" style=\"\">Dolly Parton:<\/p>\n<p class=\"subtitle \" style=\"\">Country-legenden skal ha fors\u00f8kt \u00e5 skjule hvor syk hun egentlig var.<\/p>\n<p>\n    LEGENDE: Dolly Parton gikk bort 25. august. Foto: SMG\/Shutterstock\/NTB\n  <\/p>\n<p>Dolly Parton skal ha skjult hvor alvorlig syk hun var i m\u00e5nedene f\u00f8r hun d\u00f8de, if\u00f8lge kilder til <a href=\"https:\/\/www.dailymail.com\/tvshowbiz\/article-16079461\/dolly-parton-dead-secret-final-days-miley-cyrus.html?ico=mail_best_commerce_xp_desktop_2333\" rel=\"nofollow noopener\" target=\"_blank\">Daily Mail<\/a>.<\/p>\n<p>Countryikonet d\u00f8de tirsdag 25. august, 80 \u00e5r gammel, etter det som omtales som en \u00abkort kamp\u00bb mot kreft. Bare fire dager tidligere fortalte hun offentlig at hun hadde helseproblemer, men fors\u00f8kte samtidig \u00e5 berolige fansen.<\/p>\n<p>&#8211; Hun visste at livet nesten var over, sier en kilde til Daily Mail.<\/p>\n<p>        D\u00d8DS\u00c5RSAKEN KLAR: Tirsdag 25. august kom beskjeden om at country-ikonet Dolly Parton har g\u00e5tt bort. Video: Nora Skavhaug\/R\u00f8d L\u00f8per, NTB, Tiktok\/@dollyparton<\/p>\n<p>If\u00f8lge kilder n\u00e6r Parton hadde sykdommen v\u00e6rt langt mer alvorlig enn det hun lot offentligheten forst\u00e5. Hun skal ha mottatt behandling i flere m\u00e5neder og trukket seg tilbake til hjemmet sitt i Tennessee.<\/p>\n<p>I mai avlyste hun en planlagt Las Vegas-opptreden og sa at hun responderte godt p\u00e5 medisiner og behandling.<\/p>\n<p>        <img loading=\"lazy\" decoding=\"async\" src=\"https:\/\/www.europesays.com\/no\/wp-content\/uploads\/2026\/09\/85101914.webp\" width=\"686\" height=\"453\" alt=\"\" class=\"\" style=\"--aspect-ratio-image: 1.51; \"\/><\/p>\n<p>\n        HYLLEST: Dolly Parton ble hyllet under Daisy Chain Fields Music Festival l\u00f8rdag 29. august. Foto: Chris Pizzello \/ AP Photo \/ NTB\n    <\/p>\n<p>&#8211; Hun ville ikke at fansen skulle bekymre seg. Hun ville at de skulle se den Dolly de har elsket i flere ti\u00e5r, hevder en kilde.<\/p>\n<p>Mot slutten skal tilstanden ha blitt kraftig forverret. Daily Mail skriver at Parton i sine siste uker i stor grad var sengeliggende. Hun skal ha mistet h\u00e5ret som f\u00f8lge av behandlingen og blitt sv\u00e6rt tynn.<\/p>\n<p>Parton skal samtidig ha v\u00e6rt fast bestemt p\u00e5 \u00e5 beskytte sitt offentlige image.<\/p>\n<p>        <img loading=\"lazy\" decoding=\"async\" src=\"https:\/\/www.europesays.com\/no\/wp-content\/uploads\/2026\/09\/85101938.webp\" width=\"686\" height=\"467\" alt=\"\" class=\"\" style=\"--aspect-ratio-image: 1.47; \"\/><\/p>\n<p>\n        DUO: Dolly Parton og guddatteren Miley Cyrus fremf\u00f8rte \u00abJolene\u00bb sammen under Grammy Awards i 2019. Foto: Matt Sayles\/Invision\/AP\/NTB\n    <\/p>\n<p>&#8211; Hun brukte mye filter, sminke og lyssetting for \u00e5 se bra ut. Det var en topp prioritet for henne, sier en kilde.<\/p>\n<p>D\u00f8dsfallet har ogs\u00e5 rammet gud\u00addatteren Miley Cyrus hardt. De to hadde et n\u00e6rt forhold gjennom flere ti\u00e5r. En kilde forteller at Cyrus var i sjokk da hun mottok nyheten, og at sorgen n\u00e5 er dyp.<\/p>\n","protected":false},"excerpt":{"rendered":"Dolly Parton: Country-legenden skal ha fors\u00f8kt \u00e5 skjule hvor syk hun egentlig var. LEGENDE: Dolly Parton gikk bort&hellip;\n","protected":false},"author":2,"featured_media":342436,"comment_status":"","ping_status":"","sticky":false,"template":"","format":"standard","meta":{"footnotes":"","_share_on_mastodon":"0"},"categories":[58],"tags":[7421,71,479,2543,30,28,29,72],"class_list":["post-342435","post","type-post","status-publish","format-standard","has-post-thumbnail","category-underholdning","tag-dolly-parton","tag-entertainment","tag-kjendis","tag-kjendisdesken","tag-no","tag-norge","tag-norway","tag-underholdning"],"share_on_mastodon":{"url":"https:\/\/pubeurope.com\/@no\/117205870219358973","error":""},"_links":{"self":[{"href":"https:\/\/www.europesays.com\/no\/wp-json\/wp\/v2\/posts\/342435","targetHints":{"allow":["GET"]}}],"collection":[{"href":"https:\/\/www.europesays.com\/no\/wp-json\/wp\/v2\/posts"}],"about":[{"href":"https:\/\/www.europesays.com\/no\/wp-json\/wp\/v2\/types\/post"}],"author":[{"embeddable":true,"href":"https:\/\/www.europesays.com\/no\/wp-json\/wp\/v2\/users\/2"}],"replies":[{"embeddable":true,"href":"https:\/\/www.europesays.com\/no\/wp-json\/wp\/v2\/comments?post=342435"}],"version-history":[{"count":0,"href":"https:\/\/www.europesays.com\/no\/wp-json\/wp\/v2\/posts\/342435\/revisions"}],"wp:featuredmedia":[{"embeddable":true,"href":"https:\/\/www.europesays.com\/no\/wp-json\/wp\/v2\/media\/342436"}],"wp:attachment":[{"href":"https:\/\/www.europesays.com\/no\/wp-json\/wp\/v2\/media?parent=342435"}],"wp:term":[{"taxonomy":"category","embeddable":true,"href":"https:\/\/www.europesays.com\/no\/wp-json\/wp\/v2\/categories?post=342435"},{"taxonomy":"post_tag","embeddable":true,"href":"https:\/\/www.europesays.com\/no\/wp-json\/wp\/v2\/tags?post=342435"}],"curies":[{"name":"wp","href":"https:\/\/api.w.org\/{rel}","templated":true}]}}