{"id":342481,"date":"2026-09-03T07:50:02","date_gmt":"2026-09-03T07:50:02","guid":{"rendered":"https:\/\/www.europesays.com\/no\/342481\/"},"modified":"2026-09-03T07:50:02","modified_gmt":"2026-09-03T07:50:02","slug":"trekker-europa-inn-i-iran-krigen-de-kommer-etter-dere","status":"publish","type":"post","link":"https:\/\/www.europesays.com\/no\/342481\/","title":{"rendered":"Trekker Europa inn i Iran-krigen: \u2013 De kommer etter dere"},"content":{"rendered":"<p><strong>Donald Trump erkl\u00e6rer at USA \u00abvinner stort\u00bb mot Iran og mener landet er milit\u00e6rt og \u00f8konomisk knekket. Onsdag kveld gikk presidenten enda lenger og advarte om at Iran til slutt ville ha kommet etter Europa og amerikanske byer.<\/strong><\/p>\n<p>Trump kom med <a href=\"https:\/\/youtu.be\/_jxSpQiknyQ\" rel=\"nofollow noopener\" target=\"_blank\">uttalelsene under en middag<\/a> med republikanske politikere i Rosehagen ved Det hvite hus. Midt under en lengre tale vendte presidenten seg mot krigsminister Pete Hegseth og roste <a href=\"https:\/\/inyheter.no\/02\/09\/2026\/trump-etter-nye-iran-angrep-svaert-lite-vil-vaere-igjen\/\" rel=\"nofollow noopener\" target=\"_blank\">det amerikanske angrepet <\/a>mot Iran natten f\u00f8r.<\/p>\n<p>\u2013 Du gjorde en god jobb i Iran i natt. Dere knuste dem. Veldig bra, sa Trump.<\/p>\n<p>Presidenten fortsatte med \u00e5 tegne et bilde av et Iran som etter hans syn er i ferd med \u00e5 bli fullstendig nedkjempet. Han p\u00e5pekte at landet ikke lenger har noen fungerende marine eller luftstyrker, at ledere er borte og at store deler av v\u00e5pnene og den milit\u00e6re teknologien er \u00f8delagt.<\/p>\n<p>Ogs\u00e5 \u00f8konomien beskrev han som knust. Trump viste til opplysninger om inflasjon p\u00e5 n\u00e6r 300 prosent og sa at den iranske valutaen er blitt n\u00e6r verdil\u00f8s.<\/p>\n<p>\u2013 De gj\u00f8r det ikke bra i det hele tatt. S\u00e5 det er bare et sp\u00f8rsm\u00e5l om tid. Bare et sp\u00f8rsm\u00e5l om tid, sa Trump.<\/p>\n<p><strong>Trekker inn Europa<\/strong><\/p>\n<p>Trump ga samtidig en langt bredere begrunnelse for hvorfor USA f\u00f8rer krig mot Iran.<\/p>\n<p>Han sa at USA f\u00f8rst og fremst gj\u00f8r det for \u00e5 hjelpe Midt\u00f8sten og Israel, men ogs\u00e5 for \u00e5 beskytte seg selv. If\u00f8lge presidenten ville Iran, dersom landet hadde f\u00e5tt muligheten, f\u00f8rst ha utslettet Israel og deretter g\u00e5tt videre mot resten av Midt\u00f8sten.<\/p>\n<p>S\u00e5 trakk han Europa inn i bildet.<\/p>\n<p>\u2013 Deretter kommer de etter Europa, og de kommer etter noen av byene v\u00e5re, sa Trump.<\/p>\n<p>Han la til at Iran etter hans syn kunne ha rukket \u00e5 \u00abta ut et par byer\u00bb f\u00f8r USA hadde stanset landet.<\/p>\n<p>Trump utdypet ikke hvilke europeiske eller amerikanske byer han mente kunne ha v\u00e6rt truet.<\/p>\n<p>Presidenten gjentok ogs\u00e5 at USA n\u00e5 kontrollerer Hormuzstredet. Han sa at en rekke oljelastede skip passerer b\u00e5de dag og natt, og at Iran s\u00e5 langt har klart sv\u00e6rt lite for \u00e5 stanse trafikken.<\/p>\n<p>\u2013 Vi skal s\u00f8rge for at det fortsetter slik, sa Trump.<\/p>\n<p>Talen kom samme dag som Trump flere ganger kommenterte den amerikanske offensiven mot Iran. Under middagen var budskapet imidlertid mer triumferende: USA vinner, Iran svekkes raskt \u2013 og if\u00f8lge Trump er det n\u00e5 bare et sp\u00f8rsm\u00e5l om tid.<\/p>\n","protected":false},"excerpt":{"rendered":"Donald Trump erkl\u00e6rer at USA \u00abvinner stort\u00bb mot Iran og mener landet er milit\u00e6rt og \u00f8konomisk knekket. Onsdag&hellip;\n","protected":false},"author":2,"featured_media":342482,"comment_status":"","ping_status":"","sticky":false,"template":"","format":"standard","meta":{"footnotes":"","_share_on_mastodon":"0"},"categories":[12],"tags":[20,21,274,24,25,15,3228,22,23,13,30,28,29,14,16,26,27,766,50,42,43,44,45],"class_list":["post-342481","post","type-post","status-publish","format-standard","has-post-thumbnail","category-verden","tag-breaking-news","tag-breakingnews","tag-europa","tag-featured-news","tag-featurednews","tag-headlines","tag-iran","tag-latest-news","tag-latestnews","tag-news","tag-no","tag-norge","tag-norway","tag-nyheter","tag-overskrifter","tag-top-stories","tag-topstories","tag-trump","tag-usa","tag-verden","tag-world","tag-world-news","tag-worldnews"],"share_on_mastodon":{"url":"https:\/\/pubeurope.com\/@no\/117206019353047624","error":""},"_links":{"self":[{"href":"https:\/\/www.europesays.com\/no\/wp-json\/wp\/v2\/posts\/342481","targetHints":{"allow":["GET"]}}],"collection":[{"href":"https:\/\/www.europesays.com\/no\/wp-json\/wp\/v2\/posts"}],"about":[{"href":"https:\/\/www.europesays.com\/no\/wp-json\/wp\/v2\/types\/post"}],"author":[{"embeddable":true,"href":"https:\/\/www.europesays.com\/no\/wp-json\/wp\/v2\/users\/2"}],"replies":[{"embeddable":true,"href":"https:\/\/www.europesays.com\/no\/wp-json\/wp\/v2\/comments?post=342481"}],"version-history":[{"count":0,"href":"https:\/\/www.europesays.com\/no\/wp-json\/wp\/v2\/posts\/342481\/revisions"}],"wp:featuredmedia":[{"embeddable":true,"href":"https:\/\/www.europesays.com\/no\/wp-json\/wp\/v2\/media\/342482"}],"wp:attachment":[{"href":"https:\/\/www.europesays.com\/no\/wp-json\/wp\/v2\/media?parent=342481"}],"wp:term":[{"taxonomy":"category","embeddable":true,"href":"https:\/\/www.europesays.com\/no\/wp-json\/wp\/v2\/categories?post=342481"},{"taxonomy":"post_tag","embeddable":true,"href":"https:\/\/www.europesays.com\/no\/wp-json\/wp\/v2\/tags?post=342481"}],"curies":[{"name":"wp","href":"https:\/\/api.w.org\/{rel}","templated":true}]}}