{"id":342497,"date":"2026-09-03T08:08:19","date_gmt":"2026-09-03T08:08:19","guid":{"rendered":"https:\/\/www.europesays.com\/no\/342497\/"},"modified":"2026-09-03T08:08:19","modified_gmt":"2026-09-03T08:08:19","slug":"dattera-bryter-tausheten-om-rystende-myte","status":"publish","type":"post","link":"https:\/\/www.europesays.com\/no\/342497\/","title":{"rendered":"Dattera bryter tausheten om rystende myte"},"content":{"rendered":"<p class=\"kicker \" style=\"\">Kong Harald R(ol)ex:\u00a0<\/p>\n<p class=\"subtitle \" style=\"\">Den har v\u00e6rt med kong Harald gjennom et helt liv som kronprins og konge.\u00a0N\u00e5 kan klokka bli et helt spesielt arvestykke i kongefamilien.<\/p>\n<p>\n    ALLTID P\u00c5: Selv da han var p\u00e5 tur til Amazonas i 2013 brukte kong Harald favorittklokka si. Foto: NTB\n  <\/p>\n<p>I over 60 \u00e5r brukte kong Harald den samme klokka, en Rolex GMT-Master ref. 1675 \u00abPepsi\u00bb. N\u00e5 som kong Harald er d\u00f8d, er sp\u00f8rsm\u00e5let hva som skjer med hans trofaste klokke, og hvem som eventuelt f\u00e5r arve den.\u00a0<\/p>\n<p>    <a itemprop=\"url\" href=\"https:\/\/www.dagbladet.no\/kjendis\/far-klump-i-halsen\/85090768\" rel=\"nofollow noopener\" target=\"_blank\"><\/p>\n<p>        <img loading=\"lazy\" decoding=\"async\" src=\"https:\/\/www.europesays.com\/no\/wp-content\/uploads\/2026\/09\/85090813.webp\" width=\"147\" height=\"98\" alt=\"\" class=\"lazyload\" style=\"--aspect-ratio-image: 1.50; \"\/><\/p>\n<p>        &#8211; F\u00e5r klump i halsen<\/p>\n<p>    <\/a><\/p>\n<p>Historien om Rolex-klokka g\u00e5r langt tilbake.\u00a0<\/p>\n<p>I en samtale med tyske WristRockers, gjengitt av nettstedet\u00a0<a href=\"https:\/\/www.tidssonen.no\/kong-harald-v-rolex-gmt-master-ref-1675\/\" rel=\"nofollow noopener\" target=\"_blank\">Tidssonen<\/a>, fortalte kong Harald at han hadde eid klokka siden 1962, og at han hadde brukt den mer eller mindre daglig siden.\u00a0<\/p>\n<p>        <img loading=\"lazy\" decoding=\"async\" src=\"https:\/\/www.europesays.com\/no\/wp-content\/uploads\/2026\/09\/85090201.webp\" width=\"667\" height=\"714\" alt=\"\" class=\"\" style=\"--aspect-ratio-image: 0.93; \"\/><\/p>\n<p>\n        MED P\u00c5 FAMILIEBILDER: Da dav\u00e6rende kronprins Harald hadde familiefotografering med prins Haakon og prinsesse M\u00e4rtha Louise p\u00e5 Skaugum i 1974 kunne man se klokka. Foto: NTB\n    <\/p>\n<p>Da WristRockers fikk anledning til \u00e5 fotografere klokka i 2018, var den tydelig preget av mange \u00e5rs bruk.\u00a0<\/p>\n<p>Klokkeekspert Jon Henrik Haraldsen, grunnlegger og redakt\u00f8r av Tidssonen,\u00a0sier til Dagbladet at modellen som kong Harald hadde, starter fra rundt 150 000 kroner og oppover.\u00a0<\/p>\n<p>        <img loading=\"lazy\" decoding=\"async\" itemprop=\"image\" src=\"https:\/\/www.europesays.com\/no\/wp-content\/uploads\/2026\/09\/85090199.webp\" width=\"180\" height=\"180\" alt=\"\"\/><\/p>\n<p>                    Jon Henrik Haraldsen<br \/>\n                        Jon Henrik<br \/>\n                        Haraldsen<\/p>\n<p>Klokkeekspert<\/p>\n<p>&#8211; Modellen ble opprinnelig laget for piloter i Pan American Airways, og er helt klart en av de ikoniske modellene til Rolex.<\/p>\n<p>Den observante leser legger kanskje merke til at kongen bar klokka p\u00e5 h\u00f8yre arm, selv om han er h\u00f8yrehendt.\u00a0I 2003 sa kong Harald sp\u00f8kefullt at han bar klokka p\u00e5 h\u00f8yre arm fordi han har \u00abklokketro p\u00e5 at han vil f\u00e5 bedre helse\u00bb. <\/p>\n<p>        <img loading=\"lazy\" decoding=\"async\" src=\"https:\/\/www.europesays.com\/no\/wp-content\/uploads\/2026\/09\/85100086.webp\" width=\"667\" height=\"714\" alt=\"\" class=\"\" style=\"--aspect-ratio-image: 0.93; \"\/><\/p>\n<p>\n        KONGENS KLOKKE: Slik ser kong Haralds klokke ut. Med \u00e5ra har derimot fargene visnet, og kongens klokke var derfor bare s\u00f8lv den siste tida. Foto: SWNS\/NTB\n    <\/p>\n<p>Kan ha h\u00f8y verdi  <\/p>\n<p>Slitasjen gj\u00f8r at klokka ordin\u00e6rt sett ikke ville blitt ansett som et spesielt attraktivt objekt, if\u00f8lge Haraldsen. Men, n\u00e5 er det jo kongens klokke vi snakker om.\u00a0<\/p>\n<p>        B\u00c5RESEREMONI: Mandag ble kong Haralds b\u00e5re til Slottskapellet. B\u00e5ren ble fraktet av kong Haakon og kongens barnebarn. Bilder fra NRK. <\/p>\n<p>&#8211; Samtidig er proveniens viktig for mange samlere, og her scorer Rolexen til kong Harald h\u00f8yt. Klokka har tilsynelatende v\u00e6rt med kongen gjennom mange livsfaser og historiske \u00f8yeblikk fra 1960-tallet og fram til hans d\u00f8d. Den har ikke ligget i en skuff, men er veldokumentert ogs\u00e5 i nyere tid med en viss oppmerksomhet ogs\u00e5 i klokkemilj\u00f8et\u00a0globalt.\u00a0<\/p>\n<p>        <img loading=\"lazy\" decoding=\"async\" src=\"https:\/\/www.europesays.com\/no\/wp-content\/uploads\/2026\/09\/85090196.webp\" width=\"667\" height=\"788\" alt=\"\" class=\"\" style=\"--aspect-ratio-image: 0.85; \"\/><\/p>\n<p>\n        P\u00c5 ARRANGEMENTER: Rolex-klokka var naturligvis ogs\u00e5 p\u00e5 under sommer-OL i Mexico i 1968. Foto: NTB\n    <\/p>\n<p>&#8211; Slikt vil ha en massiv innflytelse p\u00e5 verdien &#8211; kanskje spesielt for norske samlere, men sannsynligvis ogs\u00e5 for bemidlede samlere i utlandet med sans for historie.<\/p>\n<p>Haraldsen er forsiktig med \u00e5 spekulere p\u00e5 hvor klokka kan plasseres verdimessig, men sier at han ikke hadde blitt sjokkert hvis den hadde bikket millionen p\u00e5 en eventuell auksjon.\u00a0<\/p>\n<p>    <a itemprop=\"url\" href=\"https:\/\/www.dagbladet.no\/kjendis\/holdt-hender-hjerteskjaerende\/85090264\" rel=\"nofollow noopener\" target=\"_blank\"><\/p>\n<p>        <img loading=\"lazy\" decoding=\"async\" src=\"https:\/\/www.europesays.com\/no\/wp-content\/uploads\/2026\/09\/1788422895_151_85090336.webp\" width=\"180\" height=\"81\" alt=\"\" class=\"lazyload\" style=\"--aspect-ratio-image: 2.22; \"\/><\/p>\n<p>        Holdt hender: &#8211; Hjerteskj\u00e6rende<\/p>\n<p>    <\/a><\/p>\n<p>&#8211; Kanskje er dette en forsiktig gjetning &#8211; kanskje ikke. I slike auksjoner avhenger mye av hvem som selger og hvor mye buzz man klarer \u00e5 skape i forkant.\u00a0<\/p>\n<p>Rolex eller pulsklokke?<\/p>\n<p>Det er ikke bare kong Harald som har v\u00e6rt klokkeinteressert i kongefamilien.<\/p>\n<p>Kong Haakon (53) er ofte \u00e5 se med en stor pulsklokke fra Garmin. Klokka blir brukt til b\u00e5de dress, galla og under offisielle oppdrag.\u00a0<\/p>\n<p>        <img loading=\"lazy\" decoding=\"async\" src=\"https:\/\/www.europesays.com\/no\/wp-content\/uploads\/2026\/09\/85090208.webp\" width=\"686\" height=\"460\" alt=\"\" class=\"\" style=\"--aspect-ratio-image: 1.49; \"\/><\/p>\n<p>\n        TAR DEN ALDRI AV: Kong Haakon har som regel alltid pulsklokka p\u00e5. Her under en tur til Japan tidligere i \u00e5r. Foto: NTB\n    <\/p>\n<p>Klokkeekspert Haraldsen h\u00e5per derimot at Norges ferske konge kan bytte ut armb\u00e5ndsuret.\u00a0<\/p>\n<p>&#8211; Kong Haakon er jo kjent for \u00e5 bruke treningsklokker, s\u00e5 her er det \u00e5penbart rom for forbedring. En gammel og velbrukt Rolex med historie bryter heller ikke med den ber\u00f8mte folkeligheten som det norske kongehuset omfavner.<\/p>\n<p>        PULSKLOKKA: Kronprins Haakon er p\u00e5 jobb i Japan og til dressen har han p\u00e5 seg en pulsklokke som vekker oppmerksomheten. Video: Therese Doksheim Skaug \/ Dagbladet<\/p>\n<p>Ogs\u00e5 prins Sverre Magnus (20) har f\u00e5tt oppmerksomhet for sitt klokkevalg &#8211; en Seiko Prospex Speedtimer.<\/p>\n<p>Klokka koster rundt 9000 kroner ny, mens brukte eksemplarer if\u00f8lge Haraldsen gjerne ligger p\u00e5 mellom 6000 og 7000 kroner. Haraldsen har tidligere beskrevet valget som b\u00e5de folkelig og fornuftig.\u00a0<\/p>\n<p>        <img loading=\"lazy\" decoding=\"async\" src=\"https:\/\/www.europesays.com\/no\/wp-content\/uploads\/2026\/09\/85090617.webp\" width=\"667\" height=\"514\" alt=\"\" class=\"\" style=\"--aspect-ratio-image: 1.30; \"\/><\/p>\n<p>\n        FORNUFTIG: Prinsens valg av klokke ble godt likt av klokkeekspert Haraldsen. Foto: NTB\n    <\/p>\n<p>Kan se den p\u00e5 kronprinsessen  <\/p>\n<p>Tre generasjoner av kongefamilien har dermed markert seg med ganske ulike klokker. Er det n\u00e6rliggende \u00e5 tro at det blir enten Haakon eller Sverre Magnus som arver far eller bestefars klokke?<\/p>\n<p>    <a itemprop=\"url\" href=\"https:\/\/www.dagbladet.no\/kjendis\/slottet-deler-nye-private-bilder\/85089394\" rel=\"nofollow noopener\" target=\"_blank\"><\/p>\n<p>        <img loading=\"lazy\" decoding=\"async\" src=\"https:\/\/www.europesays.com\/no\/wp-content\/uploads\/2026\/09\/85089410.webp\" width=\"180\" height=\"81\" alt=\"\" class=\"lazyload\" style=\"--aspect-ratio-image: 2.22; \"\/><\/p>\n<p>        Slottet deler nye private bilder<\/p>\n<p>    <\/a><\/p>\n<p>&#8211; Det er absolutt tradisjon for at man arver smykker og klokker i kongelige kretser, og jeg f\u00f8ler meg ganske sikker p\u00e5 at det skjer med denne klokka ogs\u00e5. Den m\u00e5 jo for all del ikke g\u00e5 ut av familien! Den er verdt mye i kroner og \u00f8re, men affeksjonsverdien er ogs\u00e5 stor, sier Se og H\u00f8rs kongehusekspert Caroline Vagle.\u00a0<\/p>\n<p>        <img loading=\"lazy\" decoding=\"async\" itemprop=\"image\" src=\"https:\/\/www.europesays.com\/no\/wp-content\/uploads\/2026\/09\/85086034.webp\" width=\"180\" height=\"180\" alt=\"\"\/><\/p>\n<p>                    Caroline Vagle<br \/>\n                        Caroline<br \/>\n                        Vagle<\/p>\n<p>Kongehusekspert i Se og H\u00f8r<\/p>\n<p>Ogs\u00e5 Vagle p\u00e5peker at kong Haakon trives best med treningsklokke rundt h\u00e5ndleddet.\u00a0<\/p>\n<p>        <img loading=\"lazy\" decoding=\"async\" src=\"https:\/\/www.europesays.com\/no\/wp-content\/uploads\/2026\/09\/85090202.webp\" width=\"688\" height=\"393\" alt=\"\" class=\"\" style=\"--aspect-ratio-image: 1.75; \"\/><\/p>\n<p>\n        ARVINGER: Det er flere i kongefamilien som kan v\u00e6re den heldige som arver kongens klokke, sier kongehusekspert. Foto: NTB\n    <\/p>\n<p>&#8211; Det mest naturlige er jo at kong Haakon arver den, men han er en sporty type som trives best med pulsklokke til b\u00e5de hverdag og fest. S\u00e5 det sp\u00f8rs om vi f\u00e5r se ham med den. Jeg tenker imidlertid at det ikke hadde gjort noe om han brukte dette verdifulle arvestykket i hvert fall n\u00e5r han pynter seg til store anledninger. En slik klokke er jo tross alt mer smakfull til penkl\u00e6r enn pulsklokker.\u00a0<\/p>\n<p>    <a itemprop=\"url\" href=\"https:\/\/www.dagbladet.no\/kjendis\/ma-feire-bryllupsdagen-alene\/85078925\" rel=\"nofollow noopener\" target=\"_blank\"><\/p>\n<p>        <img loading=\"lazy\" decoding=\"async\" src=\"https:\/\/www.europesays.com\/no\/wp-content\/uploads\/2026\/09\/85079581.webp\" width=\"180\" height=\"81\" alt=\"\" class=\"lazyload\" style=\"--aspect-ratio-image: 2.22; \"\/><\/p>\n<p>        M\u00e5 feire bryllupsdagen alene<\/p>\n<p>    <\/a><\/p>\n<p>&#8211; Jeg mistenker dog at prins Sverre Magnus er mer opptatt av fine klokker, og kanskje er det han vi f\u00e5r se med bestefars ur? Eller kronprinsesse Ingrid Alexandra? Det er ingenting i veien for at en kvinne kan bruke en s\u00e5kalt herreklokke. Hennes mor har jo tidligere blitt sett med kong Olavs gamle Rolex i gull.<\/p>\n<p>        <img loading=\"lazy\" decoding=\"async\" src=\"https:\/\/www.europesays.com\/no\/wp-content\/uploads\/2026\/09\/85090197.webp\" width=\"667\" height=\"521\" alt=\"\" class=\"\" style=\"--aspect-ratio-image: 1.28; \"\/><\/p>\n<p>\n        GJ\u00d8R SOM KONGEN: Dronning Mette-Marit ble i 2010 fotografert med denne Rolex-klokka. Foto: NTB\n    <\/p>\n","protected":false},"excerpt":{"rendered":"Kong Harald R(ol)ex:\u00a0 Den har v\u00e6rt med kong Harald gjennom et helt liv som kronprins og konge.\u00a0N\u00e5 kan&hellip;\n","protected":false},"author":2,"featured_media":342498,"comment_status":"","ping_status":"","sticky":false,"template":"","format":"standard","meta":{"footnotes":"","_share_on_mastodon":"0"},"categories":[10],"tags":[20,21,24,25,15,1649,479,22,23,13,7305,30,28,29,14,16,26285,11768,26,27],"class_list":["post-342497","post","type-post","status-publish","format-standard","has-post-thumbnail","category-norge","tag-breaking-news","tag-breakingnews","tag-featured-news","tag-featurednews","tag-headlines","tag-jeffrey-epstein","tag-kjendis","tag-latest-news","tag-latestnews","tag-news","tag-nicole-kidman","tag-no","tag-norge","tag-norway","tag-nyheter","tag-overskrifter","tag-stanley-kubrick","tag-tom-cruise","tag-top-stories","tag-topstories"],"share_on_mastodon":{"url":"https:\/\/pubeurope.com\/@no\/117206090634645554","error":""},"_links":{"self":[{"href":"https:\/\/www.europesays.com\/no\/wp-json\/wp\/v2\/posts\/342497","targetHints":{"allow":["GET"]}}],"collection":[{"href":"https:\/\/www.europesays.com\/no\/wp-json\/wp\/v2\/posts"}],"about":[{"href":"https:\/\/www.europesays.com\/no\/wp-json\/wp\/v2\/types\/post"}],"author":[{"embeddable":true,"href":"https:\/\/www.europesays.com\/no\/wp-json\/wp\/v2\/users\/2"}],"replies":[{"embeddable":true,"href":"https:\/\/www.europesays.com\/no\/wp-json\/wp\/v2\/comments?post=342497"}],"version-history":[{"count":0,"href":"https:\/\/www.europesays.com\/no\/wp-json\/wp\/v2\/posts\/342497\/revisions"}],"wp:featuredmedia":[{"embeddable":true,"href":"https:\/\/www.europesays.com\/no\/wp-json\/wp\/v2\/media\/342498"}],"wp:attachment":[{"href":"https:\/\/www.europesays.com\/no\/wp-json\/wp\/v2\/media?parent=342497"}],"wp:term":[{"taxonomy":"category","embeddable":true,"href":"https:\/\/www.europesays.com\/no\/wp-json\/wp\/v2\/categories?post=342497"},{"taxonomy":"post_tag","embeddable":true,"href":"https:\/\/www.europesays.com\/no\/wp-json\/wp\/v2\/tags?post=342497"}],"curies":[{"name":"wp","href":"https:\/\/api.w.org\/{rel}","templated":true}]}}