{"id":342507,"date":"2026-09-03T08:16:15","date_gmt":"2026-09-03T08:16:15","guid":{"rendered":"https:\/\/www.europesays.com\/no\/342507\/"},"modified":"2026-09-03T08:16:15","modified_gmt":"2026-09-03T08:16:15","slug":"spanske-medier-frykter-80-dode-etter-battur-mot-kanarioyene","status":"publish","type":"post","link":"https:\/\/www.europesays.com\/no\/342507\/","title":{"rendered":"Spanske medier: Frykter 80 d\u00f8de etter b\u00e5ttur mot Kanari\u00f8yene"},"content":{"rendered":"\n<p class=\"_paragraph_145nj_4 _paragraph_6fko5_10 layout-component text-serif-m layout-normal text-serif-m layout-padded\">Det skriver flere spanske medier, blant annet Efe og El Imparcial. <\/p>\n<p class=\"_paragraph_145nj_4 _paragraph_6fko5_10 layout-component text-serif-m layout-normal text-serif-m layout-padded\">Totalt skal over 80 personer ha omkommet etter en b\u00e5t reiste fra Gambia til Kanari\u00f8yene. <\/p>\n<p class=\"_paragraph_145nj_4 _paragraph_6fko5_10 layout-component text-serif-m layout-normal text-serif-m layout-padded\">Da redningsselskapene fant den aktuelle b\u00e5ten, var det bare 45 overlevende og fem lik om bord i b\u00e5ten. <\/p>\n<p class=\"_paragraph_145nj_4 _paragraph_6fko5_10 layout-component text-serif-m layout-normal text-serif-m layout-padded\">Guardia Civil har f\u00e5tt bekreftet at det var 128 om bord i b\u00e5ten. Dermed er n\u00e6rmere 80 personer savnet. <\/p>\n<p class=\"_paragraph_145nj_4 _paragraph_6fko5_10 layout-component text-serif-m layout-normal text-serif-m layout-padded\">Fart\u00f8yet ble lokalisert av et fly onsdag ettermiddag, og s\u00e5 fraktet inn mot Kanari\u00f8yene. <\/p>\n<p class=\"_paragraph_145nj_4 _paragraph_6fko5_10 layout-component text-serif-m layout-normal text-serif-m layout-padded\">Redningsselskapet m\u00e5tte forlate b\u00e5ten med likene som f\u00f8lge av r\u00f8ffe sj\u00f8forhold. <\/p>\n<p class=\"_paragraph_145nj_4 _paragraph_6fko5_10 layout-component text-serif-m layout-normal text-serif-m layout-padded\">De overlevende har fortalt R\u00f8de Kors at mange d\u00f8de p\u00e5 turen mot Kanari\u00f8yene. <\/p>\n<p>Rettelse<\/p>\n<p class=\"_paragraph_145nj_4\">I en tidligere versjon av saken sto det at 80 personer ble funnet d\u00f8de i b\u00e5ten. Det er ikke riktig. Det riktige er at 80 personer er savnet og fryktet omkommet. Bare fem personer ble funnet d\u00f8de i b\u00e5ten. Saken ble rettet klokken 10.00 torsdag 3. september. <\/p>\n<p>    <img decoding=\"async\" alt=\"Tips oss illustrasjon\" src=\"https:\/\/www.europesays.com\/no\/wp-content\/uploads\/2026\/09\/1788423375_684_pssst-small.webp\"\/>    <\/p>\n<p class=\"title-serif-s\">Har du tips?<\/p>\n<p class=\"text-sans-m\">Send oss informasjon, bilder eller video.<\/p>\n<p>  <a href=\"https:\/\/www.vg.no\/tips-oss\" rel=\"nofollow noopener\" target=\"_blank\"> Tips oss <\/a>      <\/p>\n","protected":false},"excerpt":{"rendered":"Det skriver flere spanske medier, blant annet Efe og El Imparcial. Totalt skal over 80 personer ha omkommet&hellip;\n","protected":false},"author":2,"featured_media":342508,"comment_status":"","ping_status":"","sticky":false,"template":"","format":"standard","meta":{"footnotes":"","_share_on_mastodon":"0"},"categories":[5],"tags":[31,20,21,24,25,15,19,22,23,17,18,13,30,28,29,14,16,26,27],"class_list":["post-342507","post","type-post","status-publish","format-standard","has-post-thumbnail","category-overskrifter","tag-breaking","tag-breaking-news","tag-breakingnews","tag-featured-news","tag-featurednews","tag-headlines","tag-hovedoppslag","tag-latest-news","tag-latestnews","tag-main-news","tag-mainnews","tag-news","tag-no","tag-norge","tag-norway","tag-nyheter","tag-overskrifter","tag-top-stories","tag-topstories"],"share_on_mastodon":{"url":"https:\/\/pubeurope.com\/@no\/117206122181933200","error":""},"_links":{"self":[{"href":"https:\/\/www.europesays.com\/no\/wp-json\/wp\/v2\/posts\/342507","targetHints":{"allow":["GET"]}}],"collection":[{"href":"https:\/\/www.europesays.com\/no\/wp-json\/wp\/v2\/posts"}],"about":[{"href":"https:\/\/www.europesays.com\/no\/wp-json\/wp\/v2\/types\/post"}],"author":[{"embeddable":true,"href":"https:\/\/www.europesays.com\/no\/wp-json\/wp\/v2\/users\/2"}],"replies":[{"embeddable":true,"href":"https:\/\/www.europesays.com\/no\/wp-json\/wp\/v2\/comments?post=342507"}],"version-history":[{"count":0,"href":"https:\/\/www.europesays.com\/no\/wp-json\/wp\/v2\/posts\/342507\/revisions"}],"wp:featuredmedia":[{"embeddable":true,"href":"https:\/\/www.europesays.com\/no\/wp-json\/wp\/v2\/media\/342508"}],"wp:attachment":[{"href":"https:\/\/www.europesays.com\/no\/wp-json\/wp\/v2\/media?parent=342507"}],"wp:term":[{"taxonomy":"category","embeddable":true,"href":"https:\/\/www.europesays.com\/no\/wp-json\/wp\/v2\/categories?post=342507"},{"taxonomy":"post_tag","embeddable":true,"href":"https:\/\/www.europesays.com\/no\/wp-json\/wp\/v2\/tags?post=342507"}],"curies":[{"name":"wp","href":"https:\/\/api.w.org\/{rel}","templated":true}]}}