{"id":342511,"date":"2026-09-03T08:18:15","date_gmt":"2026-09-03T08:18:15","guid":{"rendered":"https:\/\/www.europesays.com\/no\/342511\/"},"modified":"2026-09-03T08:18:15","modified_gmt":"2026-09-03T08:18:15","slug":"disse-er-med-i-ny-sesong-av-hver-gang-vi-motes","status":"publish","type":"post","link":"https:\/\/www.europesays.com\/no\/342511\/","title":{"rendered":"Disse er med i ny sesong av \u00abHver gang vi m\u00f8tes\u00bb"},"content":{"rendered":"\n<p class=\"_lead_145nj_2 _lead_6fko5_53 layout-component text-serif-m layout-normal text-serif-l layout-component layout-wide layout-padded _wide_17hqh_1 layout-padded\">Piano-humor og Bryne-rock. Og en svensk deltager i \u00e5r ogs\u00e5&#8230; Disse er med i neste sesong av \u00abHver gang vi m\u00f8tes\u00bb!<\/p>\n<p><img alt=\"\u00c5rets deltagere! \u00d8verst fra venstre: Janove Ottesen, Fay Wildhagen, Ruben, Julie Bergan, Timbuktu, Ingrid Bj\u00f8rnov og Oscar Berggaard. Foto: TV 2\" class=\"_image_jw3bv_65 layout-component layout-wide\" data-fullscreen- data-track-element-type=\"Article image fullscreen\" data-track-name=\"ImageFullscreen\" fetchpriority=\"high\" decoding=\"sync\" loading=\"eager\" height=\"3586\" itemprop=\"image\"  src=\"https:\/\/www.europesays.com\/no\/wp-content\/uploads\/2026\/09\/8bf3c142-cf00-3e07-967d-4d775ef341f4.png\"  style=\"object-position:0% 0%\" width=\"6353\"\/>\u00c5rets deltagere! \u00d8verst fra venstre: Janove Ottesen, Fay Wildhagen, Ruben, Julie Bergan, Timbuktu, Ingrid Bj\u00f8rnov og Oscar Berggaard. Foto: TV 2<\/p>\n<ul aria-hidden=\"true\" class=\"_images_ntbth_112\">\n<li><a class=\"_link_ntbth_117\" href=\"https:\/\/www.vg.no\/forfatter\/stein-oestboe\" style=\"z-index:1\" title=\"Stein \u00d8stb\u00f8\" rel=\"nofollow noopener\" target=\"_blank\"><img alt=\"Bilde av Stein \u00d8stb\u00f8\" class=\"_image_ntbth_93\" fetchpriority=\"low\" loading=\"lazy\" decoding=\"async\" itemprop=\"image\"  src=\"https:\/\/www.europesays.com\/no\/wp-content\/uploads\/2026\/09\/22e70fc8-5f6d-446c-8991-a91d598e4754.jpeg\"  width=\"480\"\/><\/a><\/li>\n<\/ul>\n<p> Oppdatert torsdag 3. september kl. 10:16    <\/p>\n<ul class=\"_list_145nj_3 _list_64s2r_85 _unordered_145nj_106 text-sans-m\">\n<li class=\"_item_145nj_30\">Jan Ove Ottesen, Ingrid Bj\u00f8rnov, Jason Diakit\u00e9 (Timbuktu), Fay Wildhagen, Ruben Markussen, Julie Bergan og Oscar Berggaard er med i neste sesong av \u00abHver gang vi m\u00f8tes\u00bb.<\/li>\n<li class=\"_item_145nj_30\">Jason Diakit\u00e9 fra Sverige, kjent som Timbuktu, deltar som \u00e5rets svenske artist.<\/li>\n<li class=\"_item_145nj_30\">Programmet byr p\u00e5 et mangfold av stilarter, fra piano-humor til Bryne-rock.<\/li>\n<\/ul>\n<p>Vis mer <\/p>\n<p class=\"_paragraph_145nj_4 _paragraph_6fko5_10 layout-component text-serif-m layout-normal text-serif-m layout-padded\">I sesong 15 skapte svenske Carola godstemning i norske stuer gjennom sin deltagelse i \u00abHver gang vi m\u00f8tes\u00bb, og kanskje derfor m\u00e5tte letingen etter en ny, svensk inntreden intensiveres foran sesong 17?<\/p>\n<p class=\"_paragraph_145nj_4 _paragraph_6fko5_10 layout-component text-serif-m layout-normal text-serif-m layout-padded\">Man trengte ikke \u00e5 lete lenge; \u00abDet l\u00f6ser sej (&#8230;), det kommer att fixa sej tillslut\u00bb: Velkommen til Jason Diakit\u00e9, best kjent som Nordens hiphop-legende Timbuktu!<\/p>\n<p class=\"_paragraph_145nj_4 _paragraph_6fko5_10 layout-component text-serif-m layout-normal text-serif-m layout-padded\">Artistene som TV 2 f\u00f8lger i den 17. sesongen er; <\/p>\n<p class=\"_paragraph_145nj_4 _paragraph_6fko5_10 layout-component text-serif-m layout-normal text-serif-m layout-padded\">Jan Ove Ottesen (Kaizers Orchestra og solo), <a href=\"https:\/\/www.vg.no\/tag\/ingrid-bjoernov?utm_source=vg-article&amp;utm_medium=auto-tagger&amp;utm_campaign=n1X1Ea\" class=\"_link_145nj_39\" rel=\"nofollow noopener\" target=\"_blank\">Ingrid Bj\u00f8rnov<\/a> (Dollie de Luxe og solo), Jason Diakit\u00e9 (Timbuktu), Fay Wildhagen, Ruben Markussen (bare Ruben som artist), Julie Bergan og Oscar Berggaard (Golf).<\/p>\n<p><img alt=\"\" class=\"_image_jw3bv_65 layout-component layout-normal\" data-fullscreen- data-track-element-type=\"Article image fullscreen\" data-track-name=\"ImageFullscreen\" decoding=\"async\" loading=\"lazy\" height=\"1586\" itemprop=\"image\"  src=\"https:\/\/www.europesays.com\/no\/wp-content\/uploads\/2026\/09\/3ab7178e-86d7-302e-8776-855250ac221a.png\"  style=\"object-position:41.991150442477874% 26.45018915510719%\" width=\"1130\"\/><\/p>\n<p class=\"_paragraph_145nj_4 _paragraph_6fko5_10 layout-component text-serif-m layout-normal layout-padded\"><a href=\"https:\/\/www.vg.no\/rampelys\/i\/rlPJ3K\/kaizers-orchestra-gjoer-comeback-kommer-ikke-tilbake-for-aa-mimre\" data-track-element-type=\"Link\" data-track-id=\"link:rlPJ3K\" class=\"_link_145nj_39\" rel=\"nofollow noopener\" target=\"_blank\">Det f\u00f8rste intervjuet med \u00abnye\u00bb Kaizers: \u2013 Kommer ikke tilbake for \u00e5 mimre<\/a><\/p>\n<p class=\"_paragraph_145nj_4 _paragraph_6fko5_10 layout-component text-serif-m layout-normal text-serif-m layout-padded\"><strong class=\"_strong_145nj_25\">Janove <\/strong>Ottesen (51) har gjennom en karriere p\u00e5 over 25 \u00e5r markert seg som en av Norges mest markante og allsidige skikkelser i musikk- og kulturlivet. Som frontfigur i Kaizers Orchestra skaper han et teatralsk univers som fyller scener over hele Europa. Som soloartist har han sju album bak seg. <\/p>\n<p><img alt=\"Foto: Helene Mariussen \/ VG\" class=\"_image_jw3bv_65 layout-component layout-normal\" data-fullscreen- data-track-element-type=\"Article image fullscreen\" data-track-name=\"ImageFullscreen\" decoding=\"async\" loading=\"lazy\" height=\"5970\" itemprop=\"image\"  src=\"https:\/\/www.europesays.com\/no\/wp-content\/uploads\/2026\/09\/d6b8b17d-6696-30c8-b616-c2ac11a02f5c.jpeg\"  style=\"object-position:54.946727549467276% 46.03852596314908%\" width=\"3942\"\/>Foto: Helene Mariussen \/ VG<\/p>\n<p class=\"_paragraph_145nj_4 _paragraph_6fko5_10 layout-component text-serif-m layout-normal layout-padded\"><strong class=\"_strong_145nj_25\">Les ogs\u00e5:<\/strong> <a href=\"https:\/\/www.vg.no\/i\/5p0686\" data-track-element-type=\"Link\" data-track-id=\"link:5p0686\" class=\"_link_145nj_39\" rel=\"nofollow noopener\" target=\"_blank\">Flytter fra g\u00e5rd og grunn: N\u00e5 skal Ingrid ta det piano<\/a><\/p>\n<p class=\"_paragraph_145nj_4 _paragraph_6fko5_10 layout-component text-serif-m layout-normal text-serif-m layout-padded\"><strong class=\"_strong_145nj_25\">Ingrid Bj\u00f8rnov<\/strong>\u00a0(62) har gjennom flere ti\u00e5r v\u00e6rt en markant skikkelse i norsk kulturliv. F\u00f8rst som halvparten av duoen Dollie, sammen med Benedicte Adrian &#8211; en prisbel\u00f8nt popduo som senere begikk operamusikalen \u00abWhich Witch\u00bb i London &#8211; og senere som pianist, komponist, forfatter og soloartist.<\/p>\n<p><img alt=\"Foto: J\u00f8rgen Braastad \/ VG\" class=\"_image_jw3bv_65 layout-component layout-normal\" data-fullscreen- data-track-element-type=\"Article image fullscreen\" data-track-name=\"ImageFullscreen\" decoding=\"async\" loading=\"lazy\" height=\"2336\" itemprop=\"image\"  src=\"https:\/\/www.europesays.com\/no\/wp-content\/uploads\/2026\/09\/3281c289-33b4-365f-8bad-53936cd0ea8c.jpeg\"  style=\"object-position:52.6541095890411% 43.40753424657534%\" width=\"3504\"\/>Foto: J\u00f8rgen Braastad \/ VG<\/p>\n<p class=\"_paragraph_145nj_4 _paragraph_6fko5_10 layout-component text-serif-m layout-normal layout-padded\"><a href=\"https:\/\/www.vg.no\/rampelys\/i\/KQ0Ao\/talking-timbuktu\" data-track-element-type=\"Link\" data-track-id=\"link:KQ0Ao\" class=\"_link_145nj_39\" rel=\"nofollow noopener\" target=\"_blank\">Talking Timbuktu<\/a><\/p>\n<p class=\"_paragraph_145nj_4 _paragraph_6fko5_10 layout-component text-serif-m layout-normal text-serif-m layout-padded\"><strong class=\"_strong_145nj_25\">Jason Diakit\u00e9<\/strong>\u00a0(51), bedre kjent under artistnavnet\u00a0<strong class=\"_strong_145nj_25\">Timbuktu<\/strong>, er en svensk rapper, l\u00e5tskriver og forfatter fra Lund i Sverige.<\/p>\n<p class=\"_paragraph_145nj_4 _paragraph_6fko5_10 layout-component text-serif-m layout-normal text-serif-m layout-padded\">Timbuktu har gjennom over 30 \u00e5r etablert seg som en av Skandinavias mest innflytelsesrike hiphopartister. Han er kjent for \u00e5 kombinere musikk med sterkt samfunnsengasjement, s\u00e6rlig rundt identitet, rasisme og menneskerettigheter. <\/p>\n<p><img alt=\"Foto: G\u00f8ran Bohlin \/ VG\" class=\"_image_jw3bv_65 layout-component layout-normal\" data-fullscreen- data-track-element-type=\"Article image fullscreen\" data-track-name=\"ImageFullscreen\" decoding=\"async\" loading=\"lazy\" height=\"3728\" itemprop=\"image\"  src=\"https:\/\/www.europesays.com\/no\/wp-content\/uploads\/2026\/09\/b2aca7ae-2187-37f3-8d59-40b1c7cc44c3.jpeg\"  style=\"object-position:39.568409742120345% 49.23551502145923%\" width=\"5584\"\/>Foto: G\u00f8ran Bohlin \/ VG<\/p>\n<p class=\"_paragraph_145nj_4 _paragraph_6fko5_10 layout-component text-serif-m layout-normal layout-padded\"><strong class=\"_strong_145nj_25\">Les ogs\u00e5:<\/strong> <a href=\"https:\/\/www.vg.no\/i\/0p3z62\" data-track-element-type=\"Link\" data-track-id=\"link:0p3z62\" class=\"_link_145nj_39\" rel=\"nofollow noopener\" target=\"_blank\">Fay Wildhagen bekrefter kj\u00e6reste<\/a><\/p>\n<p class=\"_paragraph_145nj_4 _paragraph_6fko5_10 layout-component text-serif-m layout-normal text-serif-m layout-padded\"><strong class=\"_strong_145nj_25\">Fay Wildhagen<\/strong>\u00a0(33) er b\u00e5de sanger, l\u00e5tskriver, gitarist og komponist fra Oslo. <\/p>\n<p class=\"_paragraph_145nj_4 _paragraph_6fko5_10 layout-component text-serif-m layout-normal text-serif-m layout-padded\">Fay er kjent for sin karakteristiske stemme, sterke l\u00e5tskriving og evne til \u00e5 kombinere folk, pop og rock i et personlig musikalsk uttrykk. Fay er kjent for \u00e6rlige tekster, melodisk styrke og et moderne internasjonalt lydbilde.<\/p>\n<p><img alt=\"Foto: Helen Wesnes \/ VG\" class=\"_image_jw3bv_65 layout-component layout-normal\" data-fullscreen- data-track-element-type=\"Article image fullscreen\" data-track-name=\"ImageFullscreen\" decoding=\"async\" loading=\"lazy\" height=\"5613\" itemprop=\"image\"  src=\"https:\/\/www.europesays.com\/no\/wp-content\/uploads\/2026\/09\/c38df516-1e4c-3b10-9914-1e84881434f5.jpeg\"  style=\"object-position:56.54472027556717% 51.2203812577944%\" width=\"8419\"\/>Foto: Helen Wesnes \/ VG<\/p>\n<p class=\"_paragraph_145nj_4 _paragraph_6fko5_10 layout-component text-serif-m layout-normal layout-padded\"><strong class=\"_strong_145nj_25\">Les ogs\u00e5:<\/strong> <a href=\"https:\/\/www.vg.no\/i\/dRyQVJ\" data-track-element-type=\"Link\" data-track-id=\"link:dRyQVJ\" class=\"_link_145nj_39\" rel=\"nofollow noopener\" target=\"_blank\">Ruben om legningen: \u2013 Det ble en benektelse<\/a><\/p>\n<p class=\"_paragraph_145nj_4 _paragraph_6fko5_10 layout-component text-serif-m layout-normal text-serif-m layout-padded\"><strong class=\"_strong_145nj_25\">Ruben <\/strong>Markussen\u00a0(31) er en sanger og l\u00e5tskriver fra Bjark\u00f8y i Troms som fikk sitt store gjennombrudd i 2017. Han etablerte seg raskt som en av Norges mest lovende nye artister. <br \/>Med personlige l\u00e5ter om blant annet kj\u00e6rlighet, identitet, ensomhet og psykisk helse har han blitt en viktig og popul\u00e6r stemme for mange unge lyttere.<\/p>\n<p class=\"_paragraph_145nj_4 _paragraph_6fko5_10 layout-component text-serif-m layout-normal text-serif-m layout-padded\"><strong class=\"_strong_145nj_25\">Julie Bergan<\/strong>\u00a0(32) er en sanger, l\u00e5tskriver og artist fra Skien. Hun fikk sitt store gjennombrudd med hiten \u00abArigato\u00bb, som etablerte henne som en av Norges ledende popartister. <\/p>\n<p class=\"_paragraph_145nj_4 _paragraph_6fko5_10 layout-component text-serif-m layout-normal text-serif-m layout-padded\">Siden har hun gitt ut en rekke popul\u00e6re l\u00e5ter, n\u00e5dd h\u00f8yt p\u00e5 hitlistene med millioner av str\u00f8mminger, samarbeidet med norske og internasjonale artister og produsenter, og opparbeidet seg en stor lytterskare.<\/p>\n<p><img alt=\"Oscar Berggaard fra Golf.  Foto: Marius Dreiem L\u00f8ken.\" class=\"_image_jw3bv_65 layout-component layout-normal\" data-fullscreen- data-track-element-type=\"Article image fullscreen\" data-track-name=\"ImageFullscreen\" decoding=\"async\" loading=\"lazy\" height=\"864\" itemprop=\"image\"  src=\"https:\/\/www.europesays.com\/no\/wp-content\/uploads\/2026\/09\/f7490858-9f8b-359a-ae27-bf02f8e887cd.jpeg\"  style=\"object-position:53.732638888888886% 22.569444444444446%\" width=\"576\"\/>Oscar Berggaard fra Golf.  Foto: Marius Dreiem L\u00f8ken.   <\/p>\n<p class=\"_paragraph_145nj_4 _paragraph_6fko5_10 layout-component text-serif-m layout-normal text-serif-m layout-padded\"><strong class=\"_strong_145nj_25\">Oscar Berggaard<\/strong>\u00a0(24) er artist, l\u00e5tskriver og musiker fra Asker, kjent som medlem av popgruppen\u00a0<strong class=\"_strong_145nj_25\">Golf,<\/strong>\u00a0som ble startet i 2022.<\/p>\n<p class=\"_paragraph_145nj_4 _paragraph_6fko5_10 layout-component text-serif-m layout-normal text-serif-m layout-padded\">Oscar er en sentral l\u00e5tskriver og komponist i gruppen.\u00a0Golf vant en Spellemann i 2024 for \u00e5rets poputgivelse.<\/p>\n","protected":false},"excerpt":{"rendered":"Piano-humor og Bryne-rock. Og en svensk deltager i \u00e5r ogs\u00e5&#8230; Disse er med i neste sesong av \u00abHver&hellip;\n","protected":false},"author":2,"featured_media":342512,"comment_status":"","ping_status":"","sticky":false,"template":"","format":"standard","meta":{"footnotes":"","_share_on_mastodon":"0"},"categories":[58],"tags":[71,3445,8535,7030,30,28,29,72],"class_list":["post-342511","post","type-post","status-publish","format-standard","has-post-thumbnail","category-underholdning","tag-entertainment","tag-hver-gang-vi-motes","tag-ingrid-bjornov","tag-janove-ottesen","tag-no","tag-norge","tag-norway","tag-underholdning"],"share_on_mastodon":{"url":"https:\/\/pubeurope.com\/@no\/117206130183810604","error":""},"_links":{"self":[{"href":"https:\/\/www.europesays.com\/no\/wp-json\/wp\/v2\/posts\/342511","targetHints":{"allow":["GET"]}}],"collection":[{"href":"https:\/\/www.europesays.com\/no\/wp-json\/wp\/v2\/posts"}],"about":[{"href":"https:\/\/www.europesays.com\/no\/wp-json\/wp\/v2\/types\/post"}],"author":[{"embeddable":true,"href":"https:\/\/www.europesays.com\/no\/wp-json\/wp\/v2\/users\/2"}],"replies":[{"embeddable":true,"href":"https:\/\/www.europesays.com\/no\/wp-json\/wp\/v2\/comments?post=342511"}],"version-history":[{"count":0,"href":"https:\/\/www.europesays.com\/no\/wp-json\/wp\/v2\/posts\/342511\/revisions"}],"wp:featuredmedia":[{"embeddable":true,"href":"https:\/\/www.europesays.com\/no\/wp-json\/wp\/v2\/media\/342512"}],"wp:attachment":[{"href":"https:\/\/www.europesays.com\/no\/wp-json\/wp\/v2\/media?parent=342511"}],"wp:term":[{"taxonomy":"category","embeddable":true,"href":"https:\/\/www.europesays.com\/no\/wp-json\/wp\/v2\/categories?post=342511"},{"taxonomy":"post_tag","embeddable":true,"href":"https:\/\/www.europesays.com\/no\/wp-json\/wp\/v2\/tags?post=342511"}],"curies":[{"name":"wp","href":"https:\/\/api.w.org\/{rel}","templated":true}]}}