{"id":342515,"date":"2026-09-03T08:22:10","date_gmt":"2026-09-03T08:22:10","guid":{"rendered":"https:\/\/www.europesays.com\/no\/342515\/"},"modified":"2026-09-03T08:22:10","modified_gmt":"2026-09-03T08:22:10","slug":"amediastiftelsen-kjoper-aschehoug-nrk-norge-oversikt-over-nyheter-fra-ulike-deler-av-landet","status":"publish","type":"post","link":"https:\/\/www.europesays.com\/no\/342515\/","title":{"rendered":"Amediastiftelsen kj\u00f8per Aschehoug \u2013 NRK Norge \u2013 Oversikt over nyheter fra ulike deler av landet"},"content":{"rendered":"<p>Det bekrefter Aschehoug og Amediastiftelsen i en felles pressemelding torsdag morgen.<\/p>\n<p>\u2013 Aschehoug har stor betydning for norsk kultur, samfunnsliv og ytringsfrihet. M\u00e5let med kj\u00f8pet er \u00e5 bidra til at Aschehoug kan utvikle seg videre som Norges viktigste forlag, sier direkt\u00f8r Andr\u00e9 St\u00f8ylen i Amediastiftelsen.<\/p>\n<p>Forlaget er ogs\u00e5 glad for at salget er i boks.<\/p>\n<p>\u2013 Vi er glade for \u00e5 kunne overlate forlaget til Amediastiftelsen. Vi er trygge p\u00e5 at stiftelsen vil v\u00e6re en langsiktig og god eier for Aschehoug, sier styreleder Thor Gjermund Eriksen i Aschehoug i en uttalelse.<\/p>\n<p>Fakta om Aschehoug:<\/p>\n<ul>\n<li>Et norsk uavhengig forlagskonsern etablert av fetterne Hieronymus og Halvard Aschehoug i 1972.<\/li>\n<li>Nygaard-familien kom inn i eierskapet til Aschehoug i 1888, og eierskapet har fram til 2026 v\u00e6rt i familien.<\/li>\n<li>Aschehoug eier en rekke selskaper innenfor nesten alle ledd i bokbransjen og flere forlag.<\/li>\n<li>Konsernet eier ogs\u00e5 halvparten av askjene i bokhandelkjeden Norli AS.<\/li>\n<li>Sammen med Gyldendal forlag eier konsernet ogs\u00e5 str\u00f8mmetjenesten Fabel og bokklubb.<\/li>\n<li>Utgir blant annet b\u00f8kene til kjente forfattere som Jo Nesb\u00f8, Karl Ove Knausg\u00e5rd, Maja Lunde, Tom Egeland, Sigrid Undset og Tarjei Vesaas.<\/li>\n<\/ul>\n<p>Kilder: Store Norske Leksikon, Aschehoug<\/p>\n<p><strong>Oppkj\u00f8pet inneb\u00e6rer at forelegger og konsernsjef Mads Nygaard fratrer som konsertsjef ved utgangen av \u00e5ret.<\/strong><\/p>\n<p>De ansatte ble informert om hvem de nye eierne var p\u00e5 et allm\u00f8te torsdag morgen.<\/p>\n<p>\u00abAschehoug vil fortsatt ha eget styre og ledelse som vil sikre selskapets selvstendighet og redaksjonelle frihet\u00bb, opplyses det.<\/p>\n<p>Villa med p\u00e5 kj\u00f8pet<\/p>\n<p>Mange i Aschehoug har v\u00e6rt opptatt av at eierskapet til den \u00e6rverdige villaen i Drammensveien 99 skulle inng\u00e5 i kj\u00f8pet av forlaget.<\/p>\n<p>Det er i villaen at forlagets kjente hagefest blir holdt v\u00e6rt \u00e5r.<\/p>\n<p><img decoding=\"async\"   src=\"data:image\/gif;base64,R0lGODlhAQABAIAAAAAAAP\/\/\/yH5BAEAAAAALAAAAAABAAEAAAIBRAA7\" loading=\"eager\" alt=\"Stor r\u00f8d villa med t\u00e5rn og hage foran. Gruslagt adkomstvei omgitt av lave hekker. (Bildebeskrivelsen er laget av en KI-tjeneste)\" title=\"Foto: Lise \u00c5serud \/ NTB\"\/><\/p>\n<p class=\"\">Villaen i Drammensveien 99 inng\u00e5r i Amediastiftelsens oppkj\u00f8p av Aschehoug.<\/p>\n<p>Foto: Lise \u00c5serud \/ NTB<\/p>\n<p>F\u00f8r jul sendte flere av Aschehougs forfattere et brev til ledelsen der de ba om at villaen skulle inng\u00e5 i salget av det historiske forlaget.<\/p>\n<p>Og de f\u00e5r det slik de \u00f8nsker:<\/p>\n<p><strong>\u00abDrammensveien 99 inng\u00e5r i kj\u00f8pet, og huset vil fortsatt bli brukt som en del av forlagets virksomhet\u00bb, heter det i pressemeldingen fra Amediastiftelsen og Aschehoug torsdag.<\/strong><\/p>\n<p>F\u00f8rste gang p\u00e5 150 \u00e5r<\/p>\n<p>Det var i oktober i fjor at det ble kjent at Aschehoug lette etter nye eiere for f\u00f8rste gang p\u00e5 150 \u00e5r.<\/p>\n<p>Aschehoug, som er et av Norges st\u00f8rste forlag, ble etablert i 1872 og har siden 1888 v\u00e6rt eid av William Nygaard og hans etterkommere.<\/p>\n<p><img decoding=\"async\"   src=\"data:image\/gif;base64,R0lGODlhAQABAIAAAAAAAP\/\/\/yH5BAEAAAAALAAAAAABAAEAAAIBRAA7\" loading=\"eager\" alt=\"en mann i dress og slips\" title=\"Foto: Terje Pedersen \/ NTB\"\/><\/p>\n<p class=\"\">Mads Nygaard har v\u00e6rt konsernsjef i Aschehoug siden 2009, men fratrer stillingen ved nytt\u00e5r.<\/p>\n<p>Foto: Terje Pedersen \/ NTB<\/p>\n<p>Mads Nygaard sier det er naturlig at han n\u00e5 trer av fra rollen som konsernsjef i forlaget.<\/p>\n<p>\u2013 Jeg er medeier i forlaget vi n\u00e5 selger, og det er naturlig at kj\u00f8peren selv tar over ledelsen etter overtakelse rundt \u00e5rsskiftet. Jeg forlater da Aschehoug med stor takknemlighet til forfattere og kolleger i hele konsernet som har gjort jobben som forlegger sv\u00e6rt meningsfylt siden 2010, sier han i en pressemelding.<\/p>\n<p><strong>Aschehoug forlag og datterforlaget Oktober er dominerende p\u00e5 norsk skj\u00f8nnlitteratur for voksne. I 2017 var nesten annenhver solgte norske roman fra forlagene, if\u00f8lge Store Norske Leksikon.<\/strong><\/p>\n<p>Forlagene utgir blant annet b\u00f8kene til kjente norske forfattere som Jo Nesb\u00f8, Karl Ove Knausg\u00e5rd, Maja Lunde, Tom Egeland, Sigrid Undset og Tarjei Vesaas.<\/p>\n<p>Publisert<\/p>\n<p>03.09.2026, kl. 09.42<\/p>\n<p>Oppdatert<\/p>\n<p>03.09.2026, kl. 10.21<\/p>\n","protected":false},"excerpt":{"rendered":"Det bekrefter Aschehoug og Amediastiftelsen i en felles pressemelding torsdag morgen. \u2013 Aschehoug har stor betydning for norsk&hellip;\n","protected":false},"author":2,"featured_media":342516,"comment_status":"","ping_status":"","sticky":false,"template":"","format":"standard","meta":{"footnotes":"","_share_on_mastodon":"0"},"categories":[10],"tags":[20,21,24,25,15,22,23,13,30,28,29,14,16,26,27],"class_list":["post-342515","post","type-post","status-publish","format-standard","has-post-thumbnail","category-norge","tag-breaking-news","tag-breakingnews","tag-featured-news","tag-featurednews","tag-headlines","tag-latest-news","tag-latestnews","tag-news","tag-no","tag-norge","tag-norway","tag-nyheter","tag-overskrifter","tag-top-stories","tag-topstories"],"share_on_mastodon":{"url":"https:\/\/pubeurope.com\/@no\/117206145439763278","error":""},"_links":{"self":[{"href":"https:\/\/www.europesays.com\/no\/wp-json\/wp\/v2\/posts\/342515","targetHints":{"allow":["GET"]}}],"collection":[{"href":"https:\/\/www.europesays.com\/no\/wp-json\/wp\/v2\/posts"}],"about":[{"href":"https:\/\/www.europesays.com\/no\/wp-json\/wp\/v2\/types\/post"}],"author":[{"embeddable":true,"href":"https:\/\/www.europesays.com\/no\/wp-json\/wp\/v2\/users\/2"}],"replies":[{"embeddable":true,"href":"https:\/\/www.europesays.com\/no\/wp-json\/wp\/v2\/comments?post=342515"}],"version-history":[{"count":0,"href":"https:\/\/www.europesays.com\/no\/wp-json\/wp\/v2\/posts\/342515\/revisions"}],"wp:featuredmedia":[{"embeddable":true,"href":"https:\/\/www.europesays.com\/no\/wp-json\/wp\/v2\/media\/342516"}],"wp:attachment":[{"href":"https:\/\/www.europesays.com\/no\/wp-json\/wp\/v2\/media?parent=342515"}],"wp:term":[{"taxonomy":"category","embeddable":true,"href":"https:\/\/www.europesays.com\/no\/wp-json\/wp\/v2\/categories?post=342515"},{"taxonomy":"post_tag","embeddable":true,"href":"https:\/\/www.europesays.com\/no\/wp-json\/wp\/v2\/tags?post=342515"}],"curies":[{"name":"wp","href":"https:\/\/api.w.org\/{rel}","templated":true}]}}