{"id":342517,"date":"2026-09-03T08:23:21","date_gmt":"2026-09-03T08:23:21","guid":{"rendered":"https:\/\/www.europesays.com\/no\/342517\/"},"modified":"2026-09-03T08:23:21","modified_gmt":"2026-09-03T08:23:21","slug":"politi-dyroy-forskanset-seg-med-vapen-na-har-politiet-fatt-kontakt","status":"publish","type":"post","link":"https:\/\/www.europesays.com\/no\/342517\/","title":{"rendered":"Politi, Dyr\u00f8y | Forskanset seg med v\u00e5pen \u2013 n\u00e5 har politiet f\u00e5tt kontakt"},"content":{"rendered":"\n<p>(<a href=\"https:\/\/www.nordlys.no\/politiets-beskjed-vi-er-her-for-a-hjelpe\/s\/80-34-1548\" rel=\"Follow nofollow noopener\" target=\"_blank\">Nordlys)<\/a> Sent onsdag kveld har politiet oppn\u00e5dd kontakt med mannen som har forskanset seg i sin bolig p\u00e5 Dyr\u00f8ya.\u00a0<\/p>\n<p>Det forteller operasjonsleder Eirik Kileng til Nordlys.<\/p>\n<p>\u2013 Vi har hatt kontakt og en dialog. Per n\u00e5 foreligger det ingen l\u00f8sning p\u00e5 situasjonen, men vi jobber med saken, sier han.<\/p>\n<p><b>Torsdag morgen skriver politiet at situasjonen er uforandret. <\/b><\/p>\n<p>N\u00f8yaktig hva som ble sagt mellom partene onsdag vil ikke Kileng g\u00e5 inn p\u00e5.<\/p>\n<p>Politiet er imidlertid innstilt p\u00e5 \u00e5 holde aksjonen g\u00e5ende gjennom kvelden og natta.\u00a0<\/p>\n<p>\u2013 Vi har rotert mannskapet og fors\u00f8ker \u00e5 l\u00f8se dette p\u00e5 lempeligste m\u00e5te, sier Kileng.\u00a0<\/p>\n<p>Politiets hovedm\u00e5lsetting er \u00e5 l\u00f8se situasjonen uten at det brukes makt.<\/p>\n<p><b>Les ogs\u00e5: <a class=\"simple-relation related-teaser article--c-eBQpMJ\" href=\"https:\/\/www.nettavisen.no\/nyheter\/har-skutt-mot-politiet\/s\/80-95-47504\" rel=\"nofollow noopener\" target=\"_blank\">Har skutt mot politiet<\/a><\/b><\/p>\n<p>Skiftet ut mannskapene<\/p>\n<p>Tidligere onsdag ettermiddag sa politiet at de jobbet med \u00e5 f\u00e5 i gang kommunikasjon med mannen.<\/p>\n<p>Da drev politiet med mannskapsrotasjon. Blant annet ankom et politihelikopter fra Bod\u00f8 med nye mannskaper, samtidig som en krisegisselforhandler s\u00f8rfra hadde kommet til stede.<\/p>\n<p>\u2013 H\u00e5pet er at vi kommer ordentlig i kontakt med mannen og finner ut hva han vil og hvordan vi skal l\u00f8se det, sier Roy Nagel-Stangnes, politiets innsatsleder p\u00e5 stedet, i 17-tiden onsdag.<\/p>\n<p>Politiet er innstilt p\u00e5 at det enn\u00e5 kan ta tid \u00e5 l\u00f8se den fastl\u00e5ste situasjonen.\u00a0<\/p>\n<p>\u2013 Vi er rigget for \u00e5 st\u00e5 i dette i minst ett d\u00f8gn til.<\/p>\n<p>    Vil du se neste video?<\/p>\n<p>    <a href=\"https:\/\/www.nettavisen.no\/nyheter\/statsminister-jonas-gahr-store-svarer-frustrert-dieselkunde-og-traktorsjafor\/v\/80-95-33380\" class=\"recommend-poster\" data-adp-clicklabel=\"video-recommend\" data-adp-clickvalue=\"poster\" rel=\"nofollow noopener\" target=\"_blank\"><br \/>\n      <img decoding=\"async\" width=\"200\" height=\"200\" loading=\"lazy\" src=\"https:\/\/www.europesays.com\/no\/wp-content\/uploads\/2026\/09\/1788423801_332_Jonas Gahr St\u00f8re bredde.jpg\" alt=\"\" class=\"brick-c-cFOWSL\" style=\"--brick-image-ratio: 200 \/ 200;\"\/><\/p>\n<p>Svarer lei traktorsja\u030af\u00f8r1:26<\/p>\n<p>    <\/a><\/p>\n<p><b>Les ogs\u00e5: <a class=\"simple-relation related-teaser article--c-eBQpMJ\" href=\"https:\/\/www.nettavisen.no\/nyheter\/stor-politiaksjon-i-troms-patrulje-truet\/s\/80-95-47198\" rel=\"nofollow noopener\" target=\"_blank\">Stor politiaksjon i Troms: Patrulje truet<\/a><\/b><\/p>\n<p>Vil hjelpe<\/p>\n<p>Politiet har f\u00f8lgende beskjed som mannen som befinner seg inne i huset.\u00a0<\/p>\n<p>\u2013 Vi \u00f8nsker \u00e5 formidle et tydelig budskap til ham, hvis han h\u00f8rer dette: Vi er her for \u00e5 hjelpe. Vi er her for \u00e5 samarbeide. Vi oppfordrer ham til \u00e5 ta kontakt med politiet, s\u00e5 finner vi en l\u00f8sning som er god for ham og god for oss, sier Nagel-Stangnes.<\/p>\n<p>Han forteller at politiet har god kontroll p\u00e5 hvor mannen er.\u00a0<\/p>\n<p>\u2013 Vi har bekreftelse p\u00e5 at det fortsatt er v\u00e5pen i huset, og at han er n\u00e6rt dem til enhver tid.<\/p>\n<p>    Vil du se neste video?<\/p>\n<p>    <a href=\"https:\/\/www.nettavisen.no\/nyheter\/statsminister-jonas-gahr-store-svarer-frustrert-dieselkunde-og-traktorsjafor\/v\/80-95-33380\" class=\"recommend-poster\" data-adp-clicklabel=\"video-recommend\" data-adp-clickvalue=\"poster\" rel=\"nofollow noopener\" target=\"_blank\"><br \/>\n      <img decoding=\"async\" width=\"200\" height=\"200\" loading=\"lazy\" src=\"https:\/\/www.europesays.com\/no\/wp-content\/uploads\/2026\/09\/1788423801_332_Jonas Gahr St\u00f8re bredde.jpg\" alt=\"\" class=\"brick-c-cFOWSL\" style=\"--brick-image-ratio: 200 \/ 200;\"\/><\/p>\n<p>Svarer lei traktorsja\u030af\u00f8r1:26<\/p>\n<p>    <\/a><\/p>\n<p><b>Les ogs\u00e5: <a class=\"simple-relation related-teaser article--c-eBQpMJ\" href=\"https:\/\/www.nettavisen.no\/nyheter\/skjot-mot-politiet-sperrer-av-storre-omrade-pa-dyroya\/s\/80-95-47903\" rel=\"nofollow noopener\" target=\"_blank\">Skj\u00f8t mot politiet \u2013 sperrer av st\u00f8rre omr\u00e5de<\/a><\/b><\/p>\n<p>L\u00f8snet skudd<\/p>\n<p>Mannen har allerede l\u00f8snet skudd \u00e9n gang. Det skjedde under aksjonen natt til onsdag.\u00a0<\/p>\n<p>\u2013 Jeg har ikke alle detaljene p\u00e5 det, men jeg kan bekrefte at det har blitt l\u00f8snet et skudd fra huset. Det skjedde i natt, og det var m\u00f8rkt. Det er en \u00e5rsak til at vi behandler dette som vi gj\u00f8r og har forholdsregler for ikke \u00e5 pushe p\u00e5 noe som skal bli farlig for oss \u2013 eller han som er p\u00e5 innsiden, og som vi \u00f8nsker \u00e5 hjelpe, sier Nagel-Stangnes.<\/p>\n","protected":false},"excerpt":{"rendered":"(Nordlys) Sent onsdag kveld har politiet oppn\u00e5dd kontakt med mannen som har forskanset seg i sin bolig p\u00e5&hellip;\n","protected":false},"author":2,"featured_media":342518,"comment_status":"","ping_status":"","sticky":false,"template":"","format":"standard","meta":{"footnotes":"","_share_on_mastodon":"0"},"categories":[5],"tags":[20,21,24,25,15,19,22,23,17,18,13,30,28,29,14,16,26,27],"class_list":["post-342517","post","type-post","status-publish","format-standard","has-post-thumbnail","category-overskrifter","tag-breaking-news","tag-breakingnews","tag-featured-news","tag-featurednews","tag-headlines","tag-hovedoppslag","tag-latest-news","tag-latestnews","tag-main-news","tag-mainnews","tag-news","tag-no","tag-norge","tag-norway","tag-nyheter","tag-overskrifter","tag-top-stories","tag-topstories"],"share_on_mastodon":{"url":"https:\/\/pubeurope.com\/@no\/117206149476588603","error":""},"_links":{"self":[{"href":"https:\/\/www.europesays.com\/no\/wp-json\/wp\/v2\/posts\/342517","targetHints":{"allow":["GET"]}}],"collection":[{"href":"https:\/\/www.europesays.com\/no\/wp-json\/wp\/v2\/posts"}],"about":[{"href":"https:\/\/www.europesays.com\/no\/wp-json\/wp\/v2\/types\/post"}],"author":[{"embeddable":true,"href":"https:\/\/www.europesays.com\/no\/wp-json\/wp\/v2\/users\/2"}],"replies":[{"embeddable":true,"href":"https:\/\/www.europesays.com\/no\/wp-json\/wp\/v2\/comments?post=342517"}],"version-history":[{"count":0,"href":"https:\/\/www.europesays.com\/no\/wp-json\/wp\/v2\/posts\/342517\/revisions"}],"wp:featuredmedia":[{"embeddable":true,"href":"https:\/\/www.europesays.com\/no\/wp-json\/wp\/v2\/media\/342518"}],"wp:attachment":[{"href":"https:\/\/www.europesays.com\/no\/wp-json\/wp\/v2\/media?parent=342517"}],"wp:term":[{"taxonomy":"category","embeddable":true,"href":"https:\/\/www.europesays.com\/no\/wp-json\/wp\/v2\/categories?post=342517"},{"taxonomy":"post_tag","embeddable":true,"href":"https:\/\/www.europesays.com\/no\/wp-json\/wp\/v2\/tags?post=342517"}],"curies":[{"name":"wp","href":"https:\/\/api.w.org\/{rel}","templated":true}]}}