{"id":342521,"date":"2026-09-03T08:28:41","date_gmt":"2026-09-03T08:28:41","guid":{"rendered":"https:\/\/www.europesays.com\/no\/342521\/"},"modified":"2026-09-03T08:28:41","modified_gmt":"2026-09-03T08:28:41","slug":"store-demonstrasjoner-i-ceuta-etter-migrantkrisen-2","status":"publish","type":"post","link":"https:\/\/www.europesays.com\/no\/342521\/","title":{"rendered":"Store demonstrasjoner i Ceuta etter migrantkrisen"},"content":{"rendered":"<p class=\"extendedContent hyperion-css-eyn926\" data-test-tag=\"lead-text\">Flere tusen innbyggere i den spanske enklaven Ceuta demonstrerte onsdag mot h\u00e5ndteringen av migrantkrisen i juli. Flere krever at statsminister Pedro S\u00e1nchez g\u00e5r av.<\/p>\n<p>Flere tusen innbyggere i den spanske enklaven Ceuta demonstrerte onsdag mot h\u00e5ndteringen av migrantkrisen i juli.<\/p>\n<p>1 av 2Foto: Francis Gonz\u00e1lez \/ AP \/ NTB<\/p>\n<p>Publisert: 03.09.2026 06:06<\/p>\n<p class=\"paywall hyperion-css-1j42uic\">Demonstrantene er blant annet misforn\u00f8yde med myndighetenes h\u00e5ndtering av migrantkrisen, etter at over 70.000 migranter ankom Ceuta fra Marokko i slutten av juli.<\/p>\n<p class=\"paywall hyperion-css-1j42uic\">Lokalbefolkningen har ogs\u00e5 tidligere arrangert flere demonstrasjoner i protest mot det enkelte av dem kaller \u00abinntrengere\u00bb.<\/p>\n<p>Angrep p\u00e5 leir<\/p>\n<p class=\"paywall hyperion-css-1j42uic\">Fortsatt befinner opp mot 5000 av migrantene seg i den spanske enklaven. Flere av demonstrantene krever at statsminister Pedro S\u00e1nchez m\u00e5 g\u00e5 av, og mange krever at migrantene sendes tilbake til sine opprinnelsesland eller fordeles rundt om i Spania.<\/p>\n<p class=\"paywall hyperion-css-1j42uic\">Migrantenes tilstedev\u00e6relse har utl\u00f8st n\u00e6rmest daglige demonstrasjoner mot den spanske regjeringens h\u00e5ndtering av krisen.<\/p>\n<p class=\"paywall hyperion-css-1j42uic\">Under de seneste demonstrasjonene har ogs\u00e5 en midlertidig leir for migranter ved stranden El Trampolin blitt angrepet. Det har ogs\u00e5 v\u00e6rt flere p\u00e5gripelser av marokkanske statsborgere som kastet stein og flasker mot h\u00e6rens patruljer.<\/p>\n<p>Avviser p\u00e5stander<\/p>\n<p class=\"paywall hyperion-css-1j42uic\">Den plutselige tilstr\u00f8mningen av titusener av migranter til Ceuta, som har rundt 84.000 innbyggere, la et enormt press p\u00e5 Ceutas ressurser og skapte sinne blant mange innbyggere.<\/p>\n<p class=\"paywall hyperion-css-1j42uic\">Lokale myndigheter hevder at Spanias sentralregjering ignorerte advarselstegnene f\u00f8r grensen ble brutt, men spanske myndigheter har avvist p\u00e5standen.<\/p>\n<p class=\"paywall hyperion-css-1j42uic\">Denne uken satte den spanske regjeringen av 309 millioner euro til \u00e5 st\u00f8tte byens sosialtjenester, med s\u00e6rlig vekt p\u00e5 innkvartering av migranter, \u00f8konomi og sikkerhet.<\/p>\n<p>Demonstrasjoner i flere byer<\/p>\n<p class=\"paywall hyperion-css-1j42uic\">Det er ikke kjent hva som utl\u00f8ste den massive grensepasseringen, som regjeringen mener ble drevet fram av en kampanje i sosiale medier.<\/p>\n<p class=\"paywall hyperion-css-1j42uic\">Krisen satte Schengen-samarbeidet p\u00e5 pr\u00f8ve, der blant annet Italia og Danmark rettet kritikk mot Spania for ikke \u00e5 beskytte EUs yttergrense.<\/p>\n<p class=\"paywall hyperion-css-1j42uic\">Ogs\u00e5 i flere andre byer var det onsdag demonstrasjoner, blant annet i Madrid, Barcelona, Valencia, Sevilla og Bilbao.<\/p>\n","protected":false},"excerpt":{"rendered":"Flere tusen innbyggere i den spanske enklaven Ceuta demonstrerte onsdag mot h\u00e5ndteringen av migrantkrisen i juli. Flere krever&hellip;\n","protected":false},"author":2,"featured_media":342522,"comment_status":"","ping_status":"","sticky":false,"template":"","format":"standard","meta":{"footnotes":"","_share_on_mastodon":"0"},"categories":[12],"tags":[20,21,24,25,15,22,23,13,30,28,29,14,16,26,27,42,43,44,45],"class_list":["post-342521","post","type-post","status-publish","format-standard","has-post-thumbnail","category-verden","tag-breaking-news","tag-breakingnews","tag-featured-news","tag-featurednews","tag-headlines","tag-latest-news","tag-latestnews","tag-news","tag-no","tag-norge","tag-norway","tag-nyheter","tag-overskrifter","tag-top-stories","tag-topstories","tag-verden","tag-world","tag-world-news","tag-worldnews"],"share_on_mastodon":{"url":"https:\/\/pubeurope.com\/@no\/117206168607537703","error":""},"_links":{"self":[{"href":"https:\/\/www.europesays.com\/no\/wp-json\/wp\/v2\/posts\/342521","targetHints":{"allow":["GET"]}}],"collection":[{"href":"https:\/\/www.europesays.com\/no\/wp-json\/wp\/v2\/posts"}],"about":[{"href":"https:\/\/www.europesays.com\/no\/wp-json\/wp\/v2\/types\/post"}],"author":[{"embeddable":true,"href":"https:\/\/www.europesays.com\/no\/wp-json\/wp\/v2\/users\/2"}],"replies":[{"embeddable":true,"href":"https:\/\/www.europesays.com\/no\/wp-json\/wp\/v2\/comments?post=342521"}],"version-history":[{"count":0,"href":"https:\/\/www.europesays.com\/no\/wp-json\/wp\/v2\/posts\/342521\/revisions"}],"wp:featuredmedia":[{"embeddable":true,"href":"https:\/\/www.europesays.com\/no\/wp-json\/wp\/v2\/media\/342522"}],"wp:attachment":[{"href":"https:\/\/www.europesays.com\/no\/wp-json\/wp\/v2\/media?parent=342521"}],"wp:term":[{"taxonomy":"category","embeddable":true,"href":"https:\/\/www.europesays.com\/no\/wp-json\/wp\/v2\/categories?post=342521"},{"taxonomy":"post_tag","embeddable":true,"href":"https:\/\/www.europesays.com\/no\/wp-json\/wp\/v2\/tags?post=342521"}],"curies":[{"name":"wp","href":"https:\/\/api.w.org\/{rel}","templated":true}]}}