{"id":342523,"date":"2026-09-03T08:29:16","date_gmt":"2026-09-03T08:29:16","guid":{"rendered":"https:\/\/www.europesays.com\/no\/342523\/"},"modified":"2026-09-03T08:29:16","modified_gmt":"2026-09-03T08:29:16","slug":"stortinget-streik-stortingsansatte-kan-ga-ut-i-streik-fredag","status":"publish","type":"post","link":"https:\/\/www.europesays.com\/no\/342523\/","title":{"rendered":"Stortinget, Streik | Stortingsansatte kan g\u00e5 ut i streik fredag"},"content":{"rendered":"\n<p>Forhandlingene om en ny tariffavtale for de ansatte p\u00e5 Stortinget endte i brudd tidligere i sommer.<\/p>\n<p>Torsdag m\u00f8tes partene hos Riksmekleren i et siste fors\u00f8k p\u00e5 \u00e5 komme til enighet.<\/p>\n<p>Fristen g\u00e5r ut ved midnatt.<\/p>\n<p>Dersom meklingen ikke f\u00f8rer fram, kan en rekke funksjoner p\u00e5 Stortinget bli omfattet av streik fra fredag.<\/p>\n<p><b>Les ogs\u00e5: <a class=\"simple-relation related-teaser article--c-eBQpMJ\" href=\"https:\/\/www.nettavisen.no\/nyheter\/kritiserer-debattens-kongegrep-tukler-med-formatet\/s\/80-95-49847\" rel=\"nofollow noopener\" target=\"_blank\">Kritiserer \u00abDebattens\u00bb kongegrep: \u2013 Tukler med formatet <\/a><\/b><\/p>\n<p>Strid om l\u00f8nn<\/p>\n<p>If\u00f8lge Parat er det s\u00e6rlig to sp\u00f8rsm\u00e5l som skaper konflikt.<\/p>\n<p>Det ene handler om hvordan l\u00f8nn skal beregnes og fordeles. Arbeidsgiver \u00f8nsker if\u00f8lge fagforeningen \u00e5 splitte opp l\u00f8nnsmassen \u00e5 holde uorganiserte ansatte utenfor forhandlingene.<\/p>\n<p>\u2013 Vi kan selvsagt ikke akseptere et forhandlingsinstitutt hvor arbeidsgiver \u00f8ker sitt handlingsrom for hver uorganiserte ansatt de har, sier sektoransvarlig i Parat, Truls Bj\u00f8rhei.<\/p>\n<p>Partene er ogs\u00e5 uenige om hvor mye av l\u00f8nnsoppgj\u00f8ret som skal gis som generelle tillegg.<\/p>\n<p>Parat krever at en st\u00f8rre del skal g\u00e5 til alle ansatte.<\/p>\n<p>\u2013 Arbeidsgiver m\u00e5 ta innover seg at med den prisveksten vi har sett de siste \u00e5rene, er det viktigere enn noen gang \u00e5 sikre alle en l\u00f8nns\u00f8kning, sier Bj\u00f8rhei.<\/p>\n<p><b>Les ogs\u00e5: <a class=\"simple-relation related-teaser article--c-eBQpMJ\" href=\"https:\/\/www.nettavisen.no\/okonomi\/glem-oljeprisen-dette-er-grunnen-til-svindyr-diesel\/s\/80-95-48221\" rel=\"nofollow noopener\" target=\"_blank\">Svindyr diesel: \u2013\u00a0Glem oljeprisen<\/a><\/b><\/p>\n<p>Kan ramme driften<\/p>\n<p>Parat organiserer ansatte innen blant annet IT, sikkerhet, vakttjenester, komit\u00e9arbeid, restaurant og administrasjon p\u00e5 Stortinget.<\/p>\n<p>En streik kan derfor f\u00e5 konsekvenser for den daglige driften.<\/p>\n<p>Stortinget har rundt 500 ansatte.<\/p>\n<p><b>Les ogs\u00e5: <a class=\"simple-relation related-teaser article--c-eBQpMJ\" href=\"https:\/\/www.nettavisen.no\/nyheter\/partimaling-hoyre-under-15-prosent\/s\/80-95-47684\" rel=\"nofollow noopener\" target=\"_blank\">Partim\u00e5ling: H\u00f8yre under 15 prosent<\/a><\/b><\/p>\n","protected":false},"excerpt":{"rendered":"Forhandlingene om en ny tariffavtale for de ansatte p\u00e5 Stortinget endte i brudd tidligere i sommer. Torsdag m\u00f8tes&hellip;\n","protected":false},"author":2,"featured_media":342524,"comment_status":"","ping_status":"","sticky":false,"template":"","format":"standard","meta":{"footnotes":"","_share_on_mastodon":"0"},"categories":[10],"tags":[20,21,24,25,15,22,23,13,30,28,29,14,16,26,27],"class_list":["post-342523","post","type-post","status-publish","format-standard","has-post-thumbnail","category-norge","tag-breaking-news","tag-breakingnews","tag-featured-news","tag-featurednews","tag-headlines","tag-latest-news","tag-latestnews","tag-news","tag-no","tag-norge","tag-norway","tag-nyheter","tag-overskrifter","tag-top-stories","tag-topstories"],"share_on_mastodon":{"url":"https:\/\/pubeurope.com\/@no\/117206172825726083","error":""},"_links":{"self":[{"href":"https:\/\/www.europesays.com\/no\/wp-json\/wp\/v2\/posts\/342523","targetHints":{"allow":["GET"]}}],"collection":[{"href":"https:\/\/www.europesays.com\/no\/wp-json\/wp\/v2\/posts"}],"about":[{"href":"https:\/\/www.europesays.com\/no\/wp-json\/wp\/v2\/types\/post"}],"author":[{"embeddable":true,"href":"https:\/\/www.europesays.com\/no\/wp-json\/wp\/v2\/users\/2"}],"replies":[{"embeddable":true,"href":"https:\/\/www.europesays.com\/no\/wp-json\/wp\/v2\/comments?post=342523"}],"version-history":[{"count":0,"href":"https:\/\/www.europesays.com\/no\/wp-json\/wp\/v2\/posts\/342523\/revisions"}],"wp:featuredmedia":[{"embeddable":true,"href":"https:\/\/www.europesays.com\/no\/wp-json\/wp\/v2\/media\/342524"}],"wp:attachment":[{"href":"https:\/\/www.europesays.com\/no\/wp-json\/wp\/v2\/media?parent=342523"}],"wp:term":[{"taxonomy":"category","embeddable":true,"href":"https:\/\/www.europesays.com\/no\/wp-json\/wp\/v2\/categories?post=342523"},{"taxonomy":"post_tag","embeddable":true,"href":"https:\/\/www.europesays.com\/no\/wp-json\/wp\/v2\/tags?post=342523"}],"curies":[{"name":"wp","href":"https:\/\/api.w.org\/{rel}","templated":true}]}}