{"id":342531,"date":"2026-09-03T08:36:19","date_gmt":"2026-09-03T08:36:19","guid":{"rendered":"https:\/\/www.europesays.com\/no\/342531\/"},"modified":"2026-09-03T08:36:19","modified_gmt":"2026-09-03T08:36:19","slug":"kong-haralds-rolex-kan-bli-millionarv-i-kongefamilien","status":"publish","type":"post","link":"https:\/\/www.europesays.com\/no\/342531\/","title":{"rendered":"Kong Haralds Rolex kan bli millionarv i kongefamilien"},"content":{"rendered":"<p>NEW YORK (Dagbladet): Spekulasjonene g\u00e5r h\u00f8yt om hvorvidt president Donald Trump (80), visepresident J.D. Vance (42) &#8211; eller noen andre h\u00f8ytst\u00e5ende representanter for Trump-administrasjonen &#8211; kommer til \u00e5 delta i gravferden til kong Harald i Oslo, 9. september.\u00a0<\/p>\n<p class=\"font-weight-bold m-font-weight-bold\" data-lab-font_weight=\"font-weight-bold\">Samtidig sitter kongens bonus-barnebarn, Marius Borg H\u00f8iby (29), varetektsfengslet med fotlenke hjemme p\u00e5 Skaugum, men han har f\u00e5tt tillatelse til \u00e5 delta i gravferden.\u00a0<\/p>\n<p>        <img loading=\"lazy\" decoding=\"async\" src=\"https:\/\/www.europesays.com\/no\/wp-content\/uploads\/2026\/09\/1788424573_437_85096525.webp\" width=\"667\" height=\"381\" alt=\"\" class=\"\" style=\"--aspect-ratio-image: 1.75; \"\/><\/p>\n<p>\n        TIL STEDE: Marius Borg H\u00f8iby var til stede da kong Haralds kiste ble flyttet fra den R\u00f8de salong til Slottskapellet mandag. Foto: Foto: Lise \u00c5serud \/ NTB\n    <\/p>\n<p>Mandag var han til stede da kong Haralds b\u00e5re ble fraktet til Slottskapellet.\u00a0<\/p>\n<p>Dersom b\u00e5de\u00a0H\u00f8iby\u00a0og Trump, eller andre h\u00f8ytst\u00e5ende representanter for Trump-administrasjonen, dukker opp, vil det trolig kreve diplomatiske forhandlinger i forkant. Det mener tidligere Secret Service-agenter Dagbladet har snakket med.\u00a0<\/p>\n<p>    <a itemprop=\"url\" href=\"https:\/\/www.dagbladet.no\/kjendis\/dette-vet-vi-om-gravferden\/85098557\" rel=\"nofollow noopener\" target=\"_blank\"><\/p>\n<p>        <img loading=\"lazy\" decoding=\"async\" src=\"https:\/\/www.europesays.com\/no\/wp-content\/uploads\/2026\/09\/1788424574_748_85099015.webp\" width=\"180\" height=\"81\" alt=\"\" class=\"lazyload\" style=\"--aspect-ratio-image: 2.22; \"\/><\/p>\n<p>        Dette vet vi om gravferden<\/p>\n<p>    <\/a><\/p>\n<p>&#8211; Kriminelt rulleblad<\/p>\n<p>Secret Service har ansvaret for sikkerheten til amerikanske presidenter ogs\u00e5 n\u00e5r de er p\u00e5 reise i utlandet.<\/p>\n<p class=\"font-weight-bold m-font-weight-bold\" data-lab-font_weight=\"font-weight-bold\">&#8211; Dersom denne begivenheten ble holdt i USA, ville ikke noen med et kriminelt rulleblad f\u00e5tt v\u00e6re s\u00e5 n\u00e6r presidenten, men Norge er et suverent land, s\u00e5 det er opp til Norge \u00e5 bestemme, sier tidligere Secret Servic-agent Bill Gage, som n\u00e5 er direkt\u00f8r for executive protection i selskapet Safehaven Security Group, til Dagbladet.<\/p>\n<p>        BEKREFTET: Marius Borg H\u00f8iby f\u00e5r delta i kong Haralds gravferd. Video: Sanne Holt\/ Martine Aurdal. Foto: Dagbladet\/ NTB<\/p>\n<p>Det er verdt \u00e5 nevne at dommen mot H\u00f8iby er anket, og er dermed ikke rettskraftig. H\u00f8iby ble i Oslo tingrett d\u00f8mt av til fire \u00e5rs fengsel for to voldtekter av to kvinner og mishandling i n\u00e6re relasjoner, grov kroppskrenkelse og flere andre forhold.\u00a0Det er forel\u00f8pig uklart n\u00e5r en ankebehandling kan finne sted.<\/p>\n<p>&#8211; Dette framst\u00e5r som en situasjon der det kan bli diplomatiske forhandlinger mellom amerikanske og norske myndigheter for \u00e5 ivareta flere hensyn. De forhandlingene kan allerede v\u00e6re i gang, sier Gage.<\/p>\n<p>    <a itemprop=\"url\" href=\"https:\/\/www.dagbladet.no\/nyheter\/vil-holde-hoiby-i-varetekt\/85098466\" rel=\"nofollow noopener\" target=\"_blank\"><\/p>\n<p>        <img loading=\"lazy\" decoding=\"async\" src=\"https:\/\/www.europesays.com\/no\/wp-content\/uploads\/2026\/09\/1788424575_629_85098491.webp\" width=\"180\" height=\"81\" alt=\"\" class=\"lazyload\" style=\"--aspect-ratio-image: 2.22; \"\/><\/p>\n<p>        Vil holde H\u00f8iby i varetekt<\/p>\n<p>    <\/a><\/p>\n<p>&#8211; Du store min!<\/p>\n<p data-lab-font_weight=\"\">&#8211; Du store min! utbryter Paul Eckloff n\u00e5r han f\u00e5r h\u00f8re om saken rundt Borg H\u00f8iby og at han kan bli sittende inne i domkirken sammen med en Trump eller en annen h\u00f8ytst\u00e5ende amerikansk representant.<\/p>\n<p>        <img loading=\"lazy\" decoding=\"async\" src=\"https:\/\/www.europesays.com\/no\/wp-content\/uploads\/2026\/09\/1788424576_310_85100992.webp\" width=\"667\" height=\"407\" alt=\"\" class=\"\" style=\"--aspect-ratio-image: 1.64; \"\/><\/p>\n<p>\n        P\u00c5 JOBB: Dav\u00e6rende spesialagent for Secret Service, Paul Eckloff (bak), p\u00e5 jobb under et arrangement med dav\u00e6rende president, Barack Obama. Foto: Privat\n    <\/p>\n<p>Eckloff har jobbet i mange \u00e5r som spesialagent for Secret Service og har v\u00e6rt p\u00e5 oppdrag mange steder i verden b\u00e5de for dav\u00e6rende president Barack Obama og for Trump i hans f\u00f8rste periode. N\u00e5 jobber han for\u00a0LexisNexis\u00a0Risk Solutions.<\/p>\n<p class=\"font-weight-bold m-font-weight-bold\" data-lab-font_weight=\"font-weight-bold\">&#8211; Dersom dette skjedde p\u00e5 amerikansk territorium, ville det nok ha blitt vurdert annerledes. Men slik jeg forst\u00e5r saken er han en del av familien, og jeg tror ikke han utgj\u00f8r en sikkerhetsrisiko for USAs president. Derfor blir dette en politisk beslutning og en beslutning om protokoller, sier Eckloff til Dagbladet.<\/p>\n<p>Han beskriver hvordan det finnes en lang rekke regler og protokoller for hvordan gravferder som dette skal foreg\u00e5. Eckloff tror derfor en situasjon med b\u00e5de Borg H\u00f8iby og Trump i Oslo domkirke samtidig, kan l\u00f8ses.<\/p>\n<p>    <a itemprop=\"url\" href=\"https:\/\/www.dagbladet.no\/nyheter\/kan-trigge-trumps-reiselyst-til-oslo\/85091200\" rel=\"nofollow noopener\" target=\"_blank\"><\/p>\n<p>        <img loading=\"lazy\" decoding=\"async\" src=\"https:\/\/www.europesays.com\/no\/wp-content\/uploads\/2026\/09\/1788424576_314_85091356.webp\" width=\"180\" height=\"81\" alt=\"\" class=\"lazyload\" style=\"--aspect-ratio-image: 2.22; \"\/><\/p>\n<p>        &#8211; Kan trigge Trumps reiselyst til Oslo<\/p>\n<p>    <\/a><\/p>\n<p>&#8211; Man kan bruke avstand. Han trenger ikke \u00e5 sitte like ved siden av president Trump. Men selv om han gjorde det, tror jeg ikke det hadde v\u00e6rt et problem selv om det er noe som m\u00e5 vurderes, sier Eckloff og understreker at dette m\u00e5 l\u00f8ses p\u00e5 diplomatisk niv\u00e5 i forkant og ikke av agentene p\u00e5 stedet.<\/p>\n<p>        IRAN: Et sp\u00f8rsm\u00e5l om \u00e5 bruke atomv\u00e5pen i krigen mot Iran f\u00e5r Donald Trump til \u00e5 reagere kraftig. Video: AP \/ CENTCOM \/ X, reporter: Danny Son To. <\/p>\n<p>&#8211; Akseptabelt for alle  <\/p>\n<p>Professor Robert McDonald ved University of New Haven har tidligere jobbet i over 20 \u00e5r for Secret Service og er ekspert p\u00e5 den type planlegging som kreves for en begravelse av et statsoverhode. Han tror ogs\u00e5 at det allerede kan foreg\u00e5 forhandlinger knyttet til situasjonen rundt Borg H\u00f8iby.<\/p>\n<p class=\"font-weight-bold m-font-weight-bold\" data-lab-font_weight=\"font-weight-bold\">&#8211; Om hvem som skal sitte hvor og slike ting, for \u00e5 gj\u00f8re det akseptabelt for alle, sier McDonald til Dagbladet.<\/p>\n<p>Han beskriver hvordan det er omfattende prosedyrer for hvordan man foretar sikkerhetskontroller av alle som skal v\u00e6re inne i kirken, og at mulige problemer vil bli l\u00f8st i forkant.<\/p>\n<p>        <img loading=\"lazy\" decoding=\"async\" src=\"https:\/\/www.europesays.com\/no\/wp-content\/uploads\/2026\/09\/1788424577_301_85102161.webp\" width=\"667\" height=\"394\" alt=\"\" class=\"\" style=\"--aspect-ratio-image: 1.69; \"\/><\/p>\n<p>\n        EKSPERT: Professor Robert McDonald ved University of New Haven har tidligere jobbet 20 \u00e5r for Secret Service. Foto: University of New Haven\n    <\/p>\n<p class=\"font-weight-bold m-font-weight-bold\" data-lab-font_weight=\"font-weight-bold\">&#8211; B\u00e5de Secret Service og andre lands sikkerhetsorganisasjoner vil v\u00e6re i noen forhandlinger med kongefamilien eller norske myndigheter for \u00e5 fors\u00f8ke \u00e5 unng\u00e5 at noe som dette blir et tema. Dette er ikke et politisk arrangement, men en begravelse, og jeg tror alle fors\u00f8ker \u00e5 ta hensyn til det, sier McDonald.<\/p>\n<p>Trangt<\/p>\n<p>Det blir trangt opp plassen n\u00e5r kong Harald gravlegges neste uke. Kongelige, statsledere og toppdiplomater fra en rekke land ventes \u00e5 reise til Norge for \u00e5 ta farvel med kongen.<\/p>\n<p>Hvem som inviteres, besluttes av en gruppe med representanter utg\u00e5tt fra Slottet, Statsministerens kontor og Utenriksdepartementet.<\/p>\n<p class=\"font-weight-bold m-font-weight-bold\" data-lab-font_weight=\"font-weight-bold\">Dagbladet har tidligere omtalt hvordan Politiets sikkerhetstjeneste (PST) har startet forberedelsene til kong Haralds gravferd. Det kommer til \u00e5 bli det st\u00f8rste sikkerhetsopplegget i norgeshistorien.\u00a0<\/p>\n<p>    <a itemprop=\"url\" href=\"https:\/\/www.dagbladet.no\/kjendis\/disse-kommer-i-kong-haralds-gravferd\/85088682\" rel=\"nofollow noopener\" target=\"_blank\"><\/p>\n<p>        <img loading=\"lazy\" decoding=\"async\" src=\"https:\/\/www.europesays.com\/no\/wp-content\/uploads\/2026\/09\/1788424578_114_85098837.webp\" width=\"180\" height=\"81\" alt=\"\" class=\"lazyload\" style=\"--aspect-ratio-image: 2.22; \"\/><\/p>\n<p>        Disse kommer i kong Haralds gravferd<\/p>\n<p>    <\/a><\/p>\n<p>Da kong Olav ble gravlagt i 1991, ble USA representert med dav\u00e6rende visepresident Dan Quayle. Det er ogs\u00e5 mulig at visepresident Vance kommer til Oslo.\u00a0<\/p>\n<p>&#8211; Dersom Trump reiser selv versus Vance eller en annen representant, blir det et helt annet amerikansk sikkerhetsniv\u00e5, forklarer Eckloff.<\/p>\n<p>USAs president har som regel et reisef\u00f8lge p\u00e5 200-300 personer, og mange fra Secret Service og andre deler av administrasjonen vil reise i forkant for \u00e5 delta i planleggingen.\u00a0<\/p>\n<p class=\"font-weight-bold m-font-weight-bold\" data-lab-font_weight=\"font-weight-bold\">&#8211; Denne typen begravelser er spesielt vanskelige fordi de omfatter beskyttelse, diplomati, protokoll, en enorm offentlig interesse og en genuin nasjonal sorg med tradisjoner rundt dette, sier Eckloff, som selv blant annet jobbet for Secret Service under begravelsene til Nelson Mandela i S\u00f8r-Afrika og pave Johannes Paul.\u00a0<\/p>\n<p>&#8211; Secret Service vil komme med ekstraordin\u00e6re kapasiteter, men vi vet ogs\u00e5 at det er norske myndigheter som har en suveren rolle og bestemmer, sier Eckloff.<\/p>\n<p>&#8211; Flest trusler noensinne<\/p>\n<p>USA kan imidlertid komme med foresp\u00f8rsler til norske myndigheter om sikkerhetstiltak som for eksempel stengte gater, tiltak for \u00e5 finne sikre steder for myndighetspersoner \u00e5 oppholde seg og flere alternative evakueringsruter.<\/p>\n<p>&#8211; Vi vet at vi beskytter en av verdens mest beskyttede personer p\u00e5 et sted som er fylt med andre av verdens mest beskyttede folk, sier Eckloff.<\/p>\n<p>    <a itemprop=\"url\" href=\"https:\/\/www.dagbladet.no\/nyheter\/vil-sette-oslo-pa-hodet\/85088297\" rel=\"nofollow noopener\" target=\"_blank\"><\/p>\n<p>        <img loading=\"lazy\" decoding=\"async\" src=\"https:\/\/www.europesays.com\/no\/wp-content\/uploads\/2026\/09\/1788424579_282_85089066.webp\" width=\"180\" height=\"81\" alt=\"\" class=\"lazyload\" style=\"--aspect-ratio-image: 2.22; \"\/><\/p>\n<p>        &#8211; Vil sette Oslo p\u00e5 hodet<\/p>\n<p>    <\/a><\/p>\n<p>Gage forteller at Secret Service som regel bruker to uker i forkant av presidenters utenlandsturer til \u00e5 forberede turen, men at de ogs\u00e5 er i stand til \u00e5 jobbe raskere.\u00a0<\/p>\n<p>Trump er blitt truet av Iran og har ogs\u00e5 blitt utsatt for flere drapsfors\u00f8k. B\u00e5de Gage og Eckhoff p\u00e5peker at trusselniv\u00e5et mot ham er h\u00f8yere enn andre amerikanske presidenter.<\/p>\n<p class=\"font-weight-bold m-font-weight-bold\" data-lab-font_weight=\"font-weight-bold\">&#8211; Trump er den presidenten som har f\u00e5tt flest trusler noensinne i USAs historie. Ikke bare er det geopolitiske faktorer, men det er trusler som en skytter som handler alene. Det er en veldig urolig tid for landet, sier Gage.<\/p>\n<p>        KINA: Da president Donald Trump skulle m\u00f8te Kinas president Xi Jinping oppsto det bisarre scener blant pressefolkene. Video: X, Skingen\/Dagbladet<\/p>\n<p>I Oslo trekker de tidligere Secret Service-agentene fram mulige trusler som skarpskyttere, hjemmelagde eksplosiver, bilangrep og droneangrep. De forteller ogs\u00e5 at amerikanske, norske og andre lands myndigheter utveksler etterretning i forkant om mulige trusler. Sikkerhetsopplegget og de mange statslederne inneb\u00e6rer en enorm logistisk operasjon.<\/p>\n<p data-lab-font_weight=\"\">&#8211; Secret Service vil passe p\u00e5 at de samarbeider godt med norsk politi og livvakttjenester for \u00e5 s\u00f8rge for at Norge f\u00e5r et veldig h\u00f8ytidelig og respektfullt arrangement for den avd\u00f8de kongen, sier McDonald.<\/p>\n","protected":false},"excerpt":{"rendered":"NEW YORK (Dagbladet): Spekulasjonene g\u00e5r h\u00f8yt om hvorvidt president Donald Trump (80), visepresident J.D. Vance (42) &#8211; eller&hellip;\n","protected":false},"author":2,"featured_media":342532,"comment_status":"","ping_status":"","sticky":false,"template":"","format":"standard","meta":{"footnotes":"","_share_on_mastodon":"0"},"categories":[10],"tags":[20,21,24,25,15,479,26072,2590,26069,1803,22,23,13,30,28,29,14,16,26,27],"class_list":["post-342531","post","type-post","status-publish","format-standard","has-post-thumbnail","category-norge","tag-breaking-news","tag-breakingnews","tag-featured-news","tag-featurednews","tag-headlines","tag-kjendis","tag-kong-haakon","tag-kong-harald","tag-kong-harald-dod","tag-kongehuset","tag-latest-news","tag-latestnews","tag-news","tag-no","tag-norge","tag-norway","tag-nyheter","tag-overskrifter","tag-top-stories","tag-topstories"],"share_on_mastodon":{"url":"https:\/\/pubeurope.com\/@no\/117206200958412596","error":""},"_links":{"self":[{"href":"https:\/\/www.europesays.com\/no\/wp-json\/wp\/v2\/posts\/342531","targetHints":{"allow":["GET"]}}],"collection":[{"href":"https:\/\/www.europesays.com\/no\/wp-json\/wp\/v2\/posts"}],"about":[{"href":"https:\/\/www.europesays.com\/no\/wp-json\/wp\/v2\/types\/post"}],"author":[{"embeddable":true,"href":"https:\/\/www.europesays.com\/no\/wp-json\/wp\/v2\/users\/2"}],"replies":[{"embeddable":true,"href":"https:\/\/www.europesays.com\/no\/wp-json\/wp\/v2\/comments?post=342531"}],"version-history":[{"count":0,"href":"https:\/\/www.europesays.com\/no\/wp-json\/wp\/v2\/posts\/342531\/revisions"}],"wp:featuredmedia":[{"embeddable":true,"href":"https:\/\/www.europesays.com\/no\/wp-json\/wp\/v2\/media\/342532"}],"wp:attachment":[{"href":"https:\/\/www.europesays.com\/no\/wp-json\/wp\/v2\/media?parent=342531"}],"wp:term":[{"taxonomy":"category","embeddable":true,"href":"https:\/\/www.europesays.com\/no\/wp-json\/wp\/v2\/categories?post=342531"},{"taxonomy":"post_tag","embeddable":true,"href":"https:\/\/www.europesays.com\/no\/wp-json\/wp\/v2\/tags?post=342531"}],"curies":[{"name":"wp","href":"https:\/\/api.w.org\/{rel}","templated":true}]}}