{"id":342533,"date":"2026-09-03T08:37:47","date_gmt":"2026-09-03T08:37:47","guid":{"rendered":"https:\/\/www.europesays.com\/no\/342533\/"},"modified":"2026-09-03T08:37:47","modified_gmt":"2026-09-03T08:37:47","slug":"tonsberg-voldshendelse-mann-i-30-arene-skutt-i-tonsberg-politiet-sperrer-av","status":"publish","type":"post","link":"https:\/\/www.europesays.com\/no\/342533\/","title":{"rendered":"T\u00f8nsberg, Voldshendelse | Mann i 30-\u00e5rene skutt i T\u00f8nsberg \u2013 politiet sperrer av"},"content":{"rendered":"\n<p>Politiet rykket natt til torsdag ut med store styrker til Messeomr\u00e5det p\u00e5 Eik i T\u00f8nsberg etter at en mann ble skutt i brystet.<\/p>\n<p>Mannen er i 30-\u00e5rene og ble fl\u00f8yet med luftambulanse til Ullev\u00e5l sykehus. Tilstanden hans er alvorlig, men stabil, skriver <a rel=\"Follow nofollow noopener\" href=\"https:\/\/www.tb.no\/person-skutt-i-brystet\/s\/80-76-6990\" target=\"_blank\">T\u00f8nsbergs Blad<\/a>.<\/p>\n<p>Mannen skal selv ha ringt n\u00f8dtelefonen klokken 01.30 og fortalt at han var skutt.<\/p>\n<p>\u2013 Politiet jobber med informasjonsinnhenting og tekniske unders\u00f8kelser p\u00e5 stedet og i omr\u00e5det. Dersom det er noen som har h\u00f8rt smell\/skudd i messeomr\u00e5det eller i omr\u00e5det T\u00f8nsberg sentrum i tidsrommet 00:00 til 01:45 bes de ta kontakt med politiet p\u00e5 02800, sier operasjonsleder St\u00e5le Olstad Fuglaas.<\/p>\n<p>   <img decoding=\"async\" width=\"1365\" height=\"887\" fetchpriority=\"low\"  loading=\"lazy\"  src=\"https:\/\/www.europesays.com\/no\/wp-content\/uploads\/2026\/09\/Messeomr\u00e5det i T\u00f8nsberg.jpg\" alt=\"\" class=\"brick-c-cFOWSL\" style=\"--brick-image-ratio: 1365 \/ 887;\"\/><\/p>\n<p>      FLYS TIL ULLEV\u00c5L: En person er alvorlig skadet etter \u00e5 ha blitt skutt i brystet ved Messeomr\u00e5det like nord for T\u00f8nsberg sentrum.<br \/>\n      Foto: Google Maps\n    <\/p>\n<p>  Kjent av politiet<\/p>\n<p>Politiet opplyser at de ikke er bekymret for at hendelsen skal utgj\u00f8re noen fare for allmennheten.<\/p>\n<p>\u2013 Mannen er kjent av politiet fra tidligere, sier Fuglaas til T\u00f8nsbergs Blad.\u00a0<\/p>\n<p>Politiet har forel\u00f8pig ikke noen mistanke om hvem som kan ha fyrt av skuddene, eller hva som kan v\u00e6re bakgrunnen. Det er heller ikke kjent hva slags v\u00e5pen som er brukt.<\/p>\n<p>Har sperret av<\/p>\n<p>Litt f\u00f8r klokka 07.00 torsdag morgen kom politiet med f\u00f8lgende oppdatering:<\/p>\n<p>\u2013 Politiet har sperret av et omr\u00e5de ved Messeomr\u00e5det i p\u00e5vente av kriminalteknisk unders\u00f8kelse. Etterforskning fortsetter gjennom formiddagen.<\/p>\n<p>Politiet jobber ogs\u00e5 i omr\u00e5det ved sykehuset og ved mannens bolig i T\u00f8nsberg.<\/p>\n","protected":false},"excerpt":{"rendered":"Politiet rykket natt til torsdag ut med store styrker til Messeomr\u00e5det p\u00e5 Eik i T\u00f8nsberg etter at en&hellip;\n","protected":false},"author":2,"featured_media":342534,"comment_status":"","ping_status":"","sticky":false,"template":"","format":"standard","meta":{"footnotes":"","_share_on_mastodon":"0"},"categories":[5],"tags":[20,21,24,25,15,19,22,23,17,18,13,30,28,29,14,16,26,27],"class_list":["post-342533","post","type-post","status-publish","format-standard","has-post-thumbnail","category-overskrifter","tag-breaking-news","tag-breakingnews","tag-featured-news","tag-featurednews","tag-headlines","tag-hovedoppslag","tag-latest-news","tag-latestnews","tag-main-news","tag-mainnews","tag-news","tag-no","tag-norge","tag-norway","tag-nyheter","tag-overskrifter","tag-top-stories","tag-topstories"],"share_on_mastodon":{"url":"https:\/\/pubeurope.com\/@no\/117206204052331175","error":""},"_links":{"self":[{"href":"https:\/\/www.europesays.com\/no\/wp-json\/wp\/v2\/posts\/342533","targetHints":{"allow":["GET"]}}],"collection":[{"href":"https:\/\/www.europesays.com\/no\/wp-json\/wp\/v2\/posts"}],"about":[{"href":"https:\/\/www.europesays.com\/no\/wp-json\/wp\/v2\/types\/post"}],"author":[{"embeddable":true,"href":"https:\/\/www.europesays.com\/no\/wp-json\/wp\/v2\/users\/2"}],"replies":[{"embeddable":true,"href":"https:\/\/www.europesays.com\/no\/wp-json\/wp\/v2\/comments?post=342533"}],"version-history":[{"count":0,"href":"https:\/\/www.europesays.com\/no\/wp-json\/wp\/v2\/posts\/342533\/revisions"}],"wp:featuredmedia":[{"embeddable":true,"href":"https:\/\/www.europesays.com\/no\/wp-json\/wp\/v2\/media\/342534"}],"wp:attachment":[{"href":"https:\/\/www.europesays.com\/no\/wp-json\/wp\/v2\/media?parent=342533"}],"wp:term":[{"taxonomy":"category","embeddable":true,"href":"https:\/\/www.europesays.com\/no\/wp-json\/wp\/v2\/categories?post=342533"},{"taxonomy":"post_tag","embeddable":true,"href":"https:\/\/www.europesays.com\/no\/wp-json\/wp\/v2\/tags?post=342533"}],"curies":[{"name":"wp","href":"https:\/\/api.w.org\/{rel}","templated":true}]}}