{"id":342549,"date":"2026-09-03T08:52:15","date_gmt":"2026-09-03T08:52:15","guid":{"rendered":"https:\/\/www.europesays.com\/no\/342549\/"},"modified":"2026-09-03T08:52:15","modified_gmt":"2026-09-03T08:52:15","slug":"bompenger-bil-rekord-i-bompenger-2025-naf-advarer-om-spinnvill-gjeld-2","status":"publish","type":"post","link":"https:\/\/www.europesays.com\/no\/342549\/","title":{"rendered":"Bompenger, Bil | Rekord i bompenger 2025: NAF advarer om spinnvill gjeld"},"content":{"rendered":"<p> (<a href=\"https:\/\/www.nettavisen.no\" rel=\"nofollow noopener\" target=\"_blank\">Nettavisen<\/a>) <\/p>\n<p>Bilistenes bompengeregning \u00f8kte med 1,4 milliarder kroner fra 2024 til 2025, viser ferske tall fra <a href=\"https:\/\/www.autopass.no\/siteassets\/filer-og-vedlegg\/10.-arsrapporter\/2025-arsrapport-bompenger.pdf\" rel=\"Follow nofollow noopener\" target=\"_blank\">Statens vegvesen<\/a>.<\/p>\n<p>Interesseorganisasjonen NAF kaller utviklingen urovekkende.<\/p>\n<p>\u2013 Dette er spinnville tall. Folk betaler enorme summer i bompenger, og totalen \u00f8ker \u00e5r for \u00e5r. Ogs\u00e5 de neste \u00e5rene er det ventet at vi skal ut med stadig mer i bompenger. Dette er en utvikling vi er sterkt kritiske til, sier Ingunn Handagard, pressesjef i NAF i en <a href=\"https:\/\/kommunikasjon.ntb.no\/pressemelding\/19048724\/naf-bilistene-betalte-14-milliarder-mer-i-bompenger?publisherId=2126680&amp;lang=no\" rel=\"Follow nofollow noopener\" target=\"_blank\">uttalelse<\/a>.\u00a0<\/p>\n<p><b>Les ogs\u00e5: <a href=\"https:\/\/www.nettavisen.no\/okonomi\/oslo-bilister-betaler-mest-i-bompenger-516-kroner-mer-enn-de-som-betaler-minst\/s\/5-95-3134830\" rel=\"Follow nofollow noopener\" target=\"_blank\">Betaler mest bompenger av alle<\/a><\/b><\/p>\n<p>Gjeldsbombe p\u00e5 77,8 milliarder<\/p>\n<p>Det er ikke bare den \u00e5rlige regningen til bilistene som vokser \u2013 gjelden i bompengeselskapene \u00f8ker ogs\u00e5 kraftig.<\/p>\n<p>I 2024 var den samlede gjelden til bompengeselskapene p\u00e5 72 milliarder kroner. I l\u00f8pet av 2025 \u00f8kte denne med nesten seks milliarder kroner, til totalt 77,8 milliarder kroner.<\/p>\n<p>NAF advarer om at gjelden i praksis er en fremtidig regning som faller direkte p\u00e5 bilistene.<\/p>\n<p>\u2013 Alt dette m\u00e5 betales tilbake av bilistene. Politikerne som vedtar bompengefinansiering i de ulike prosjektene ser ut til \u00e5 glemme at den totale bompengegjelden som skal betales tilbake \u00f8ker kraftig \u00e5r for \u00e5r. Vi er bekymret for at de overser belastningen p\u00e5 bilistene over tid, sier Handagard.<\/p>\n<p>Flere bomstasjoner i vente<\/p>\n<p>Spennet i bompengebruken ser ikke ut til \u00e5 bremse opp med det f\u00f8rste. I tillegg til at bel\u00f8pet og gjelden \u00f8ker, har det blitt opprettet stadig flere bomstasjoner og bomringer rundt om i landet.<\/p>\n<p>NAF etterlyser n\u00e5 at politikerne tar grep for \u00e5 stoppe den \u00f8kende bompengebelastningen p\u00e5 norske husholdninger og heller prioriterer finansiering over de vanlige budsjettene.<\/p>\n","protected":false},"excerpt":{"rendered":"(Nettavisen) Bilistenes bompengeregning \u00f8kte med 1,4 milliarder kroner fra 2024 til 2025, viser ferske tall fra Statens vegvesen.&hellip;\n","protected":false},"author":2,"featured_media":342550,"comment_status":"","ping_status":"","sticky":false,"template":"","format":"standard","meta":{"footnotes":"","_share_on_mastodon":"0"},"categories":[10],"tags":[36,222,13222,6471,20,21,24,25,15,22,23,4303,13,30,28,29,14,16,572,26286,1510,26,27,224],"class_list":["post-342549","post","type-post","status-publish","format-standard","has-post-thumbnail","category-norge","tag-art","tag-bil","tag-bil-og-trafikk","tag-bompenger","tag-breaking-news","tag-breakingnews","tag-featured-news","tag-featurednews","tag-headlines","tag-latest-news","tag-latestnews","tag-naf","tag-news","tag-no","tag-norge","tag-norway","tag-nyheter","tag-overskrifter","tag-okonomi","tag-statens-vegevsen","tag-story","tag-top-stories","tag-topstories","tag-trafikk"],"share_on_mastodon":{"url":"https:\/\/pubeurope.com\/@no\/117206263453075325","error":""},"_links":{"self":[{"href":"https:\/\/www.europesays.com\/no\/wp-json\/wp\/v2\/posts\/342549","targetHints":{"allow":["GET"]}}],"collection":[{"href":"https:\/\/www.europesays.com\/no\/wp-json\/wp\/v2\/posts"}],"about":[{"href":"https:\/\/www.europesays.com\/no\/wp-json\/wp\/v2\/types\/post"}],"author":[{"embeddable":true,"href":"https:\/\/www.europesays.com\/no\/wp-json\/wp\/v2\/users\/2"}],"replies":[{"embeddable":true,"href":"https:\/\/www.europesays.com\/no\/wp-json\/wp\/v2\/comments?post=342549"}],"version-history":[{"count":0,"href":"https:\/\/www.europesays.com\/no\/wp-json\/wp\/v2\/posts\/342549\/revisions"}],"wp:featuredmedia":[{"embeddable":true,"href":"https:\/\/www.europesays.com\/no\/wp-json\/wp\/v2\/media\/342550"}],"wp:attachment":[{"href":"https:\/\/www.europesays.com\/no\/wp-json\/wp\/v2\/media?parent=342549"}],"wp:term":[{"taxonomy":"category","embeddable":true,"href":"https:\/\/www.europesays.com\/no\/wp-json\/wp\/v2\/categories?post=342549"},{"taxonomy":"post_tag","embeddable":true,"href":"https:\/\/www.europesays.com\/no\/wp-json\/wp\/v2\/tags?post=342549"}],"curies":[{"name":"wp","href":"https:\/\/api.w.org\/{rel}","templated":true}]}}