{"id":342565,"date":"2026-09-03T09:10:11","date_gmt":"2026-09-03T09:10:11","guid":{"rendered":"https:\/\/www.europesays.com\/no\/342565\/"},"modified":"2026-09-03T09:10:11","modified_gmt":"2026-09-03T09:10:11","slug":"gjester-bratt-fratatt-hotellrommet","status":"publish","type":"post","link":"https:\/\/www.europesays.com\/no\/342565\/","title":{"rendered":"Gjester br\u00e5tt fratatt hotellrommet"},"content":{"rendered":"<p class=\"kicker \" style=\"\">Kong Haralds gravferd:<\/p>\n<p class=\"subtitle \" style=\"\">Planlagte gjester ved Thon Hotel Opera m\u00e5 vike for norske myndigheter og kongens begravelse. &#8211; Har ikke diskutert kompensasjon.\u00a0<\/p>\n<p>\n    REKVIRERT: Thon Hotel Opera i Bj\u00f8rvika er et av hotellene i Oslo som skal huse myndighetspersoner under kong Haralds gravferd neste uke. Det g\u00e5r p\u00e5 bekostning av gjester som allerede har forh\u00e5ndsbestilt rom, og som n\u00e5 har f\u00e5tt overnattingen kansellert. Foto: Berit Roald \/ NTB\n  <\/p>\n<p>    Kort fortalt<\/p>\n<p lang=\"nb-NO\">Thon Hotel Opera avlyser ordin\u00e6re hotellopphold 6.\u201310. september.<\/p>\n<p lang=\"nb-NO\">\u00c5rsaken er rekvirering til kong Haralds begravelse.<\/p>\n<p lang=\"nb-NO\">Noen gjester mangler nytt hotell og kompensasjon.<\/p>\n<p lang=\"nb-NO\">Thon viser blant annet til h\u00f8ye sikkerhetskrav.<\/p>\n<p class=\"italic ai-disclaimer\" data-lab-italic=\"italic\">Sammendraget er laget av ChatGPT og godkjent av B\u00f8rsen.<\/p>\n<p>      Vis mer<br \/>\n      Vis mindre<\/p>\n<p>I tida etter kong Haralds bortgang, har planlagte gjester ved Thon Hotel Opera i Oslo p\u00e5 kort varsel f\u00e5tt beskjed om at deres fremtidige opphold er kansellert.\u00a0<\/p>\n<p>\u00ab(&#8230;) \u00c5rsaken til kanselleringen er at hotellet i sin helhet er rekvirert av norske myndigheter fra 6. til 10. september, i forbindelse med begravelsen til Hans Majestet Kong Harald. Vi forst\u00e5r at dette kan medf\u00f8re betydelige ulemper, og vi beklager oppriktig situasjonen\u00bb,\u00a0heter det i en e-post til en av de ber\u00f8rte gjestene, som B\u00f8rsen har sett. <\/p>\n<p>        <img loading=\"lazy\" decoding=\"async\" src=\"https:\/\/www.europesays.com\/no\/wp-content\/uploads\/2026\/09\/85104213.webp\" width=\"688\" height=\"393\" alt=\"\" class=\"\" style=\"--aspect-ratio-image: 1.75; \"\/><\/p>\n<p>\n        SENTRALT: Thon Hotel Opera ligger sv\u00e6rt sentralt til i Bj\u00f8rvika. Foto: H\u00e5kon Mosvold Larsen\n    <\/p>\n<p class=\"font-weight-bold m-font-weight-bold\" data-lab-font_weight=\"font-weight-bold\">Kanselleringen har skapt frustrasjon hos enkelte som ikke skal ha f\u00e5tt tilbud om et annet overnattingsalternativ, ei heller noen form for kompensasjon.\u00a0<\/p>\n<p> \u00abDessverre er hotellkapasiteten i Oslo sv\u00e6rt begrenset i denne perioden. Som f\u00f8lge av dette har vi ikke anledning til \u00e5 tilby alternativ overnatting ved et annet hotell. Dersom rom skulle bli tilgjengelige ved noen av v\u00e5re hoteller, vil disse bli lagt ut for bestilling p\u00e5 thonhotels.com\u00bb, heter det videre.<\/p>\n<p>        Tips oss i denne saken<\/p>\n<p class=\"subtitle\">Har du tips eller opplysninger om denne saken? Skriv gjerne til meg her:<\/p>\n<p>&#8211; M\u00e5 dessverre kansellere\t<\/p>\n<p>Overfor B\u00f8rsen bekrefter konserndirekt\u00f8r ved Thon Hotels, Morten Thorvaldsen, at hotellet har m\u00e5ttet kansellere planlagte opphold.<\/p>\n<p class=\"font-weight-bold m-font-weight-bold\" data-lab-font_weight=\"font-weight-bold\">&#8211; Jeg kan bekrefte at hotellet er rekvirert, og da m\u00e5 vi forholde oss til det. Vi pr\u00f8ver \u00e5 flytte gjester der vi kan, men noen m\u00e5 vi dessverre kansellere.\u00a0<\/p>\n<p>    <a itemprop=\"url\" href=\"https:\/\/borsen.dagbladet.no\/nyheter\/sarkofagen-er-klar\/85101199\" rel=\"nofollow noopener\" target=\"_blank\"><\/p>\n<p>        <img loading=\"lazy\" decoding=\"async\" src=\"https:\/\/www.europesays.com\/no\/wp-content\/uploads\/2026\/09\/85101227.webp\" width=\"180\" height=\"81\" alt=\"\" class=\"lazyload\" style=\"--aspect-ratio-image: 2.22; \"\/><\/p>\n<p>        Sarkofagen er klar<\/p>\n<p>    <\/a><\/p>\n<p>Thorvaldsen vil ikke si hvilken myndighet som har krevd hotellet til dispensasjon i nevnte tidsperiode. Han vil heller ikke uttale seg om antall ber\u00f8rte gjester eller om situasjonen gjelder flere av kjedens hoteller i hovedstaden.<\/p>\n<p>&#8211; Det kan jeg ikke si noe om.\u00a0<\/p>\n<p>&#8211; Forst\u00e5r frustrasjonen\t<\/p>\n<p> N\u00e5r kong Harald stedes til hvile f\u00f8rstkommende onsdag, vil det komme et stort antall gjester fra Norge og verden for \u00f8vrig. Hotellkapasiteten i Oslo er med andre ord sprengt. \u00a0<\/p>\n<p class=\"italic m-italic\" data-lab-italic=\"italic\">&#8211; F\u00e5r<br \/>\ngjestene dekket eventuelle merkostnader dersom de selv m\u00e5 finne et\u00a0 dyrere<br \/>\nalternativ?<\/p>\n<p>    <a itemprop=\"url\" href=\"https:\/\/borsen.dagbladet.no\/nyheter\/klar-beskjed-til-kong-haakon\/85087640\" rel=\"nofollow noopener\" target=\"_blank\"><\/p>\n<p>        <img loading=\"lazy\" decoding=\"async\" src=\"https:\/\/www.europesays.com\/no\/wp-content\/uploads\/2026\/09\/1788426611_927_85089973.webp\" width=\"180\" height=\"81\" alt=\"\" class=\"lazyload\" style=\"--aspect-ratio-image: 2.22; \"\/><\/p>\n<p>        Klar beskjed til kong Haakon<\/p>\n<p>    <\/a><\/p>\n<p class=\"no_italic m-no_italic\" data-lab-italic=\"\">&#8211; Vi har ikke diskutert en kompensasjon. Majoriteten f\u00e5r tilbud om et annet alternativ, og det er viktig \u00e5 f\u00e5 fram at dette er en situasjon som gjestene i all hovedsak har forst\u00e5else for. Samtidig har vi forst\u00e5else for at det kan oppst\u00e5 frustrasjon, og gj\u00f8r derfor alt vi kan for \u00e5 hjelpe folk, sier Thorvaldsen, og legger til:<\/p>\n<p class=\"no_italic m-no_italic\" data-lab-italic=\"\">&#8211; N\u00e5r gravferden finner sted, vil sikkerheten v\u00e6re h\u00f8y, og vi m\u00e5 gj\u00f8re det vi kan for \u00e5 bidra til en verdig gravferd med alt det inneb\u00e6rer. Det h\u00e5per jeg folk har forst\u00e5else for.\u00a0<\/p>\n","protected":false},"excerpt":{"rendered":"Kong Haralds gravferd: Planlagte gjester ved Thon Hotel Opera m\u00e5 vike for norske myndigheter og kongens begravelse. &#8211;&hellip;\n","protected":false},"author":2,"featured_media":342566,"comment_status":"","ping_status":"","sticky":false,"template":"","format":"standard","meta":{"footnotes":"","_share_on_mastodon":"0"},"categories":[5],"tags":[20,21,24,25,15,1097,19,26069,22,23,17,18,13,30,28,29,14,636,16,18368,26,27],"class_list":["post-342565","post","type-post","status-publish","format-standard","has-post-thumbnail","category-overskrifter","tag-breaking-news","tag-breakingnews","tag-featured-news","tag-featurednews","tag-headlines","tag-hotell","tag-hovedoppslag","tag-kong-harald-dod","tag-latest-news","tag-latestnews","tag-main-news","tag-mainnews","tag-news","tag-no","tag-norge","tag-norway","tag-nyheter","tag-oslo","tag-overskrifter","tag-thon-hotels","tag-top-stories","tag-topstories"],"share_on_mastodon":{"url":"https:\/\/pubeurope.com\/@no\/117206334107105331","error":""},"_links":{"self":[{"href":"https:\/\/www.europesays.com\/no\/wp-json\/wp\/v2\/posts\/342565","targetHints":{"allow":["GET"]}}],"collection":[{"href":"https:\/\/www.europesays.com\/no\/wp-json\/wp\/v2\/posts"}],"about":[{"href":"https:\/\/www.europesays.com\/no\/wp-json\/wp\/v2\/types\/post"}],"author":[{"embeddable":true,"href":"https:\/\/www.europesays.com\/no\/wp-json\/wp\/v2\/users\/2"}],"replies":[{"embeddable":true,"href":"https:\/\/www.europesays.com\/no\/wp-json\/wp\/v2\/comments?post=342565"}],"version-history":[{"count":0,"href":"https:\/\/www.europesays.com\/no\/wp-json\/wp\/v2\/posts\/342565\/revisions"}],"wp:featuredmedia":[{"embeddable":true,"href":"https:\/\/www.europesays.com\/no\/wp-json\/wp\/v2\/media\/342566"}],"wp:attachment":[{"href":"https:\/\/www.europesays.com\/no\/wp-json\/wp\/v2\/media?parent=342565"}],"wp:term":[{"taxonomy":"category","embeddable":true,"href":"https:\/\/www.europesays.com\/no\/wp-json\/wp\/v2\/categories?post=342565"},{"taxonomy":"post_tag","embeddable":true,"href":"https:\/\/www.europesays.com\/no\/wp-json\/wp\/v2\/tags?post=342565"}],"curies":[{"name":"wp","href":"https:\/\/api.w.org\/{rel}","templated":true}]}}