{"id":342591,"date":"2026-09-03T09:42:25","date_gmt":"2026-09-03T09:42:25","guid":{"rendered":"https:\/\/www.europesays.com\/no\/342591\/"},"modified":"2026-09-03T09:42:25","modified_gmt":"2026-09-03T09:42:25","slug":"her-er-26-minutter-fra-gta-vi","status":"publish","type":"post","link":"https:\/\/www.europesays.com\/no\/342591\/","title":{"rendered":"Her er 26 minutter fra \u00abGTA VI\u00bb"},"content":{"rendered":"<p>                            Vi ser at du liker det vi gj\u00f8r!<\/p>\n<p style=\"color: var(--text-secondary-color); font-size: 1rem; margin-bottom: 20px; line-height: 1.5; max-width: 600px; margin-left: auto; margin-right: auto;\">\n                    Du har slukt over 30 artikler hos oss denne m\u00e5neden. PressFire er avhengig av engasjerte lesere som deg. Hvis du har mulighet, vurder \u00e5 st\u00f8tte oss \u2013 s\u00e5 f\u00e5r du mer innhold, og slipper masing og reklame ogs\u00e5!\n                <\/p>\n<p>                <a href=\"https:\/\/www.pressfire.no\/premium\" class=\"widget-button primary\" style=\"display: inline-block; padding: 12px 24px; font-size: 16px;\" rel=\"nofollow noopener\" target=\"_blank\">St\u00f8tt PressFire<\/a><\/p>\n<p>(PressFire.no): Den store \u00abGTA VI\u00bb-avsl\u00f8ringen har rullet og g\u00e5tt p\u00e5 Netflix, og vi fikk servert 26 minutter med akkurat det vi forventet.<\/p>\n<p>Stor \u00e5pen verden, shoot outs, biljakter, et enormt persongalleri og et ekstremt detaljniv\u00e5.<\/p>\n<p>Vi fikk se Jason og Lucia i det de ranet butikker, bes\u00f8kte drug lords og kj\u00f8rte fra politiet \u2013 det virker litt som at du kan rane alle butikker n\u00e5r du f\u00f8ler for det.<\/p>\n<p>Du kan hoppe mellom hvem i tospannet du vil styre n\u00e5r som helst, og de kan ogs\u00e5 m\u00f8tes for \u00e5 gj\u00f8re ting sammen.<\/p>\n<p>Det ble vist frem mer enn nok til \u00e5 ramse opp i timesvis, s\u00e5 hvorfor ikke se den selv:<\/p>\n","protected":false},"excerpt":{"rendered":"Vi ser at du liker det vi gj\u00f8r! Du har slukt over 30 artikler hos oss denne m\u00e5neden.&hellip;\n","protected":false},"author":2,"featured_media":342592,"comment_status":"","ping_status":"","sticky":false,"template":"","format":"standard","meta":{"footnotes":"","_share_on_mastodon":"0"},"categories":[57],"tags":[30,28,29,65,63,64,66,70,69,67,68],"class_list":["post-342591","post","type-post","status-publish","format-standard","has-post-thumbnail","category-vitenskap-og-teknologi","tag-no","tag-norge","tag-norway","tag-science","tag-science-and-technology","tag-scienceandtechnology","tag-technology","tag-teknologi","tag-vitenskap","tag-vitenskap-og-teknologi","tag-vitenskapteknologi"],"share_on_mastodon":{"url":"https:\/\/pubeurope.com\/@no\/117206459510121698","error":""},"_links":{"self":[{"href":"https:\/\/www.europesays.com\/no\/wp-json\/wp\/v2\/posts\/342591","targetHints":{"allow":["GET"]}}],"collection":[{"href":"https:\/\/www.europesays.com\/no\/wp-json\/wp\/v2\/posts"}],"about":[{"href":"https:\/\/www.europesays.com\/no\/wp-json\/wp\/v2\/types\/post"}],"author":[{"embeddable":true,"href":"https:\/\/www.europesays.com\/no\/wp-json\/wp\/v2\/users\/2"}],"replies":[{"embeddable":true,"href":"https:\/\/www.europesays.com\/no\/wp-json\/wp\/v2\/comments?post=342591"}],"version-history":[{"count":0,"href":"https:\/\/www.europesays.com\/no\/wp-json\/wp\/v2\/posts\/342591\/revisions"}],"wp:featuredmedia":[{"embeddable":true,"href":"https:\/\/www.europesays.com\/no\/wp-json\/wp\/v2\/media\/342592"}],"wp:attachment":[{"href":"https:\/\/www.europesays.com\/no\/wp-json\/wp\/v2\/media?parent=342591"}],"wp:term":[{"taxonomy":"category","embeddable":true,"href":"https:\/\/www.europesays.com\/no\/wp-json\/wp\/v2\/categories?post=342591"},{"taxonomy":"post_tag","embeddable":true,"href":"https:\/\/www.europesays.com\/no\/wp-json\/wp\/v2\/tags?post=342591"}],"curies":[{"name":"wp","href":"https:\/\/api.w.org\/{rel}","templated":true}]}}