{"id":342615,"date":"2026-09-03T10:13:16","date_gmt":"2026-09-03T10:13:16","guid":{"rendered":"https:\/\/www.europesays.com\/no\/342615\/"},"modified":"2026-09-03T10:13:16","modified_gmt":"2026-09-03T10:13:16","slug":"wmo-arets-el-nino-kan-bli-den-kraftigste-siden-malingene-begynte","status":"publish","type":"post","link":"https:\/\/www.europesays.com\/no\/342615\/","title":{"rendered":"WMO: \u00c5rets El Ni\u00f1o kan bli den kraftigste siden m\u00e5lingene begynte"},"content":{"rendered":"<p class=\"kicker t16 tm16 font-NotoSans\" style=\"\">Verden<\/p>\n<p class=\"subtitle t21 font-NotoSans\" style=\"\">V\u00e6rfenomenet El Ni\u00f1o vil bli \u00abveldig kraftig\u00bb de neste m\u00e5nedene, advarer Verdens meteorologiorganisasjon (WMO).<\/p>\n<p>\n        FIL &#8211; Utslipp fra et kullkraftverk er silhuett mot den nedg\u00e5ende solen i Kansas City, Missouri.<br \/>\n        Charlie Riedel\n    <\/p>\n<p>I en uttalelse sier FN-organisasjonen at El Ni\u00f1o vil ha stor p\u00e5virkning p\u00e5 nedb\u00f8r og temperaturm\u00f8nstre, noe som i sin tur \u00f8ker risikoen for flom, t\u00f8rke og ekstrem hete.<\/p>\n<p>\u00c5rets El Ni\u00f1o kan bli den kraftigste siden overv\u00e5kingen av slike v\u00e6rfenomener begynte for 40 \u00e5r siden, if\u00f8lge WMO-sjef Celeste Saulo.<\/p>\n<p>\u2013 T\u00f8rke og flommer<\/p>\n<p>\u2013 Vi ser allerede forstyrrelser og \u00f8deleggelser som f\u00f8lge av t\u00f8rke og flommer, og vi venter at disse effektene forsterker seg etter hvert som El Ni\u00f1o intensiveres, sa Saulo, p\u00e5 en pressekonferanse i Gen\u00e8ve torsdag.<\/p>\n<p>El Ni\u00f1o er et naturlig fenomen som oppst\u00e5r med noen \u00e5rs mellomrom. Utgangspunktet er uvanlig varmt vann i Stillehavet, men konsekvensene kan spre seg over store deler av verden.<\/p>\n<p>Blant annet pleier El Ni\u00f1o \u00e5 gi temperaturene et midlertidig l\u00f8ft \u2013 noe som kommer p\u00e5 toppen av den globale oppvarmingen.<\/p>\n<p>\u2013 Ukjent farvann<\/p>\n<p>\u2013 Vitenskapen etterlater ingen tvil: Planeten er i ukjent farvann, og det farvannet blir varmere. Havoverflaten blir varmere, temperaturene fortsetter \u00e5 stige, og verden er i faresonen for ekstremt v\u00e6r, sier FNs generalsekret\u00e6r Ant\u00f3nio Guterres i en uttalelse.<\/p>\n<p>If\u00f8lge WMO er \u00e5rets El Ni\u00f1o n\u00e5 \u00abgodt etablert\u00bb, og den mest intense fasen ventes \u00e5 bli mot slutten av \u00e5ret. Mellom september og november ventes temperaturer over normalniv\u00e5et i nesten alle verdens landomr\u00e5der.<\/p>\n<p>El Ni\u00f1o pleier blant annet \u00e5 f\u00f8re til t\u00f8rke i deler av Amazonas, Indonesia og Australia og endringer i monsunen i India.<\/p>\n","protected":false},"excerpt":{"rendered":"Verden V\u00e6rfenomenet El Ni\u00f1o vil bli \u00abveldig kraftig\u00bb de neste m\u00e5nedene, advarer Verdens meteorologiorganisasjon (WMO). FIL &#8211; Utslipp&hellip;\n","protected":false},"author":2,"featured_media":342616,"comment_status":"","ping_status":"","sticky":false,"template":"","format":"standard","meta":{"footnotes":"","_share_on_mastodon":"0"},"categories":[12],"tags":[20,21,24,25,15,22,23,13,30,28,29,14,16,26,27,42,43,44,45],"class_list":["post-342615","post","type-post","status-publish","format-standard","has-post-thumbnail","category-verden","tag-breaking-news","tag-breakingnews","tag-featured-news","tag-featurednews","tag-headlines","tag-latest-news","tag-latestnews","tag-news","tag-no","tag-norge","tag-norway","tag-nyheter","tag-overskrifter","tag-top-stories","tag-topstories","tag-verden","tag-world","tag-world-news","tag-worldnews"],"share_on_mastodon":{"url":"https:\/\/pubeurope.com\/@no\/117206581846123823","error":""},"_links":{"self":[{"href":"https:\/\/www.europesays.com\/no\/wp-json\/wp\/v2\/posts\/342615","targetHints":{"allow":["GET"]}}],"collection":[{"href":"https:\/\/www.europesays.com\/no\/wp-json\/wp\/v2\/posts"}],"about":[{"href":"https:\/\/www.europesays.com\/no\/wp-json\/wp\/v2\/types\/post"}],"author":[{"embeddable":true,"href":"https:\/\/www.europesays.com\/no\/wp-json\/wp\/v2\/users\/2"}],"replies":[{"embeddable":true,"href":"https:\/\/www.europesays.com\/no\/wp-json\/wp\/v2\/comments?post=342615"}],"version-history":[{"count":0,"href":"https:\/\/www.europesays.com\/no\/wp-json\/wp\/v2\/posts\/342615\/revisions"}],"wp:featuredmedia":[{"embeddable":true,"href":"https:\/\/www.europesays.com\/no\/wp-json\/wp\/v2\/media\/342616"}],"wp:attachment":[{"href":"https:\/\/www.europesays.com\/no\/wp-json\/wp\/v2\/media?parent=342615"}],"wp:term":[{"taxonomy":"category","embeddable":true,"href":"https:\/\/www.europesays.com\/no\/wp-json\/wp\/v2\/categories?post=342615"},{"taxonomy":"post_tag","embeddable":true,"href":"https:\/\/www.europesays.com\/no\/wp-json\/wp\/v2\/tags?post=342615"}],"curies":[{"name":"wp","href":"https:\/\/api.w.org\/{rel}","templated":true}]}}