{"id":342617,"date":"2026-09-03T10:14:10","date_gmt":"2026-09-03T10:14:10","guid":{"rendered":"https:\/\/www.europesays.com\/no\/342617\/"},"modified":"2026-09-03T10:14:10","modified_gmt":"2026-09-03T10:14:10","slug":"vestlandshallen-snur-etter-avlyst-guttavibezzz-cup","status":"publish","type":"post","link":"https:\/\/www.europesays.com\/no\/342617\/","title":{"rendered":"Vestlandshallen snur etter avlyst Guttavibezzz-cup"},"content":{"rendered":"\n<p class=\"_lead_145nj_2 _lead_6fko5_53 layout-component text-serif-m layout-normal text-serif-l layout-component layout-wide layout-padded _wide_17hqh_1 layout-padded\">Vestlandshallen avlyste f\u00f8rst TikTok-duoen Tobias Aasheim og Chris Formos fotballcup. N\u00e5 snur de etter konflikten. <\/p>\n<p><img alt=\"Tobias Aasheim og Chris Formo. Foto: Privat \/ Privat\" class=\"_image_jw3bv_65 layout-component layout-wide\" data-fullscreen- data-track-element-type=\"Article image fullscreen\" data-track-name=\"ImageFullscreen\" fetchpriority=\"high\" decoding=\"sync\" loading=\"eager\" height=\"3098\" itemprop=\"image\"  src=\"https:\/\/www.europesays.com\/no\/wp-content\/uploads\/2026\/09\/bb5aca0f-8c21-3526-8ea2-f826d7cc0e9b.jpeg\"  style=\"object-position:0% 0%\" width=\"4271\"\/>Tobias Aasheim og Chris Formo. Foto: Privat \/ Privat<\/p>\n<ul aria-hidden=\"true\" class=\"_images_ntbth_112\">\n<li><a class=\"_link_ntbth_117\" href=\"https:\/\/www.vg.no\/forfatter\/synne-sofie-christiansen-2\" style=\"z-index:1\" title=\"Synne Sofie Christiansen\" rel=\"nofollow noopener\" target=\"_blank\"><img alt=\"Bilde av Synne Sofie Christiansen\" class=\"_image_ntbth_93\" fetchpriority=\"low\" loading=\"lazy\" decoding=\"async\" itemprop=\"image\"  src=\"https:\/\/www.europesays.com\/no\/wp-content\/uploads\/2026\/09\/1788430450_786_8d683f6f-f2ba-47ca-8bcc-2db625b33cb1.jpeg\"  width=\"480\"\/><\/a><\/li>\n<\/ul>\n<p> Oppdatert torsdag 3. september kl. 11:52    <\/p>\n<ul class=\"_list_145nj_3 _list_64s2r_85 _unordered_145nj_106 text-sans-m\">\n<li class=\"_item_145nj_30\">Vestlandshallen avlyste f\u00f8rst TikTok-duoen Tobias Aasheim og Chris Formos fotballcup, men snur n\u00e5 etter konflikten.<\/li>\n<li class=\"_item_145nj_30\">Guttavibez Cup i Bergen vil derfor gjennomf\u00f8res som planlagt.<\/li>\n<li class=\"_item_145nj_30\">Duoen vil n\u00e5 ha god dialog med Vestlandshallen for \u00e5 sikre et trygt arrangement.<\/li>\n<\/ul>\n<p>Vis mer <\/p>\n<p class=\"_paragraph_145nj_4 _paragraph_6fko5_10 layout-component text-serif-m layout-normal text-serif-m layout-padded\">Det opplyser duoen i en melding til VG. <\/p>\n<p class=\"_paragraph_145nj_4 _paragraph_6fko5_10 layout-component text-serif-m layout-normal text-serif-m layout-padded\">\u2013 Samlet vurdering fra begge parter er n\u00e5 at den signerte leieavtalen er bindende. Guttavibez Cup i Bergen kommer derfor til \u00e5 bli gjennomf\u00f8rt som planlagt, skriver Formo. <\/p>\n<p class=\"_paragraph_145nj_4 _paragraph_6fko5_10 layout-component text-serif-m layout-normal text-serif-m layout-padded\">VG har f\u00e5tt dette bekreftet fra Vestlandshallen. <\/p>\n<p class=\"_paragraph_145nj_4 _paragraph_6fko5_10 layout-component text-serif-m layout-normal text-serif-m layout-padded\">Det skjer etter at Vestlandshallen tirsdag sendte ut en pressemelding der de sa at de hadde besluttet \u00e5 avslutte avtalen med duoen. <\/p>\n<p class=\"_paragraph_145nj_4 _paragraph_6fko5_10 layout-component text-serif-m layout-normal text-serif-m layout-padded\">\u2013 N\u00e5r vi n\u00e5 har f\u00e5tt kjennskap til forhold som vi mener ikke er forenlige med v\u00e5re verdier og intensjonene for virksomheten, kan vi ikke st\u00e5 inne for \u00e5 videref\u00f8re samarbeidet, skrev Vestlandshallen.<\/p>\n<p class=\"_paragraph_145nj_4 _paragraph_6fko5_10 layout-component text-serif-m layout-normal layout-padded\"><strong class=\"_strong_145nj_25\">Les ogs\u00e5:<\/strong> <a href=\"https:\/\/www.vg.no\/i\/9pnEgl\" data-track-element-type=\"Link\" data-track-id=\"link:9pnEgl\" class=\"_link_145nj_39\" rel=\"nofollow noopener\" target=\"_blank\">Vestlandshallen dropper samarbeid med Guttavibezzz: \u2013 Kan ikke st\u00e5 inne for det<\/a><\/p>\n<p class=\"_paragraph_145nj_4 _paragraph_6fko5_10 layout-component text-serif-m layout-normal text-serif-m layout-padded\">Guttavibezzz protesterte og viste til at de har en bindende leieavtale. Duoen varslet at cupen uansett skulle arrangeres, og at advokaten deres var i dialog med Vestlandshallen. <\/p>\n<p class=\"_paragraph_145nj_4 _paragraph_6fko5_10 layout-component text-serif-m layout-normal text-serif-m layout-padded\">N\u00e5 snur Vestlandshallen, og cupen kan likevel g\u00e5 som planlagt.<\/p>\n<p class=\"_paragraph_145nj_4 _paragraph_6fko5_10 layout-component text-serif-m layout-normal text-serif-m layout-padded\">\u2013 Vi \u00f8nsker n\u00e5 \u00e5 legge konflikten bak oss og ha en god dialog med Vestlandshallen frem mot arrangementet. M\u00e5let er \u00e5 skape en trygg og god fotballcup med tydelige fair play-rammer og en positiv opplevelse for barn og ungdom som deltar, sier duoen til VG.<\/p>\n<p class=\"_paragraph_145nj_4 _paragraph_6fko5_10 layout-component text-serif-m layout-normal text-serif-m layout-padded\">Guttavibezz har over 130.000 f\u00f8lgere p\u00e5 TikTok, og har st\u00e5tt i kontroverser flere ganger tidligere. <\/p>\n<p class=\"_paragraph_145nj_4 _paragraph_6fko5_10 layout-component text-serif-m layout-normal text-serif-m layout-padded\">I fjor h\u00f8st arrangerte de en fotballcup i Randaberg, der guttelagene vant elsparkesykler og fotballsko, mens jentelagene m\u00e5tte n\u00f8ye seg med T-skjorter og bager, if\u00f8lge NRK.<\/p>\n<p class=\"_paragraph_145nj_4 _paragraph_6fko5_10 layout-component text-serif-m layout-normal text-serif-m layout-padded\">P\u00e5 TikTok har de publisert videoer der unge blir bedt om \u00e5 k\u00e5re blant annet \u00abdet styggeste jentenavnet i Norge\u00bb. <\/p>\n<p class=\"_paragraph_145nj_4 _paragraph_6fko5_10 layout-component text-serif-m layout-normal text-serif-m layout-padded\">De ble ogs\u00e5 kastet ut av rettssaken mot Gjert Ingebrigtsen i 2025 etter reaksjoner p\u00e5 innhold de publiserte fra rettssaken.<\/p>\n","protected":false},"excerpt":{"rendered":"Vestlandshallen avlyste f\u00f8rst TikTok-duoen Tobias Aasheim og Chris Formos fotballcup. N\u00e5 snur de etter konflikten. Tobias Aasheim og&hellip;\n","protected":false},"author":2,"featured_media":342618,"comment_status":"","ping_status":"","sticky":false,"template":"","format":"standard","meta":{"footnotes":"","_share_on_mastodon":"0"},"categories":[10],"tags":[20,21,24,25,15,22,23,13,30,28,29,14,16,26,27],"class_list":["post-342617","post","type-post","status-publish","format-standard","has-post-thumbnail","category-norge","tag-breaking-news","tag-breakingnews","tag-featured-news","tag-featurednews","tag-headlines","tag-latest-news","tag-latestnews","tag-news","tag-no","tag-norge","tag-norway","tag-nyheter","tag-overskrifter","tag-top-stories","tag-topstories"],"share_on_mastodon":{"url":"https:\/\/pubeurope.com\/@no\/117206585973868675","error":""},"_links":{"self":[{"href":"https:\/\/www.europesays.com\/no\/wp-json\/wp\/v2\/posts\/342617","targetHints":{"allow":["GET"]}}],"collection":[{"href":"https:\/\/www.europesays.com\/no\/wp-json\/wp\/v2\/posts"}],"about":[{"href":"https:\/\/www.europesays.com\/no\/wp-json\/wp\/v2\/types\/post"}],"author":[{"embeddable":true,"href":"https:\/\/www.europesays.com\/no\/wp-json\/wp\/v2\/users\/2"}],"replies":[{"embeddable":true,"href":"https:\/\/www.europesays.com\/no\/wp-json\/wp\/v2\/comments?post=342617"}],"version-history":[{"count":0,"href":"https:\/\/www.europesays.com\/no\/wp-json\/wp\/v2\/posts\/342617\/revisions"}],"wp:featuredmedia":[{"embeddable":true,"href":"https:\/\/www.europesays.com\/no\/wp-json\/wp\/v2\/media\/342618"}],"wp:attachment":[{"href":"https:\/\/www.europesays.com\/no\/wp-json\/wp\/v2\/media?parent=342617"}],"wp:term":[{"taxonomy":"category","embeddable":true,"href":"https:\/\/www.europesays.com\/no\/wp-json\/wp\/v2\/categories?post=342617"},{"taxonomy":"post_tag","embeddable":true,"href":"https:\/\/www.europesays.com\/no\/wp-json\/wp\/v2\/tags?post=342617"}],"curies":[{"name":"wp","href":"https:\/\/api.w.org\/{rel}","templated":true}]}}