{"id":342619,"date":"2026-09-03T10:15:16","date_gmt":"2026-09-03T10:15:16","guid":{"rendered":"https:\/\/www.europesays.com\/no\/342619\/"},"modified":"2026-09-03T10:15:16","modified_gmt":"2026-09-03T10:15:16","slug":"dette-gjer-skulane-under-gravferda-til-kong-harald-smp-no","status":"publish","type":"post","link":"https:\/\/www.europesays.com\/no\/342619\/","title":{"rendered":"Dette gjer skulane under gravferda til kong Harald &#8211; smp.no"},"content":{"rendered":"<ol>\n<li><a href=\"https:\/\/news.google.com\/rss\/articles\/CBMijwFBVV95cUxOSFp1WWE4NTJhTUJfREVrM0lPUVgyMnJJWU9JV1ZMRjk5Zmh4UXB2WGE2X1kzLWpubnQ2aTNkWXkxN3o4cWtJTFJuZ1lFUEVHWFBiWDdueC1iV2Z5R0NTT24yeEIyTHJHNlUyV0htN2U5MWR6YTB4YUliWkhZTGYwZWVPbTNZalUyYjg0ZjlIbw?oc=5\" target=\"_blank\" rel=\"nofollow noopener\">Dette gjer skulane under gravferda til kong Harald<\/a>&nbsp;&nbsp;smp.no<\/li>\n<li><a href=\"https:\/\/news.google.com\/rss\/articles\/CBMinwFBVV95cUxNRE52YmxXQl82M0FXSklNM2ticDlVTjZrVHlxbGsyTTFLYUdYRjFFaE1nQ1drMzZJTWRVUHVwNXkyblRqcnVXMnVxcFRaUGpSRzNaenZPMVBYWGlUX0hMWjZfTEI2MF9ab3ZEclgtNUpmTjV4RHdRSjB3WnN6MkVKX0dLMldqMUJIMHpvLUhfTW1sal9zTUU0Z1YzWEZiMEk?oc=5\" target=\"_blank\" rel=\"nofollow noopener\">3500 fra Forsvaret skal bist\u00e5 i kong Haralds gravferd<\/a>&nbsp;&nbsp;Aftenposten<\/li>\n<li><a href=\"https:\/\/news.google.com\/rss\/articles\/CBMirgFBVV95cUxNQ0FMS0ZxZTBDWE1SVGxvSXdqQWtxWTIydlREN2d0Q1VpWktTaGFUUXpzU3B2LTZ2WnhRQUt0LUg1TWRldEF5MHR0cXZzR3l2bzJ6WnR4b3FtM2JmNXpCU185cnI4ejZIN3prLUZQajFtNldvSDBtMVZvY1l4LWhrOHVSMGtuRjNjaGVPc1JrbDNRSkhaYkJUYUpRWWhlYmsxaXdRM0x3d01ibUVLcWc?oc=5\" target=\"_blank\" rel=\"nofollow noopener\">Oslo snus p\u00e5 hodet under begravelsen: \u2013\u2060 Litt for mange \u00e5pne sp\u00f8rsm\u00e5l<\/a>&nbsp;&nbsp;e24.no<\/li>\n<li><a href=\"https:\/\/news.google.com\/rss\/articles\/CBMijgFBVV95cUxNX0laZ09tdEJjcjlhYU85VVpoaUdiQXpJSUpzSkZkbXRRT3NMN19FY1FDVzRnOHdST3dXcTJHUUpxemJBb3hFSTh2VjdWVnBnTWNPNFd0WUtwQW42c2JoUXFjM05DZElLcDd6b1RWTThRMi1GcWxoRENOVk90UU9reWFrajFLMFgwa2drYnVB?oc=5\" target=\"_blank\" rel=\"nofollow noopener\">Bev\u00e6pnede livvakter vil innta Oslo sentrum<\/a>&nbsp;&nbsp;Dagbladet<\/li>\n<li><a href=\"https:\/\/news.google.com\/rss\/articles\/CBMihwFBVV95cUxPMEotd3YzUFBVY09xN2szazhmREdvYXNXTjFvS0NkdjZxMGdyeFg5WWdTb3MyZW9rYVR0ZUJWeUpXRjByTFNCWDhzR00wQk9UVy1uNVdVSFRrWEMtQ0d2SnJsSU1oNzlob04yUzBmUjRQdU4tODJ5TFJGSkpEdkVVQ2gtZE5kVjQ?oc=5\" target=\"_blank\" rel=\"nofollow noopener\">Oppfordrer skolene til \u00e5 innvilge permisjon<\/a>&nbsp;&nbsp;TV 2<\/li>\n<\/ol>\n","protected":false},"excerpt":{"rendered":"Dette gjer skulane under gravferda til kong Harald&nbsp;&nbsp;smp.no 3500 fra Forsvaret skal bist\u00e5 i kong Haralds gravferd&nbsp;&nbsp;Aftenposten Oslo&hellip;\n","protected":false},"author":2,"featured_media":342620,"comment_status":"","ping_status":"","sticky":false,"template":"","format":"standard","meta":{"footnotes":"","_share_on_mastodon":"0"},"categories":[5],"tags":[20,21,24,25,15,19,22,23,17,18,13,30,28,29,14,16,26,27],"class_list":["post-342619","post","type-post","status-publish","format-standard","has-post-thumbnail","category-overskrifter","tag-breaking-news","tag-breakingnews","tag-featured-news","tag-featurednews","tag-headlines","tag-hovedoppslag","tag-latest-news","tag-latestnews","tag-main-news","tag-mainnews","tag-news","tag-no","tag-norge","tag-norway","tag-nyheter","tag-overskrifter","tag-top-stories","tag-topstories"],"share_on_mastodon":{"url":"https:\/\/pubeurope.com\/@no\/117206589366870713","error":""},"_links":{"self":[{"href":"https:\/\/www.europesays.com\/no\/wp-json\/wp\/v2\/posts\/342619","targetHints":{"allow":["GET"]}}],"collection":[{"href":"https:\/\/www.europesays.com\/no\/wp-json\/wp\/v2\/posts"}],"about":[{"href":"https:\/\/www.europesays.com\/no\/wp-json\/wp\/v2\/types\/post"}],"author":[{"embeddable":true,"href":"https:\/\/www.europesays.com\/no\/wp-json\/wp\/v2\/users\/2"}],"replies":[{"embeddable":true,"href":"https:\/\/www.europesays.com\/no\/wp-json\/wp\/v2\/comments?post=342619"}],"version-history":[{"count":0,"href":"https:\/\/www.europesays.com\/no\/wp-json\/wp\/v2\/posts\/342619\/revisions"}],"wp:featuredmedia":[{"embeddable":true,"href":"https:\/\/www.europesays.com\/no\/wp-json\/wp\/v2\/media\/342620"}],"wp:attachment":[{"href":"https:\/\/www.europesays.com\/no\/wp-json\/wp\/v2\/media?parent=342619"}],"wp:term":[{"taxonomy":"category","embeddable":true,"href":"https:\/\/www.europesays.com\/no\/wp-json\/wp\/v2\/categories?post=342619"},{"taxonomy":"post_tag","embeddable":true,"href":"https:\/\/www.europesays.com\/no\/wp-json\/wp\/v2\/tags?post=342619"}],"curies":[{"name":"wp","href":"https:\/\/api.w.org\/{rel}","templated":true}]}}