{"id":342621,"date":"2026-09-03T10:16:17","date_gmt":"2026-09-03T10:16:17","guid":{"rendered":"https:\/\/www.europesays.com\/no\/342621\/"},"modified":"2026-09-03T10:16:17","modified_gmt":"2026-09-03T10:16:17","slug":"ikke-i-naerheten-av-et-comeback","status":"publish","type":"post","link":"https:\/\/www.europesays.com\/no\/342621\/","title":{"rendered":"Ikke i n\u00e6rheten av et comeback"},"content":{"rendered":"<p><a data-router-slot=\"disabled\" href=\"https:\/\/www.liverpool.no\/lfc\/26\/9\/vi-foelger-iraolas-2c\/\" type=\"external\" rel=\"nofollow noopener\" target=\"_blank\">Torsdag formiddag m\u00f8tte Andoni Iraola pressen, og spanjolen fikk som ventet flere t\u00f8ffe sp\u00f8rsm\u00e5l om overgangsvinduet, sine egne vurderinger av kj\u00f8pene som har blitt gjort og det faktum at klubben enn\u00e5 ikke har vunnet sin f\u00f8rste kamp under ham.<\/a><\/p>\n<p>Liverpool-sjefen fikk ogs\u00e5 sp\u00f8rsm\u00e5l om skadesituasjonen i klubben, som har p\u00e5virket flere posisjoner i sesongstarten. Spilleren man kanskje \u00f8nsker \u00e5 vite mest om, er Conor Bradley, som ikke har v\u00e6rt i spill siden skaden han p\u00e5dro seg mot Arsenal i januar.<\/p>\n<p>I starten av sommeren ble det rapportert av flere journalister tett p\u00e5 klubben at nordiren kunne returnere til full trening i starten av sesongen, f\u00f8r Iraola meldte om flere m\u00e5neders frav\u00e6r i starten av juli.<\/p>\n<p><strong>\u2013 Conor (Bradley) og spesielt Hugo (Ekitike) vil bruke lenger tid (enn andre spillere), sa han til pressen.<\/strong><\/p>\n<p>Han kom imidlertid ikke med noen konkret dato, men ut fra m\u00e5ten han la det frem p\u00e5, vil Bradley v\u00e6re tilbake f\u00f8r Ekitike, som ventes \u00e5 returnere rundt \u00e5rsskiftet. James Pearce i The Athletic rapporterte 9. august om en mulig returdato i slutten av oktober eller i november.<\/p>\n<p>Stopperduo er snart tilbake<\/p>\n<p>H\u00f8yrebacken er et klart problem for Liverpool for \u00f8yeblikket, og f\u00e5 vil bli overrasket om Dominik Szoboszlai spiller i den rollen mot Ipswich fredag kveld.<\/p>\n<p>P\u00e5 stopperplass kunne det ogs\u00e5 v\u00e6rt en liten krise om eksempelvis Virgil van Dijk, som er det klare f\u00f8rstevalget, hadde blitt skadet, men enn s\u00e5 lenge har de r\u00f8de brukbar bredde med Jeremy Jacquet og Ronald Ara\u00fajo som kjemper om en plass ved siden av kapteinen.<\/p>\n<p>I l\u00f8pet av de neste ukene ventes det ogs\u00e5 \u00e5 komme inn ytterligere konkurrenter, og f\u00f8rst ut er Joe Gomez.<\/p>\n<p><strong>\u2013 Joe er n\u00e6rmest (\u00e5 returnere). Han begynner \u00e5 trene med oss neste uke, sa Iraola.<\/strong><\/p>\n<p>Giovanni Leoni ventes ogs\u00e5 \u00e5 komme tilbake i full trening rundt landslagspausen, som starter etter kampen mot Bournemouth 20. september. Hvis det er tilfellet, vil italieneren ha mistet et helt \u00e5r med fotball etter skaden han p\u00e5dro seg mot Southampton 23. september 2025.<strong style=\"box-sizing: border-box; font-weight: bold;\"> <\/strong><\/p>\n","protected":false},"excerpt":{"rendered":"Torsdag formiddag m\u00f8tte Andoni Iraola pressen, og spanjolen fikk som ventet flere t\u00f8ffe sp\u00f8rsm\u00e5l om overgangsvinduet, sine egne&hellip;\n","protected":false},"author":2,"featured_media":342622,"comment_status":"","ping_status":"","sticky":false,"template":"","format":"standard","meta":{"footnotes":"","_share_on_mastodon":"0"},"categories":[59],"tags":[19824,20760,6956,19980,30,28,29,447,8192,83,82],"class_list":["post-342621","post","type-post","status-publish","format-standard","has-post-thumbnail","category-sport","tag-conor-bradley","tag-giovanni-leoni","tag-hugo-ekitike","tag-joe-gomez","tag-no","tag-norge","tag-norway","tag-nyhet","tag-skader","tag-sport","tag-sports"],"share_on_mastodon":{"url":"https:\/\/pubeurope.com\/@no\/117206593330453861","error":""},"_links":{"self":[{"href":"https:\/\/www.europesays.com\/no\/wp-json\/wp\/v2\/posts\/342621","targetHints":{"allow":["GET"]}}],"collection":[{"href":"https:\/\/www.europesays.com\/no\/wp-json\/wp\/v2\/posts"}],"about":[{"href":"https:\/\/www.europesays.com\/no\/wp-json\/wp\/v2\/types\/post"}],"author":[{"embeddable":true,"href":"https:\/\/www.europesays.com\/no\/wp-json\/wp\/v2\/users\/2"}],"replies":[{"embeddable":true,"href":"https:\/\/www.europesays.com\/no\/wp-json\/wp\/v2\/comments?post=342621"}],"version-history":[{"count":0,"href":"https:\/\/www.europesays.com\/no\/wp-json\/wp\/v2\/posts\/342621\/revisions"}],"wp:featuredmedia":[{"embeddable":true,"href":"https:\/\/www.europesays.com\/no\/wp-json\/wp\/v2\/media\/342622"}],"wp:attachment":[{"href":"https:\/\/www.europesays.com\/no\/wp-json\/wp\/v2\/media?parent=342621"}],"wp:term":[{"taxonomy":"category","embeddable":true,"href":"https:\/\/www.europesays.com\/no\/wp-json\/wp\/v2\/categories?post=342621"},{"taxonomy":"post_tag","embeddable":true,"href":"https:\/\/www.europesays.com\/no\/wp-json\/wp\/v2\/tags?post=342621"}],"curies":[{"name":"wp","href":"https:\/\/api.w.org\/{rel}","templated":true}]}}