{"id":342623,"date":"2026-09-03T10:17:19","date_gmt":"2026-09-03T10:17:19","guid":{"rendered":"https:\/\/www.europesays.com\/no\/342623\/"},"modified":"2026-09-03T10:17:19","modified_gmt":"2026-09-03T10:17:19","slug":"kultur-og-underholdning-hver-gang-vi-motes-2","status":"publish","type":"post","link":"https:\/\/www.europesays.com\/no\/342623\/","title":{"rendered":"Kultur og underholdning, Hver gang vi m\u00f8tes"},"content":{"rendered":"\n<p>Nok en gang inntar store artistnavn Jevnaker. P\u00e5 skjermen skal seerne f\u00f8lge artistene fra de sjekker inn p\u00e5 Thorbj\u00f8rnrud hotell til de sjekker ut igjen. <a href=\"https:\/\/www.ringblad.no\/5-45-2224022.html\" rel=\"Follow nofollow noopener\" target=\"_blank\">Bak instrumentene sitter det som vanlig flere erfarne musikere fra H\u00f8nefoss-omr\u00e5det. <\/a><\/p>\n<p><b>\u2013 Vi gleder oss til \u00e5 bli kjent med nye fantastiske artister i \u00abHver gang vi m\u00f8tes\u00bb og \u00f8nsker de velkommen til ny innspilling i vakre omgivelser p\u00e5 Hadeland. Denne sesongen er det et ekstra stort spenn i artistene, b\u00e5de n\u00e5r det gjelder sjanger, alder og m\u00e5lgrupper, sier Trygve R\u00f8nningen, programredakt\u00f8r i TV 2.<\/b><\/p>\n<p>   <img decoding=\"async\" width=\"2048\" height=\"1536\" fetchpriority=\"low\"  loading=\"lazy\"  src=\"https:\/\/www.europesays.com\/no\/wp-content\/uploads\/2026\/09\/5d318da8-64c5-496a-b653-580ae2f92653_1.jpg\" alt=\"\" class=\"brick-c-cFOWSL\" style=\"--brick-image-ratio: 2048 \/ 1536;\"\/><\/p>\n<p>      KLARE FOR NY SESONG: Trygve R\u00f8nningen og hotelleier Atle Brynestad er klare for en ny sesong p\u00e5 Thorbj\u00f8rnrud hotell.<br \/>\n      Foto: Ingvild Drange Tronhus\n    <\/p>\n<p>\u2013 Dette vil bli en spennende sesong med stor variasjon i l\u00e5tene og nye magiske musikk\u00f8yeblikk, fortsetter han. <\/p>\n<p>            Dette er \u00abHver gang vi m\u00f8tes\u00bb<\/p>\n<ul>\n<li>TV2 beskriver \u00abHver gang vi m\u00f8tes\u00bb som en av deres viktigsteunderholdningsproduksjoner.<\/li>\n<li>Programmet fremmer norske artister og deres musikk. I l\u00f8pet av \u00e5tte episoder per sesong skal sju artister tolke hverandres l\u00e5ter. I tillegg gjennomf\u00f8rer de i hver episode aktiviteter i n\u00e6rmilj\u00f8et. Programmet er kjent for \u00e5 gi seerne innsikt i artistenes liv,historie og musikk.<\/li>\n<li>Programserien hadde premiere i 2012, og har g\u00e5tt 16 sesonger.<\/li>\n<li>Fjor\u00e5rets sesong beskrives av TV2 som en rekordsesong, med et gjennomsnittligseertall p\u00e5 942 000. Halvparten av de 8 episodene hadde over 1 million seere, ogf\u00f8rste program viste det h\u00f8yeste seertallet i programseriens historie.<\/li>\n<\/ul>\n<p>Kilde: Lunner kommune, saksdokumenter<\/p>\n<p>   <img decoding=\"async\" width=\"2835\" height=\"3970\" fetchpriority=\"low\"  loading=\"lazy\"  src=\"https:\/\/www.europesays.com\/no\/wp-content\/uploads\/2026\/09\/a8449ad7-693c-4391-9256-fa01ca86fd96.jpg\" alt=\"\" class=\"brick-c-cFOWSL\" style=\"--brick-image-ratio: 2835 \/ 3970;\"\/><\/p>\n<p>      Janove Ottesen<br \/>\n      Foto: Anne Day\n    <\/p>\n<p>  Janove Ottesen (51) &#8230;<\/p>\n<p>&#8230; er en musiker, l\u00e5tskriver og komponist fra Bryne.<\/p>\n<p>Janove har gjennom en karriere p\u00e5 over 25 \u00e5r markert seg som en av Norges mest markante og allsidige skikkelser i musikk- og kulturlivet. Som frontfigur i Kaizers Orchestra skaper han et teatralsk univers som fyller scener over hele Europa. Som soloartist har han sju album bak seg \u2013 fra storsl\u00e5tt rock til det nakne uttrykket alene ved flygelet.<\/p>\n<p>Janove st\u00e5r ogs\u00e5 bak den Hedda-prisvinnende sceneproduksjonen \u00abThe Mute\u00bb.<\/p>\n<p>   <img decoding=\"async\" width=\"4480\" height=\"6720\" fetchpriority=\"low\"  loading=\"lazy\"  src=\"https:\/\/www.europesays.com\/no\/wp-content\/uploads\/2026\/09\/b90ae780-c2c2-4e96-88dd-3bf5125caebb.jpg\" alt=\"\" class=\"brick-c-cFOWSL\" style=\"--brick-image-ratio: 4480 \/ 6720;\"\/><\/p>\n<p>      Ingrid Bj\u00f8rnov<br \/>\n      Foto: Nina E. Rangoy\n    <\/p>\n<p>  Ingrid Bj\u00f8rnov (62) &#8230;<\/p>\n<p>&#8230; er pianist, komponist og sanger fra Oslo.<\/p>\n<p>Gjennom flere ti\u00e5r har Ingrid v\u00e6rt en markant skikkelse i norsk kulturliv. F\u00f8rst som halvparten av duoen Dollie, sammen med Benedicte Adrian \u2013 en prisbel\u00f8nt popduo som senere begikk operamusikalen \u00abWhich Witch\u00bb i London \u2013 og senere som pianist, komponist, forfatter og soloartist.<\/p>\n<p>Som soloartist har Ingrid Bj\u00f8rnov st\u00e5tt for seks prisbel\u00f8nte sceneforestillinger, der evnen til \u00e5 kombinere musikk, humor og alvor har gjort henne til en av landets mest folkekj\u00e6re artister. I 2024 mottok hun St. Olavs Orden for sitt virke.<\/p>\n<p>   <img decoding=\"async\" width=\"3653\" height=\"5480\" fetchpriority=\"low\"  loading=\"lazy\"  src=\"https:\/\/www.europesays.com\/no\/wp-content\/uploads\/2026\/09\/c640177a-be9b-4ce8-b219-ebec268b2b3a.jpg\" alt=\"\" class=\"brick-c-cFOWSL\" style=\"--brick-image-ratio: 3653 \/ 5480;\"\/><\/p>\n<p>      Jason &#8216;Timbuktu&#8217; Diakit\u00e9<br \/>\n      Foto: Loc Vo\n    <\/p>\n<p>  Jason Diakit\u00e9 (51) &#8230;<\/p>\n<p> &#8230; bedre kjent under artistnavnet Timbuktu, er en svensk rapper, l\u00e5tskriver og forfatter fra Lund i Sverige.<\/p>\n<p>Timbuktu har gjennom over 30 \u00e5r etablert seg som en av Skandinavias mest innflytelsesrike hiphopartister, med flere prisbel\u00f8nte album og Grammis. Han er kjent for \u00e5 kombinere musikk med sterkt samfunnsengasjement, s\u00e6rlig rundt identitet, rasisme og menneskerettigheter. I tillegg har han hatt stor suksess som forfatter med den bestselgende boken \u00abEn droppe midnatt\u00bb, som ogs\u00e5 ble til teaterforestilling i Sverige, Norge og USA.<\/p>\n<p>Timbuktu regnes i dag som en av Nordens viktigste kulturpersonligheter og en pioner innen skandinavisk hiphop.<\/p>\n<p>   <img decoding=\"async\" width=\"7952\" height=\"5304\" fetchpriority=\"low\"  loading=\"lazy\"  src=\"https:\/\/www.europesays.com\/no\/wp-content\/uploads\/2026\/09\/095b16fe-accf-4785-8a44-dc364f29d8de.jpg\" alt=\"\" class=\"brick-c-cFOWSL\" style=\"--brick-image-ratio: 7952 \/ 5304;\"\/><\/p>\n<p>      Fay Wildhagen<br \/>\n      Foto: Johanna Siring\n    <\/p>\n<p>  Fay Wildhagen (33) &#8230;<\/p>\n<p>&#8230; er b\u00e5de sanger, l\u00e5tskriver, gitarist og komponist fra Oslo.<\/p>\n<p>Fay er kjent for sin karakteristiske stemme, sterke l\u00e5tskriving og evne til \u00e5 kombinere folk, pop og rock i et personlig musikalsk uttrykk. Hun fikk sitt gjennombrudd med debutalbumet \u00abSnow\u00bb, og hun etablerte seg raskt som en av de mest spennende nye artistene. Fay er kjent for \u00e6rlige tekster, melodisk styrke og et moderne internasjonalt lydbilde. Hun har gitt ut flere kritikerroste album, og har et trofast publikum. Fay Wildhagen regnes som en av Norges mest respekterte l\u00e5tskrivere i sin generasjon og har mottatt flere priser og nominasjoner.<\/p>\n<p>   <img decoding=\"async\" width=\"1606\" height=\"1147\" fetchpriority=\"low\"  loading=\"lazy\"  src=\"https:\/\/www.europesays.com\/no\/wp-content\/uploads\/2026\/09\/53252e39-85ff-4f05-b787-a8a9bddc36fc.jpg\" alt=\"\" class=\"brick-c-cFOWSL\" style=\"--brick-image-ratio: 1606 \/ 1147;\"\/><\/p>\n<p>      Ruben Markussen<br \/>\n      Foto: Julie Pike\n    <\/p>\n<p>  Ruben Markussen (31) &#8230;<\/p>\n<p>&#8230; er en sanger og l\u00e5tskriver fra Bjark\u00f8y i Troms.<\/p>\n<p>Han er kjent under artistnavnet Ruben, og fikk sitt store gjennombrudd i 2017 og etablerte seg raskt som en av Norges mest lovende nye artister. Ruben har hundrevis av millioner str\u00f8mminger, og har samarbeidet med internasjonale artister som Alan Walker.<\/p>\n<p>Med personlige l\u00e5ter om blant annet kj\u00e6rlighet, identitet, ensomhet og psykisk helse har han blitt en viktig og popul\u00e6r stemme for mange unge lyttere.<\/p>\n<p>Gjennom karrieren har han mottatt flere priser og nominasjoner, blant annet en Spellemann for \u00ab\u00c5rets l\u00e5t\u00bb.<\/p>\n<p>   <img decoding=\"async\" width=\"5352\" height=\"8024\" fetchpriority=\"low\"  loading=\"lazy\"  src=\"https:\/\/www.europesays.com\/no\/wp-content\/uploads\/2026\/09\/57c9da2d-a14a-4050-a9ef-ff46c151e213.jpg\" alt=\"\" class=\"brick-c-cFOWSL\" style=\"--brick-image-ratio: 5352 \/ 8024;\"\/><\/p>\n<p>      Julie Bergan<br \/>\n      Foto: Ida Bj\u00f8rvik\n    <\/p>\n<p>  Julie Bergan (32) &#8230;<\/p>\n<p>&#8230; er en sanger, l\u00e5tskriver og artist fra Skien.<\/p>\n<p>Julie er kjent for energisk og moderne popmusikk, sterke sceneshow og personlige tekster. Hun fikk sitt store gjennombrudd med hiten \u00abArigato\u00bb, som etablerte henne som en av Norges ledende popartister. Siden har hun gitt ut en rekke popul\u00e6re l\u00e5ter, n\u00e5dd h\u00f8yt p\u00e5 hitlistene med millioner av str\u00f8mminger, samarbeidet med norske og internasjonale artister og produsenter, og opparbeidet seg en stor lytterskare. Julie Bergan har mottatt flere priser og nominasjoner og er i dag en profilert artist som opptrer p\u00e5 konserter, festivaler og TV.<\/p>\n<p>   <img decoding=\"async\" width=\"3569\" height=\"5353\" fetchpriority=\"low\"  loading=\"lazy\"  src=\"https:\/\/www.europesays.com\/no\/wp-content\/uploads\/2026\/09\/dbad6f20-25fc-4017-9ea3-3c453e319cf4.jpg\" alt=\"\" class=\"brick-c-cFOWSL\" style=\"--brick-image-ratio: 3569 \/ 5353;\"\/><\/p>\n<p>      Oscar Berggaard<br \/>\n      Foto: Marius Dreiem L\u00f8ken\n    <\/p>\n<p>  Oscar Berggaard (24) &#8230;<\/p>\n<p>&#8230; er artist, l\u00e5tskriver og musiker fra Asker.<\/p>\n<p>Oscar er kjent som medlem av popgruppen Golf, som ble startet i 2022. Siden den gang har de brutt igjennom med flere topphits og hatt stor suksess p\u00e5 str\u00f8mmetjenester, festivaler og konserter. Oscar er en sentral l\u00e5tskriver og komponist i gruppen. Golf vant en Spellemann i 2024 for \u00e5rets poputgivelse, noe som har befestet Oscars posisjon som en av de mest lovende unge l\u00e5tskriverne og artistene i norsk popmusikk.<\/p>\n<p><b>\u00abHver gang vi m\u00f8tes\u00bb \u2013 sesong 16, kommer p\u00e5 TV 2 Play og TV 2 Direkte v\u00e5ren 2026.<\/b><\/p>\n<p>  <a href=\"https:\/\/www.ringblad.no\/5-45-2115818\" class=\"related-teaser has-image article--c-MkAkR\" rel=\"nofollow noopener\" target=\"_blank\"><\/p>\n<p>    <img decoding=\"async\" width=\"155\"  loading=\"lazy\"  src=\"https:\/\/www.europesays.com\/no\/wp-content\/uploads\/2026\/09\/IMG_8980.jpg\" alt=\"\" class=\"brick-c-cFOWSL\" style=\"\"\/><\/p>\n<p>\n            Les ogs\u00e5<\/p>\n<p>            Les alle \u00abHver gang vi m\u00f8tes\u00bb-sakene v\u00e5re\n        <\/p>\n<p>  <\/a><\/p>\n<p><a class=\"brick-c-hOTghF\" href=\"#skip-\">Hopp over karusellen.<\/a><\/p>\n<p data-static=\"\" class=\"brick-c-fgNmNC\" id=\"carousel-title-\">Innholdskarusell med 4 artikler.<\/p>\n<ul data-static=\"\" aria-label=\"Navigasjon for innholdskarusell\" class=\"carousel-nav\">\n<li>\n<\/li>\n<li>\n<\/li>\n<\/ul>\n<p>  <a href=\"https:\/\/www.ringblad.no\/5-45-2222139\" class=\"related-teaser has-image article--c-MkAkR\" rel=\"nofollow noopener\" target=\"_blank\"><\/p>\n<p>    <img decoding=\"async\" width=\"155\"  loading=\"lazy\"  src=\"https:\/\/www.europesays.com\/no\/wp-content\/uploads\/2026\/09\/Hver+gang+vi+mtes.bin.jpeg\" alt=\"\" class=\"brick-c-cFOWSL\" style=\"\"\/><\/p>\n<p>\n            Les ogs\u00e5<\/p>\n<p>            Innstiller p\u00e5 \u00e5 gi 150.000 til \u00abHver gang vi m\u00f8tes\u00bb\n        <\/p>\n<p>  <\/a><\/p>\n<p><a class=\"brick-c-hOTghF\" href=\"#skip-\">Hopp over karusellen.<\/a><\/p>\n<p data-static=\"\" class=\"brick-c-fgNmNC\" id=\"carousel-title-\">Innholdskarusell med 20 artikler.<\/p>\n<ul data-static=\"\" aria-label=\"Navigasjon for innholdskarusell\" class=\"carousel-nav\">\n<li>\n<\/li>\n<li>\n<\/li>\n<\/ul>\n","protected":false},"excerpt":{"rendered":"Nok en gang inntar store artistnavn Jevnaker. P\u00e5 skjermen skal seerne f\u00f8lge artistene fra de sjekker inn p\u00e5&hellip;\n","protected":false},"author":2,"featured_media":342624,"comment_status":"","ping_status":"","sticky":false,"template":"","format":"standard","meta":{"footnotes":"","_share_on_mastodon":"0"},"categories":[58],"tags":[36,71,3445,1972,955,30,28,29,1510,14484,1130,72],"class_list":["post-342623","post","type-post","status-publish","format-standard","has-post-thumbnail","category-underholdning","tag-art","tag-entertainment","tag-hver-gang-vi-motes","tag-jevnaker","tag-kultur-og-underholdning","tag-no","tag-norge","tag-norway","tag-story","tag-thorbjornrud-hotell","tag-tv2","tag-underholdning"],"share_on_mastodon":{"url":"https:\/\/pubeurope.com\/@no\/117206598495276220","error":""},"_links":{"self":[{"href":"https:\/\/www.europesays.com\/no\/wp-json\/wp\/v2\/posts\/342623","targetHints":{"allow":["GET"]}}],"collection":[{"href":"https:\/\/www.europesays.com\/no\/wp-json\/wp\/v2\/posts"}],"about":[{"href":"https:\/\/www.europesays.com\/no\/wp-json\/wp\/v2\/types\/post"}],"author":[{"embeddable":true,"href":"https:\/\/www.europesays.com\/no\/wp-json\/wp\/v2\/users\/2"}],"replies":[{"embeddable":true,"href":"https:\/\/www.europesays.com\/no\/wp-json\/wp\/v2\/comments?post=342623"}],"version-history":[{"count":0,"href":"https:\/\/www.europesays.com\/no\/wp-json\/wp\/v2\/posts\/342623\/revisions"}],"wp:featuredmedia":[{"embeddable":true,"href":"https:\/\/www.europesays.com\/no\/wp-json\/wp\/v2\/media\/342624"}],"wp:attachment":[{"href":"https:\/\/www.europesays.com\/no\/wp-json\/wp\/v2\/media?parent=342623"}],"wp:term":[{"taxonomy":"category","embeddable":true,"href":"https:\/\/www.europesays.com\/no\/wp-json\/wp\/v2\/categories?post=342623"},{"taxonomy":"post_tag","embeddable":true,"href":"https:\/\/www.europesays.com\/no\/wp-json\/wp\/v2\/tags?post=342623"}],"curies":[{"name":"wp","href":"https:\/\/api.w.org\/{rel}","templated":true}]}}