{"id":342669,"date":"2026-09-03T10:56:13","date_gmt":"2026-09-03T10:56:13","guid":{"rendered":"https:\/\/www.europesays.com\/no\/342669\/"},"modified":"2026-09-03T10:56:13","modified_gmt":"2026-09-03T10:56:13","slug":"nye-bilder-av-prinsesse-astrid-foran-kong-haralds-bare-i-slottskapellet","status":"publish","type":"post","link":"https:\/\/www.europesays.com\/no\/342669\/","title":{"rendered":"Nye bilder av prinsesse Astrid foran kong Haralds b\u00e5re i Slottskapellet"},"content":{"rendered":"<p class=\"kicker \" style=\"\">Prinsesse Astrid:<\/p>\n<p class=\"subtitle \" style=\"\">Kongehuset deler nye bilder av prinsesse Astrid.\u00a0<\/p>\n<p>\n    FARVEL: Prinsesse Astrid foran kong Haralds b\u00e5re. Foto: Det kongelige hoff\n  <\/p>\n<p>Kongehuset har delt nye bilder av prinsesse Astrid (94) foran kong Haralds b\u00e5re i Slottskapellet.\u00a0<\/p>\n<p>    <a itemprop=\"url\" href=\"https:\/\/www.seher.no\/kongelig\/tok-farvel-med-lillebror\/85084551\" rel=\"nofollow noopener\" target=\"_blank\"><\/p>\n<p>        <img loading=\"lazy\" decoding=\"async\" src=\"https:\/\/www.europesays.com\/no\/wp-content\/uploads\/2026\/09\/85084771.webp\" width=\"180\" height=\"81\" alt=\"\" class=\"lazyload\" style=\"--aspect-ratio-image: 2.22; \"\/><\/p>\n<p>        Tok farvel med lillebror<\/p>\n<p>    <\/a><\/p>\n<p>De har ogs\u00e5 delt bilder av prinsesse Astrid mens hun ser ut av vinduet p\u00e5 Slottet og ut over folkehavet p\u00e5 Slottsplassen.<\/p>\n<p>        <img loading=\"lazy\" decoding=\"async\" src=\"https:\/\/www.europesays.com\/no\/wp-content\/uploads\/2026\/09\/85105554.webp\" width=\"667\" height=\"874\" alt=\"\" class=\"\" style=\"--aspect-ratio-image: 0.76; \"\/><\/p>\n<p>\n        BLOMSTERHAV: Prinsesse Astrid titter ut mot Slottsplassen. Foto: Det kongelige hoff\n    <\/p>\n<p>Prinsesse Astrid er n\u00e5 det eneste gjenlevende barnet etter kong Olav og kronprinsesse M\u00e4rtha, etter at kong Harald d\u00f8de 28. august.\u00a0<\/p>\n<p>Stores\u00f8ster prinsesse Ragnhild d\u00f8de i 2012.<\/p>\n<p>        <img loading=\"lazy\" decoding=\"async\" src=\"https:\/\/www.europesays.com\/no\/wp-content\/uploads\/2026\/09\/85105566.webp\" width=\"667\" height=\"441\" alt=\"\" class=\"\" style=\"--aspect-ratio-image: 1.51; \"\/><\/p>\n<p>\n        S\u00d8SKEN: Prinsesse Ragnhild, prinsesse Astrid og kong Harald. Foto: NTB\n    <\/p>\n<p>        <img loading=\"lazy\" decoding=\"async\" src=\"https:\/\/www.europesays.com\/no\/wp-content\/uploads\/2026\/09\/85105636.webp\" width=\"559\" height=\"677\" alt=\"\" class=\"\" style=\"--aspect-ratio-image: 0.83; \"\/><\/p>\n<p>\n        GOD KLEM: Prinsesse Astrid gir kong Harald en god klem under bes\u00f8ket i Trondheim i anleding kong Harald og dronning Sonjas 25-\u00e5rsjubileum i 2016. Foto: NTB\n    <\/p>\n<p>        <img loading=\"lazy\" decoding=\"async\" src=\"https:\/\/www.europesays.com\/no\/wp-content\/uploads\/2026\/09\/85105657.webp\" width=\"667\" height=\"381\" alt=\"\" class=\"\" style=\"--aspect-ratio-image: 1.75; \"\/><\/p>\n<p>\n        TOK FARVEL: Prinsesse Astrid p\u00e5 vei ut fra Slottet etter \u00e5 ha tatt farvel med sin lillebror, kong Harald s\u00f8ndag. Foto: Se og H\u00f8r\n    <\/p>\n<p>Prinsesse Astrid var blant familiemedlemmene som bes\u00f8kte kong Harald p\u00e5 Rikshospitalet. Hun var blant annet p\u00e5 bes\u00f8k torsdag forrige uke, dagen f\u00f8r kongen d\u00f8de.<\/p>\n<p>        HYLLEST: Nordmenn fyller Slottsplassen med blomster til minne om kong Harald.<\/p>\n<p>Prinsesse Astrid har selv v\u00e6rt innlagt p\u00e5 Rikshospitalet i \u00e5r,\u00a0 b\u00e5de med hjertesvikt og lungebetennelse.<\/p>\n<p>I juli takket hun for alle hilsenene hun hadde f\u00e5tt under sykehusoppholdet.<\/p>\n<p>&#8211; Prinsesse Astrid \u00f8nsker \u00e5 takke for alle de varme hilsener hun har f\u00e5tt, og all omtanke hun opplever. Hun formidler at hun f\u00e5r god hjelp og oppf\u00f8lging fra b\u00e5de helsepersonell og andre som bist\u00e5r henne, sa\u00a0Simen L\u00f8vberg Sund, kommunikasjonsr\u00e5dgiver ved Slottet, til <a href=\"https:\/\/www.vg.no\/rampelys\/i\/8pRagQ\/prinsesse-astrid-oensker-aa-takke-for-alle-de-varme-hilsener\" rel=\"nofollow noopener\" target=\"_blank\">VG<\/a>.<\/p>\n","protected":false},"excerpt":{"rendered":"Prinsesse Astrid: Kongehuset deler nye bilder av prinsesse Astrid.\u00a0 FARVEL: Prinsesse Astrid foran kong Haralds b\u00e5re. Foto: Det&hellip;\n","protected":false},"author":2,"featured_media":342670,"comment_status":"","ping_status":"","sticky":false,"template":"","format":"standard","meta":{"footnotes":"","_share_on_mastodon":"0"},"categories":[10],"tags":[20,21,24,25,15,2543,2590,76,22,23,13,30,28,29,14,16,19459,26,27],"class_list":["post-342669","post","type-post","status-publish","format-standard","has-post-thumbnail","category-norge","tag-breaking-news","tag-breakingnews","tag-featured-news","tag-featurednews","tag-headlines","tag-kjendisdesken","tag-kong-harald","tag-kongelig","tag-latest-news","tag-latestnews","tag-news","tag-no","tag-norge","tag-norway","tag-nyheter","tag-overskrifter","tag-prinsesse-astrid","tag-top-stories","tag-topstories"],"share_on_mastodon":{"url":"https:\/\/pubeurope.com\/@no\/117206750866524018","error":""},"_links":{"self":[{"href":"https:\/\/www.europesays.com\/no\/wp-json\/wp\/v2\/posts\/342669","targetHints":{"allow":["GET"]}}],"collection":[{"href":"https:\/\/www.europesays.com\/no\/wp-json\/wp\/v2\/posts"}],"about":[{"href":"https:\/\/www.europesays.com\/no\/wp-json\/wp\/v2\/types\/post"}],"author":[{"embeddable":true,"href":"https:\/\/www.europesays.com\/no\/wp-json\/wp\/v2\/users\/2"}],"replies":[{"embeddable":true,"href":"https:\/\/www.europesays.com\/no\/wp-json\/wp\/v2\/comments?post=342669"}],"version-history":[{"count":0,"href":"https:\/\/www.europesays.com\/no\/wp-json\/wp\/v2\/posts\/342669\/revisions"}],"wp:featuredmedia":[{"embeddable":true,"href":"https:\/\/www.europesays.com\/no\/wp-json\/wp\/v2\/media\/342670"}],"wp:attachment":[{"href":"https:\/\/www.europesays.com\/no\/wp-json\/wp\/v2\/media?parent=342669"}],"wp:term":[{"taxonomy":"category","embeddable":true,"href":"https:\/\/www.europesays.com\/no\/wp-json\/wp\/v2\/categories?post=342669"},{"taxonomy":"post_tag","embeddable":true,"href":"https:\/\/www.europesays.com\/no\/wp-json\/wp\/v2\/tags?post=342669"}],"curies":[{"name":"wp","href":"https:\/\/api.w.org\/{rel}","templated":true}]}}