{"id":342729,"date":"2026-09-03T11:59:15","date_gmt":"2026-09-03T11:59:15","guid":{"rendered":"https:\/\/www.europesays.com\/no\/342729\/"},"modified":"2026-09-03T11:59:15","modified_gmt":"2026-09-03T11:59:15","slug":"roald-18-dode-alpinsenter-kjent-skyldig-ma-betale-800-000","status":"publish","type":"post","link":"https:\/\/www.europesays.com\/no\/342729\/","title":{"rendered":"Roald (18) d\u00f8de: Alpinsenter kjent skyldig \u2013 m\u00e5 betale 800.000"},"content":{"rendered":"\n<p class=\"_lead_145nj_2 _lead_6fko5_53 layout-component text-serif-m layout-normal text-serif-l layout-component layout-wide layout-padded _wide_17hqh_1 layout-padded\">18 \u00e5r gamle Roald Falch Eriksen var p\u00e5 jobb p\u00e5 alpinsenteret da den fatale klemulykken skjedde.<\/p>\n<p><img alt=\"En ansatt ved Kjerring\u00e5sen alpinsenter i Sarpsborg omkom i en klemulykke i skiheisen i januar 2024. N\u00e5 f\u00e5r alpinsenteret bot p\u00e5 800.000. Thomas Andersen \/ NTB\" class=\"_image_jw3bv_65 layout-component layout-wide\" data-fullscreen- data-track-element-type=\"Article image fullscreen\" data-track-name=\"ImageFullscreen\" fetchpriority=\"high\" decoding=\"sync\" loading=\"eager\" height=\"1321\" itemprop=\"image\"  src=\"https:\/\/www.europesays.com\/no\/wp-content\/uploads\/2026\/09\/85dc912f-19a8-3406-9bd6-3d4d064774c8.jpeg\"  style=\"object-position:0% 0%\" width=\"1982\"\/>En ansatt ved Kjerring\u00e5sen alpinsenter i Sarpsborg omkom i en klemulykke i skiheisen i januar 2024. N\u00e5 f\u00e5r alpinsenteret bot p\u00e5 800.000. Thomas Andersen \/ NTB<\/p>\n<ul aria-hidden=\"true\" class=\"_images_ntbth_112\">\n<li><a class=\"_link_ntbth_117\" href=\"https:\/\/www.vg.no\/forfatter\/ingrid-bjoerndal-farestvedt\" style=\"z-index:2\" title=\"Ingrid Bj\u00f8rndal Farestvedt\" rel=\"nofollow noopener\" target=\"_blank\"><img alt=\"Bilde av Ingrid Bj\u00f8rndal Farestvedt\" class=\"_image_ntbth_93\" fetchpriority=\"low\" loading=\"lazy\" decoding=\"async\" itemprop=\"image\"  src=\"https:\/\/www.europesays.com\/no\/wp-content\/uploads\/2026\/09\/1788436753_136_0ca626e9-b4bd-4417-836d-161b53cb789f.jpeg\"  width=\"480\"\/><\/a><\/li>\n<li><a class=\"_link_ntbth_117\" href=\"https:\/\/www.vg.no\/forfatter\/ntb\" style=\"z-index:1\" title=\"NTB\" rel=\"nofollow noopener\" target=\"_blank\"><img alt=\"Bilde av NTB\" class=\"_image_ntbth_93\" fetchpriority=\"low\" loading=\"lazy\" decoding=\"async\" itemprop=\"image\"  src=\"https:\/\/www.europesays.com\/no\/wp-content\/uploads\/2026\/09\/1788436753_476_c33980b0-5d07-4027-84a1-813f90a7c8d6.jpeg\"  width=\"480\"\/><\/a><\/li>\n<\/ul>\n<p> Oppdatert torsdag 3. september kl. 12:01    <\/p>\n<ul class=\"_list_145nj_3 _list_64s2r_85 _unordered_145nj_106 text-sans-m\">\n<li class=\"_item_145nj_30\">Kjerring\u00e5sen Alpinsenter i Sarpsborg f\u00e5r en bot p\u00e5 800.000 kroner for uaktsomt drap.<\/li>\n<li class=\"_item_145nj_30\">Det var i januar 2024 at Roald Falch Eriksen (18) d\u00f8de i en klemulykke under vedlikehold.<\/li>\n<li class=\"_item_145nj_30\">Senteret holdes ansvarlig for manglende sikkerhet.<\/li>\n<\/ul>\n<p>Vis mer <\/p>\n<p class=\"_paragraph_145nj_4 _paragraph_6fko5_10 layout-component text-serif-m layout-normal text-serif-m layout-padded\">N\u00e5 er Kjerring\u00e5sen alpinsenter i <a href=\"https:\/\/www.vg.no\/tag\/sarpsborg?utm_source=vg-article&amp;utm_medium=auto-tagger&amp;utm_campaign=OkPz3w\" class=\"_link_145nj_39\" rel=\"nofollow noopener\" target=\"_blank\">Sarpsborg<\/a> ilagt en bot p\u00e5 800.000 kroner for uaktsomt drap.<\/p>\n<p class=\"_paragraph_145nj_4 _paragraph_6fko5_10 layout-component text-serif-m layout-normal text-serif-m layout-padded\"><strong class=\"_strong_145nj_25\">Ulykken skjedde i januar 2024.<\/strong><\/p>\n<p class=\"_paragraph_145nj_4 _paragraph_6fko5_10 layout-component text-serif-m layout-normal text-serif-m layout-padded\">N\u00e5 mener p\u00e5talemyndigheten at alpinsenteret kan holdes ansvarlig for ulykken. <\/p>\n<p><img alt=\"Det var den tredje sesongen Roald jobbet ved Kjerring\u00e5sen Alpinsenter, som er \u00d8stfolds st\u00f8rste.  Foto: Privat\" class=\"_image_jw3bv_65 layout-component layout-normal\" data-fullscreen- data-track-element-type=\"Article image fullscreen\" data-track-name=\"ImageFullscreen\" decoding=\"async\" loading=\"lazy\" height=\"411\" itemprop=\"image\"  src=\"https:\/\/www.europesays.com\/no\/wp-content\/uploads\/2026\/09\/95530070-cc50-4d39-ad62-dd01052d73ba.jpeg\"  style=\"object-position:0% 0%\" width=\"494\"\/>Det var den tredje sesongen Roald jobbet ved Kjerring\u00e5sen Alpinsenter, som er \u00d8stfolds st\u00f8rste.  Foto: Privat<\/p>\n<p class=\"_paragraph_145nj_4 _paragraph_6fko5_10 layout-component text-serif-m layout-normal text-serif-m layout-padded\">Senteret f\u00e5r en bot p\u00e5 800.000 kroner for brudd p\u00e5 straffeloven som gjelder uaktsomt drap, melder <a href=\"https:\/\/www.nrk.no\/ostfold\/18-aring-dode-pa-kjerringasen-alpinsenter_-driftsleder-tiltalt-for-uaktsomt-drap-1.18011955\" class=\"_link_145nj_39\" rel=\"nofollow noopener\" target=\"_blank\">NRK<\/a>.<\/p>\n<p class=\"_paragraph_145nj_4 _paragraph_6fko5_10 layout-component text-serif-m layout-normal text-serif-m layout-padded\">\u2013 P\u00e5talemyndigheten \u00f8nsker \u00e5 markere at det plasseres ansvar hos foretaket, nemlig alpinsenteret som hadde ansvar for sikkerheten, sier statsadvokat Kari Hangeland Buvik til kringkasteren.<\/p>\n<p class=\"_paragraph_145nj_4 _paragraph_6fko5_10 layout-component text-serif-m layout-normal layout-padded\"><strong class=\"_strong_145nj_25\">Les ogs\u00e5:<\/strong> <a href=\"https:\/\/www.vg.no\/i\/25136R\" data-track-element-type=\"Link\" data-track-id=\"link:25136R\" class=\"_link_145nj_39\" rel=\"nofollow noopener\" target=\"_blank\">Det siste han ropte, var: \u00abStopp heisen!\u00bb<\/a><\/p>\n<p class=\"_paragraph_145nj_4 _paragraph_6fko5_10 layout-component text-serif-m layout-normal text-serif-m layout-padded\">Det var den tredje sesongen Roald jobbet ved Kjerring\u00e5sen Alpinsenter, som er \u00d8stfolds st\u00f8rste.<\/p>\n<p class=\"_paragraph_145nj_4 _paragraph_6fko5_10 layout-component text-serif-m layout-normal text-serif-m layout-padded\">If\u00f8lge foreldrene ble han ansatt for \u00e5 hjelpe barn med \u00e5 f\u00e5 heisen under rumpa og leie ut ski, sko og staver.<\/p>\n<p class=\"_paragraph_145nj_4 _paragraph_6fko5_10 layout-component text-serif-m layout-normal text-serif-m layout-padded\">Denne dagen gjorde han vedlikehold p\u00e5 et stort hjul \u00f8verst i skitrekket \u2013 og ble klemt inne.<\/p>\n<p class=\"_paragraph_145nj_4 _paragraph_6fko5_10 layout-component text-serif-m layout-normal text-serif-m layout-padded\"><strong class=\"_strong_145nj_25\">Han d\u00f8de av skadene.<\/strong><\/p>\n<p class=\"_paragraph_145nj_4 _paragraph_6fko5_10 layout-component text-serif-m layout-normal text-serif-m layout-padded\">Fra f\u00f8r er det kjent at den daglige lederen for skisenteret ogs\u00e5 fikk en personlig bot p\u00e5 40.000 kroner, som han valgte \u00e5 godta.<\/p>\n<p class=\"_paragraph_145nj_4 _paragraph_6fko5_10 layout-component text-serif-m layout-normal text-serif-m layout-padded\">Han er ikke en del av den nye avgj\u00f8relsen fra statsadvokaten, fordi saken er rettskraftig.<\/p>\n<p>    <img decoding=\"async\" alt=\"Tips oss illustrasjon\" src=\"https:\/\/www.europesays.com\/no\/wp-content\/uploads\/2026\/09\/1788436755_538_pssst-small.webp\"\/>    <\/p>\n<p class=\"title-serif-s\">Har du tips?<\/p>\n<p class=\"text-sans-m\">Send oss informasjon, bilder eller video.<\/p>\n<p>  <a href=\"https:\/\/www.vg.no\/tips-oss\" rel=\"nofollow noopener\" target=\"_blank\"> Tips oss <\/a>      <\/p>\n","protected":false},"excerpt":{"rendered":"18 \u00e5r gamle Roald Falch Eriksen var p\u00e5 jobb p\u00e5 alpinsenteret da den fatale klemulykken skjedde. En ansatt&hellip;\n","protected":false},"author":2,"featured_media":342730,"comment_status":"","ping_status":"","sticky":false,"template":"","format":"standard","meta":{"footnotes":"","_share_on_mastodon":"0"},"categories":[10],"tags":[20,21,24,25,15,22,23,13,30,28,29,14,16,812,26,27,1204],"class_list":["post-342729","post","type-post","status-publish","format-standard","has-post-thumbnail","category-norge","tag-breaking-news","tag-breakingnews","tag-featured-news","tag-featurednews","tag-headlines","tag-latest-news","tag-latestnews","tag-news","tag-no","tag-norge","tag-norway","tag-nyheter","tag-overskrifter","tag-sarpsborg","tag-top-stories","tag-topstories","tag-ulykker"],"share_on_mastodon":{"url":"https:\/\/pubeurope.com\/@no\/117206999102783231","error":""},"_links":{"self":[{"href":"https:\/\/www.europesays.com\/no\/wp-json\/wp\/v2\/posts\/342729","targetHints":{"allow":["GET"]}}],"collection":[{"href":"https:\/\/www.europesays.com\/no\/wp-json\/wp\/v2\/posts"}],"about":[{"href":"https:\/\/www.europesays.com\/no\/wp-json\/wp\/v2\/types\/post"}],"author":[{"embeddable":true,"href":"https:\/\/www.europesays.com\/no\/wp-json\/wp\/v2\/users\/2"}],"replies":[{"embeddable":true,"href":"https:\/\/www.europesays.com\/no\/wp-json\/wp\/v2\/comments?post=342729"}],"version-history":[{"count":0,"href":"https:\/\/www.europesays.com\/no\/wp-json\/wp\/v2\/posts\/342729\/revisions"}],"wp:featuredmedia":[{"embeddable":true,"href":"https:\/\/www.europesays.com\/no\/wp-json\/wp\/v2\/media\/342730"}],"wp:attachment":[{"href":"https:\/\/www.europesays.com\/no\/wp-json\/wp\/v2\/media?parent=342729"}],"wp:term":[{"taxonomy":"category","embeddable":true,"href":"https:\/\/www.europesays.com\/no\/wp-json\/wp\/v2\/categories?post=342729"},{"taxonomy":"post_tag","embeddable":true,"href":"https:\/\/www.europesays.com\/no\/wp-json\/wp\/v2\/tags?post=342729"}],"curies":[{"name":"wp","href":"https:\/\/api.w.org\/{rel}","templated":true}]}}