{"id":342805,"date":"2026-09-03T13:15:29","date_gmt":"2026-09-03T13:15:29","guid":{"rendered":"https:\/\/www.europesays.com\/no\/342805\/"},"modified":"2026-09-03T13:15:29","modified_gmt":"2026-09-03T13:15:29","slug":"ekspert-dette-er-trumps-krav-2","status":"publish","type":"post","link":"https:\/\/www.europesays.com\/no\/342805\/","title":{"rendered":"Ekspert: Dette er Trumps krav"},"content":{"rendered":"<p class=\"subtitle \" style=\"\">Torsdag skal Det hvite hus holde sin f\u00f8rste pressebriefing p\u00e5 over 40 dager. Ett sp\u00f8rsm\u00e5l henger i lufta: Hvem skal m\u00f8te pressen?<\/p>\n<p>\n    TOMT PODIUM: Etter Karoline Leavitts avgang spekuleres det heftig i hvem Donald Trump vil peke ut som sin neste pressesekret\u00e6r. Foto: Julia Demaree Nikhinson \/ AP\n  <\/p>\n<p>Torsdag rettes kameraene igjen mot podiet i Det hvite hus.<\/p>\n<p>If\u00f8lge <a href=\"https:\/\/thehill.com\/homenews\/administration\/6063949-white-house-press-briefing-scheduled\/\" target=\"_blank\" rel=\"nofollow noopener\">The Hill<\/a> har en representant for Det hvite hus bekreftet at det skal holdes pressebriefing torsdag &#8211; den f\u00f8rste p\u00e5 over 40 dager. Men vedkommende ville ikke si hvem som faktisk skal st\u00e5 der.<\/p>\n<p class=\"font-weight-normal m-font-weight-normal\" data-lab-font_weight=\"font-weight-normal\">Dermed er det duket for en ny runde i Washingtons kanskje mest intense sensommerlek:<\/p>\n<p class=\"font-weight-bold m-font-weight-bold\" data-lab-font_weight=\"font-weight-bold\">Gjetteleken om hvem som skal fylle tomrommet etter Karoline Leavitt.<\/p>\n<blockquote class=\"twitter-tweet\">\n<p lang=\"en\" dir=\"ltr\">White House official confirms there will be a press briefing on Thursday afternoon, the first since Karoline Leavitt&#8217;s last one on July 23, but doesn&#8217;t say who will be at the podium. Might Trump be tempted to give it a try, given that Leavitt said in her parting remarks last week\u2026<\/p>\n<p>\u2014 Danny Kemp (@dannyctkemp) <a href=\"https:\/\/x.com\/dannyctkemp\/status\/2094859142716702906?ref_src=twsrc%5Etfw\" rel=\"nofollow\">September 1, 2026<\/a><\/p><\/blockquote>\n<p> For i Trumps Washington handler pressesekret\u00e6rjobben ikke bare om \u00e5 svare p\u00e5 sp\u00f8rsm\u00e5l. Den handler om \u00e5 t\u00e5le presset, vinne TV-\u00f8yeblikkene &#8211; og snakke flytende MAGA.<\/p>\n<p>&#8211; Kan g\u00e5 uker\t<\/p>\n<p>Leavitt avsluttet nylig sin siste dag som pressesekret\u00e6r. Hun skal fortsatt v\u00e6re tilknyttet Donald Trump som ekstern r\u00e5dgiver, skriver The Hill.<\/p>\n<p class=\"font-weight-bold m-font-weight-bold\" data-lab-font_weight=\"font-weight-bold\">Trump har p\u00e5 sin side ikke gitt uttrykk for at han har det travelt med \u00e5 peke ut en arvtaker. Leavitt sa selv p\u00e5 sin siste dag at presidenten er \u00absin egen beste talsperson\u00bb.<\/p>\n<p>Det kan forklare hvorfor prosessen framst\u00e5r mer som et politisk pokerspill enn en vanlig ansettelse.<\/p>\n<p>        <img loading=\"lazy\" decoding=\"async\" src=\"https:\/\/www.europesays.com\/no\/wp-content\/uploads\/2026\/09\/1788441322_269_84303177.webp\" width=\"667\" height=\"381\" alt=\"\" class=\"\" style=\"--aspect-ratio-image: 1.75; \"\/><\/p>\n<p>\n        NORSK EKSPERT: Eirik L\u00f8kke, r\u00e5dgiver i Civita og USA-ekspert. Foto: Javad Parsa \/ NTB\n    <\/p>\n<p>Civita-r\u00e5dgiver og USA-ekspert Eirik L\u00f8kke er ikke altfor optimistisk til at vi f\u00e5r en endelig avklaring f\u00f8rstkommende torsdag.<\/p>\n<p>&#8211; Mitt inntrykk er at Trump ikke har det travelt, og det kan g\u00e5 dager, s\u00e5gar uker f\u00f8r en erstatter blir offentliggjort, sier han til Dagbladet.<\/p>\n<p>    <a itemprop=\"url\" href=\"https:\/\/www.dagbladet.no\/nyheter\/trekker-seg\/85091773\" rel=\"nofollow noopener\" target=\"_blank\"><\/p>\n<p>        <img loading=\"lazy\" decoding=\"async\" src=\"https:\/\/www.europesays.com\/no\/wp-content\/uploads\/2026\/09\/1788441322_160_85091778.webp\" width=\"147\" height=\"98\" alt=\"\" class=\"lazyload\" style=\"--aspect-ratio-image: 1.50; \"\/><\/p>\n<p>        Trekker seg<\/p>\n<p>    <\/a><\/p>\n<p>Ingen \u00e5penbar arving\t<\/p>\n<p>Dagbladet har tidligere omtalt at <a href=\"https:\/\/www.dagbladet.no\/nyheter\/spekulasjonene-fortsetter-ingen-apenbar-arvtaker\/85017870\" target=\"_blank\" rel=\"nofollow noopener\">spekulasjonene om Leavitts etterf\u00f8lger<\/a> har \u00abherjet\u00bb i amerikanske medier.<\/p>\n<p class=\"font-weight-bold m-font-weight-bold\" data-lab-font_weight=\"font-weight-bold\">If\u00f8lge kilder til <a href=\"https:\/\/edition.cnn.com\/2026\/08\/13\/politics\/karoline-leavitt-potential-replacements\" target=\"_blank\" rel=\"nofollow noopener\">CNN<\/a>\u00a0er\u00a0det \u00abikke \u00e5penbart\u00bb hvem som tar over. <a href=\"https:\/\/www.politico.com\/news\/2026\/08\/13\/inside-the-search-to-replace-karoline-leavitt-01036657\" target=\"_blank\" rel=\"nofollow noopener\">The Politico<\/a> har omtalt det p\u00e5 samme m\u00e5te: Selv om navnene fosser fram, ser det ikke ut til \u00e5 finnes en klar arving.<\/p>\n<p>        <img loading=\"lazy\" decoding=\"async\" src=\"https:\/\/www.europesays.com\/no\/wp-content\/uploads\/2026\/09\/1788441323_968_85093782.webp\" width=\"667\" height=\"414\" alt=\"\" class=\"\" style=\"--aspect-ratio-image: 1.61; \"\/><\/p>\n<p>\n        KAN TA TID: USA-ekspert Eirik L\u00f8kke tror det kan g\u00e5 b\u00e5de dager og uker f\u00f8r Donald Trump offentliggj\u00f8r en erstatter for Karoline Leavitt. Foto: Foto: Kylie Cooper \/ Reuters\n    <\/p>\n<p>En kilde med tett kjennskap til Det hvite hus har overfor CNN heller ikke utelukket at Trump venter helt til etter mellomvalget i november med \u00e5 utnevne en ny pressesekret\u00e6r.<\/p>\n<p>Andre kilder har g\u00e5tt enda lenger, og spekulert i om rollen kan bli st\u00e5ende ubesatt resten av perioden.<\/p>\n<p>    <a itemprop=\"url\" href=\"https:\/\/www.dagbladet.no\/nyheter\/jakter-leavitts-arvtaker-ryktene-svirrer\/85013239\" rel=\"nofollow noopener\" target=\"_blank\"><\/p>\n<p>        <img loading=\"lazy\" decoding=\"async\" src=\"https:\/\/www.europesays.com\/no\/wp-content\/uploads\/2026\/09\/1788441324_874_85013764.webp\" width=\"147\" height=\"98\" alt=\"\" class=\"lazyload\" style=\"--aspect-ratio-image: 1.50; \"\/><\/p>\n<p>        Jakter Leavitts arvtaker: Ryktene svirrer<\/p>\n<p>    <\/a><\/p>\n<p>Dedikert Trump-forsvarer\t<\/p>\n<p>Samtidig har en anonym republikansk representant sagt til CNN at stillingen \u00abkommer til \u00e5 bli besatt &#8211; og at det skjer snart\u00bb.<\/p>\n<p>Det er med andre ord en klassisk Trump-\u00f8velse: Alle snakker, f\u00e5 vet, og presidenten holder kortene tett til brystet.<\/p>\n<p class=\"font-weight-bold m-font-weight-bold\" data-lab-font_weight=\"font-weight-bold\">Blant navnene som oftest trekkes fram, er <a href=\"https:\/\/www.dagbladet.no\/nyheter\/kan-fa-toppjobb-trump-liker-ham\/85042633\" target=\"_blank\" rel=\"nofollow noopener\">Scott Jennings<\/a>.<\/p>\n<p>        <img loading=\"lazy\" decoding=\"async\" src=\"https:\/\/www.europesays.com\/no\/wp-content\/uploads\/2026\/09\/1788441325_412_85097346.webp\" width=\"667\" height=\"381\" alt=\"\" class=\"\" style=\"--aspect-ratio-image: 1.75; \"\/><\/p>\n<p>\n        RULLER OPP: Scott Jennings, konservativ kommentator og TV-personlighet, skal v\u00e6re en sterk kandidat til \u00e5 bli ny pressesekret\u00e6r i Det hvite hus. Foto: Gage Skidmore \/ ZUMA Press Wire\n    <\/p>\n<p>Den konservative CNN-kommentatoren har de siste \u00e5ra blitt en av Trumps mest markante forsvarere p\u00e5 kanalen, til tross for at han tidligere var kritisk til Trump etter stormingen av Kongressen 6. januar 2021.<\/p>\n<p><a href=\"https:\/\/edition.cnn.com\/2026\/08\/20\/politics\/scott-jennings-white-house-press-secretary-process\" target=\"_blank\" rel=\"nofollow noopener\">Politico<\/a> har skrevet at Jennings er godt likt av b\u00e5de Trump og folk rundt presidenten, og at Trump skal ha ringt profilerte allierte for \u00e5 h\u00f8re hva de mener om ham som mulig Leavitt-erstatter.<\/p>\n<p>    <a itemprop=\"url\" href=\"https:\/\/www.dagbladet.no\/nyheter\/kan-fa-toppjobb-trump-liker-ham\/85042633\" rel=\"nofollow noopener\" target=\"_blank\"><\/p>\n<p>        <img loading=\"lazy\" decoding=\"async\" src=\"https:\/\/www.europesays.com\/no\/wp-content\/uploads\/2026\/09\/1788441326_923_85042646.webp\" width=\"147\" height=\"98\" alt=\"\" class=\"lazyload\" style=\"--aspect-ratio-image: 1.50; \"\/><\/p>\n<p>        Kan f\u00e5 toppjobb: &#8211; Trump liker ham<\/p>\n<p>    <\/a><\/p>\n<p>&#8211; Bindeledd for \u00e5penhet\t<\/p>\n<p>Jennings har selv ikke villet svare direkte p\u00e5 om han \u00f8nsker seg jobben.<\/p>\n<p class=\"font-weight-bold m-font-weight-bold\" data-lab-font_weight=\"font-weight-bold\">&#8211; Det amerikanske folk fortjener noen som kan g\u00e5 ut og fortelle dem s\u00e5 mye som mulig om hva som skjer med presidenten og regjeringen, sa Jennings nylig p\u00e5 CNN.<\/p>\n<p>&#8211; Den jobben fungerer som et bindeledd for \u00e5penhet, b\u00e5de foran kamera og bak kulissene, og det er en viktig del av rollen, fortsatte han.<\/p>\n<p>        <img loading=\"lazy\" decoding=\"async\" src=\"https:\/\/www.europesays.com\/no\/wp-content\/uploads\/2026\/09\/1788441327_923_85097361.webp\" width=\"667\" height=\"381\" alt=\"\" class=\"\" style=\"--aspect-ratio-image: 1.75; \"\/><\/p>\n<p>\n        LIKT AV SJEFEN: Trump har tidligere rost Leavitt som en av sine \u00abmest p\u00e5litelige assistenter\u00bb og \u00aben av de beste pressesekret\u00e6rene i embetets historie\u00bb. Foto: Julia Demaree Nikhinson \/ AP\n    <\/p>\n<p>If\u00f8lge Politico skal han ogs\u00e5 ha drevet det avisa omtaler som en offentlig \u00abaudition\u00bb for jobben.<\/p>\n<p> Jennings er likevel langt fra alene p\u00e5 rykteb\u00f8rsen. <\/p>\n<p>TV-fjes og Trump-lojalitet\t<\/p>\n<p>Alina Habba, Trumps tidligere personlige advokat, er ogs\u00e5 nevnt av flere medier. Det samme er Steven Cheung, kommunikasjonsdirekt\u00f8r i Det hvite hus og mange\u00e5rig Trump-r\u00e5dgiver.<\/p>\n<p>        <img loading=\"lazy\" decoding=\"async\" src=\"https:\/\/www.europesays.com\/no\/wp-content\/uploads\/2026\/09\/1788441328_400_85097359.webp\" width=\"667\" height=\"381\" alt=\"\" class=\"\" style=\"--aspect-ratio-image: 1.75; \"\/><\/p>\n<p>\n        NEVNES: Anna Kelly, assisterende pressesekret\u00e6r i Det hvite hus, trekkes fram som en av kandidatene til \u00e5 overta etter Karoline Leavitt. Foto: @AnnaKellyGOP \/ X\n    <\/p>\n<p class=\"font-weight-bold m-font-weight-bold\" data-lab-font_weight=\"font-weight-bold\">Ogs\u00e5 Anna Kelly, assisterende pressesekret\u00e6r i Det hvite hus, er blant navnene som har g\u00e5tt igjen.<\/p>\n<p>Hun har jobbet under Leavitt, f\u00e5tt en bred portef\u00f8lje i presseavdelingen og gjort flere opptredener i store amerikanske medier, if\u00f8lge Politico.<\/p>\n<p>        <img loading=\"lazy\" decoding=\"async\" src=\"https:\/\/www.europesays.com\/no\/wp-content\/uploads\/2026\/09\/1788441329_371_85097353.webp\" width=\"667\" height=\"381\" alt=\"\" class=\"\" style=\"--aspect-ratio-image: 1.75; \"\/><\/p>\n<p>\n        LOJAL: Steven Cheung har v\u00e6rt en del av Trumps administrasjon i ei \u00e5rrekke. Her avbildet om bord i Air Force One i mars i \u00e5r. Foto: Mark Schiefelbein \/ AP\n    <\/p>\n<p class=\"font-weight-bold m-font-weight-bold\" data-lab-font_weight=\"font-weight-bold\">I tillegg har medier trukket fram navn som Monica Crowley, Elizabeth Pipko, Katie Miller, Sage Steele og Tricia McLaughlin.<\/p>\n<p>En annen er f\u00f8r-nevnte Steven Cheung, n\u00e5v\u00e6rende kommunikasjonsdirekt\u00f8r i Det hvite hus. Han har v\u00e6rt en r\u00e5dgiver for Trump gjennom mange \u00e5r etter at han entret \u00abTrump-skipet\u00bb og valgkampanjen i 2016.<\/p>\n<p>    <a itemprop=\"url\" href=\"https:\/\/www.dagbladet.no\/nyheter\/stotten-stuper\/85091575\" rel=\"nofollow noopener\" target=\"_blank\"><\/p>\n<p>        <img loading=\"lazy\" decoding=\"async\" src=\"https:\/\/www.europesays.com\/no\/wp-content\/uploads\/2026\/09\/1788441329_317_85091587.webp\" width=\"147\" height=\"98\" alt=\"\" class=\"lazyload\" style=\"--aspect-ratio-image: 1.50; \"\/><\/p>\n<p>        St\u00f8tten stuper<\/p>\n<p>    <\/a><\/p>\n<p>Holder en knapp p\u00e5 disse\t<\/p>\n<p>P\u00e5 sp\u00f8rsm\u00e5l om hvem han tror blir ny pressesekret\u00e6r i Det hvite hus, tipper Eirik L\u00f8kke p\u00e5 to kandidater.<\/p>\n<p>&#8211; Scott Jennings er en konservativ kommentator p\u00e5 CNN, og Trump har merket seg at Jennings ofte forsvarer presidenten p\u00e5 TV. Jennings uttrykte dog kritikk av Trump i forbindelse med 2020-valget, og det kan bidra til \u00e5 gj\u00f8re han mindre aktuell.<\/p>\n<p>        FERDIG: Karoline Leavitt gir seg som pressesekret\u00e6r i Det hvite hus. Her er noen av hennes mest kjente \u00f8yeblikk foran pressen. Video: X \/ AP. Reporter: Christian T. Castberg.<\/p>\n<p class=\"font-weight-bold m-font-weight-bold\" data-lab-font_weight=\"font-weight-bold\">I tillegg trekker han fram Anna Kelly som en mulig arvtager.<\/p>\n<p>&#8211; Hun er Trump-lojal og er likhet med Leavitt ung, pen og kvinne. Sp\u00f8rsm\u00e5let er om hun er en like effektiv l\u00f8gner som Leavitt. \u00c5 v\u00e6re god p\u00e5 lyve er et absolutt krav hvis man skal v\u00e6re pressetalskvinne for Trump.<\/p>\n","protected":false},"excerpt":{"rendered":"Torsdag skal Det hvite hus holde sin f\u00f8rste pressebriefing p\u00e5 over 40 dager. Ett sp\u00f8rsm\u00e5l henger i lufta:&hellip;\n","protected":false},"author":2,"featured_media":342806,"comment_status":"","ping_status":"","sticky":false,"template":"","format":"standard","meta":{"footnotes":"","_share_on_mastodon":"0"},"categories":[12],"tags":[20,21,55,24,25,15,9369,22,23,13,30,28,29,14,16,26,27,412,42,43,44,45],"class_list":["post-342805","post","type-post","status-publish","format-standard","has-post-thumbnail","category-verden","tag-breaking-news","tag-breakingnews","tag-donald-trump","tag-featured-news","tag-featurednews","tag-headlines","tag-karoline-leavitt","tag-latest-news","tag-latestnews","tag-news","tag-no","tag-norge","tag-norway","tag-nyheter","tag-overskrifter","tag-top-stories","tag-topstories","tag-utenriks","tag-verden","tag-world","tag-world-news","tag-worldnews"],"share_on_mastodon":{"url":"https:\/\/pubeurope.com\/@no\/117207298109252259","error":""},"_links":{"self":[{"href":"https:\/\/www.europesays.com\/no\/wp-json\/wp\/v2\/posts\/342805","targetHints":{"allow":["GET"]}}],"collection":[{"href":"https:\/\/www.europesays.com\/no\/wp-json\/wp\/v2\/posts"}],"about":[{"href":"https:\/\/www.europesays.com\/no\/wp-json\/wp\/v2\/types\/post"}],"author":[{"embeddable":true,"href":"https:\/\/www.europesays.com\/no\/wp-json\/wp\/v2\/users\/2"}],"replies":[{"embeddable":true,"href":"https:\/\/www.europesays.com\/no\/wp-json\/wp\/v2\/comments?post=342805"}],"version-history":[{"count":0,"href":"https:\/\/www.europesays.com\/no\/wp-json\/wp\/v2\/posts\/342805\/revisions"}],"wp:featuredmedia":[{"embeddable":true,"href":"https:\/\/www.europesays.com\/no\/wp-json\/wp\/v2\/media\/342806"}],"wp:attachment":[{"href":"https:\/\/www.europesays.com\/no\/wp-json\/wp\/v2\/media?parent=342805"}],"wp:term":[{"taxonomy":"category","embeddable":true,"href":"https:\/\/www.europesays.com\/no\/wp-json\/wp\/v2\/categories?post=342805"},{"taxonomy":"post_tag","embeddable":true,"href":"https:\/\/www.europesays.com\/no\/wp-json\/wp\/v2\/tags?post=342805"}],"curies":[{"name":"wp","href":"https:\/\/api.w.org\/{rel}","templated":true}]}}