{"id":342841,"date":"2026-09-03T13:45:16","date_gmt":"2026-09-03T13:45:16","guid":{"rendered":"https:\/\/www.europesays.com\/no\/342841\/"},"modified":"2026-09-03T13:45:16","modified_gmt":"2026-09-03T13:45:16","slug":"vil-arrangere-ski-vm-hvert-ar","status":"publish","type":"post","link":"https:\/\/www.europesays.com\/no\/342841\/","title":{"rendered":"Vil arrangere ski-VM hvert \u00e5r"},"content":{"rendered":"<p>Fredag morgen gikk kong Harald bort, 89 \u00e5r gammel. I samme \u00f8yeblikk ble Haakon den nye kongen av Norge.<\/p>\n<p>Det norske kongehuset har over lang tid f\u00e5tt skryt for sin \u00e5penhet. N\u00e5 kan det se ut til at de er blitt hakket mer \u00e5pne.<\/p>\n<p>Dagbladet har v\u00e6rt i kontakt med Trond Albert Skjelbred, PR-ekspert og partner i kommunikasjonshuset Apriil og spurt om kongehusets \u00e5penhet.\u00a0<\/p>\n<p>        <img loading=\"lazy\" decoding=\"async\" itemprop=\"image\" src=\"https:\/\/www.europesays.com\/no\/wp-content\/uploads\/2026\/09\/85095668.webp\" width=\"180\" height=\"180\" alt=\"\"\/><\/p>\n<p>                    Trond Albert Skjelbred<br \/>\n                        Trond Albert<br \/>\n                        Skjelbred<\/p>\n<p>                    Trond Albert Skjelbred<br \/>\n                        PR-ekspert og partner i kommunikasjonshuset Apriil<\/p>\n<p>Foto: Halfdan Hallseth<\/p>\n<p>Det har nemlig kommet mange drypp fra kongehuset de siste dagene, som kanskje vitner om et enda mer \u00e5pent kongehus under den ferske kongen, mener ekspertene.\u00a0<\/p>\n<p>&#8211; Jeg har alltid opplevd kong Harald som \u00e5pen. Han var \u00e6rlig, jordn\u00e6r, klok og uj\u00e5lete. Ydmyk. Det ble sagt tidligere at han var ganske sjenert i starten av sin gjerning, og at han p\u00e5 en m\u00e5te vokste ut av det etter hvert.<\/p>\n<p>Han mener at resultatet av kong Haralds person, og hans gjerning, har gjort seg tydelig de siste dagene.<\/p>\n<p>    <a itemprop=\"url\" href=\"https:\/\/www.dagbladet.no\/kjendis\/dukket-opp-i-sorgeslor\/85094955\" rel=\"nofollow noopener\" target=\"_blank\"><\/p>\n<p>        <img loading=\"lazy\" decoding=\"async\" src=\"https:\/\/www.europesays.com\/no\/wp-content\/uploads\/2026\/09\/1788443111_510_85094832.webp\" width=\"147\" height=\"98\" alt=\"\" class=\"lazyload\" style=\"--aspect-ratio-image: 1.50; \"\/><\/p>\n<p>        Dukket opp i s\u00f8rgesl\u00f8r<\/p>\n<p>    <\/a><\/p>\n<p>Folk har trukket til gatene, og mange \u00f8nsker \u00e5 v\u00e6re sammen i denne tida. Det tror Skjelbred kan komme av at kong Harald var s\u00e5pass \u00e5pen.<\/p>\n<p>&#8211; Kong Haakon har ikke v\u00e6rt konge s\u00e6rlig lenge &#8211; s\u00e5 vi kan ikke konkludere med verken det ene eller det andre, men vi ser en retning. Den f\u00f8rste talen p\u00e5 fredag var n\u00e6r, personlig og ekte. Det var \u00abpappa\u00bb, det var \u00abmamma\u00bb, han snakket til sin far, og til folket, sier han, og fortsetter:<\/p>\n<p>        <img loading=\"lazy\" decoding=\"async\" src=\"https:\/\/www.europesays.com\/no\/wp-content\/uploads\/2026\/09\/85096949.webp\" width=\"686\" height=\"460\" alt=\"\" class=\"\" style=\"--aspect-ratio-image: 1.49; \"\/><\/p>\n<p>\n        SAMMEN I SORGEN: Tusenvis av mennesker har s\u00f8kt til Slottsplassen de siste dagene. Foto: Bj\u00f8rn Langsem \/ Dagbladet\n    <\/p>\n<p>&#8211; Den talen er blitt gjennomanalysert, og etter det jeg har sett, har den f\u00e5tt god score, for \u00e5 si det s\u00e5nn. Det lover jo godt med kong Haakon.<\/p>\n<p>En annen tid<\/p>\n<p>Han trekker fram at kong Haakon allerede i sommer, da som kronprins, tok del i folkefesten knyttet til VM &#8211; og rodde sammen med folket.<\/p>\n<p>&#8211; Akkurat det har vi kanskje ikke sett kong Harald gj\u00f8re.<\/p>\n<p>Skjelbred peker ogs\u00e5 p\u00e5 at vi har f\u00e5tt se noen bilder av de kongelige de siste dagene, som har p\u00e5virket befolkningen, i forhold til dette med \u00e5penhet.<\/p>\n<p>        EDSAVLEGGELSE: Kong Haakon har avlegger ed for Stortinget. Dronning Mette-Marit kunne ikke stille. Video: NRK \/ Dagbladet TV<\/p>\n<p>&#8211; Dette bildet som er tatt bakfra, inne p\u00e5 Slottet, der de st\u00e5r og ser ut vinduet. Dronning Sonja sitter p\u00e5 kn\u00e6rne og ser ut. De velger \u00e5 dele dette bildet av en grunn. De ser ut mot folket og framst\u00e5r s\u00e5rbare og ydmyke. I tillegg kommer de ut fysisk ogs\u00e5.<\/p>\n<p>Mandag ble kong Haralds b\u00e5re fraktet gjennom Slottet. Dette fikk det norske folk f\u00f8lge p\u00e5 TV &#8211; det har aldri skjedd f\u00f8r.<\/p>\n<p>&#8211; Det er en annen tid n\u00e5 i 2026, enn siste dette skjedde i 1991. Samfunnet endrer seg, mediebildet endrer seg &#8211; og n\u00e5 er det blitt mer \u00e5pent og inkluderende. Det er nok det dette er et resultat av. S\u00e5 kan man selvf\u00f8lgelig velge \u00e5 lukke det igjen, men de har valgt \u00e5 v\u00e6re \u00e5pne &#8211; og jeg er veldig tilhenger av \u00e5penhet, generelt.<\/p>\n<p>Skjelbred tror \u00e5penheten er en kombinasjon av en valgt strategi, men ogs\u00e5 den personen kong Haakon er.<\/p>\n<p>    <a itemprop=\"url\" href=\"https:\/\/www.dagbladet.no\/kjendis\/dronningen-uteblir-dramatisk\/85093523\" rel=\"nofollow noopener\" target=\"_blank\"><\/p>\n<p>        <img loading=\"lazy\" decoding=\"async\" src=\"https:\/\/www.europesays.com\/no\/wp-content\/uploads\/2026\/09\/1788443112_852_85093552.webp\" width=\"147\" height=\"98\" alt=\"\" class=\"lazyload\" style=\"--aspect-ratio-image: 1.50; \"\/><\/p>\n<p>        Dronningen uteblir: &#8211; Dramatisk<\/p>\n<p>    <\/a><\/p>\n<p>&#8211; Lederen har veldig mye \u00e5 si, n\u00e5r det kommer til hvilke grad \u00e5penheten heies fram. Kong Haakon har g\u00e5tt en god skole. Faren ble folkekonge som sin far igjen, kong Olav.<\/p>\n<p>&#8211; Skiller de beste fra resten<\/p>\n<p>Han trekker fram det kjente bildet av kong Olav p\u00e5 trikken.<\/p>\n<p>&#8211; Et bilde kan endre oppfatningen av en person, organisasjon eller bedrift. Og det trenger ikke v\u00e6re mer enn et \u00f8yeblikksbilde &#8211; vi vet jo ikke egentlig i hvilken grad det bildet av kong Olav var avtalt. Og det f\u00e5r vi kanskje aldri vite.<\/p>\n<p>        <img loading=\"lazy\" decoding=\"async\" src=\"https:\/\/www.europesays.com\/no\/wp-content\/uploads\/2026\/09\/85096046.webp\" width=\"686\" height=\"460\" alt=\"\" class=\"\" style=\"--aspect-ratio-image: 1.49; \"\/><\/p>\n<p>\n        FOLKEKONGEN: Dette bildet gjorde sitt for kong Olavs popularitet, som til slutt fikk tilnavnet \u00abfolkekongen\u00bb. Foto: Jan A. Martinsen \/ Aftenposten\n    <\/p>\n<p class=\"italic m-italic\" data-lab-italic=\"italic\">&#8211; Det er ikke n\u00f8dvendigvis opp til vedkommende om det er et positivt eller negativt \u00f8yeblikksbilde?<\/p>\n<p>&#8211; Det er et godt poeng. Mediene, alts\u00e5 du og de andre journalistene, styrer jo mye av v\u00e5r oppfatning av politikere, ledere og kongelige. De beste bygger og vedlikeholder relasjoner og viser hvem de er, og det gj\u00f8r de i fredstid. Stiller du opp for mediene, s\u00e5 er bel\u00f8nningen at du blir behandlet \u00abfair\u00bb. Hvis du knepper igjen, s\u00e5 bygger ikke det tillit og relasjonen blir svakere. Hvis du stiller opp, st\u00e5r oppreist og er \u00e6rlig og vennlig n\u00e5r det er krevende, er du god. Dette skiller de beste fra resten.<\/p>\n<p>        M\u00d8TTE FOLKET: Mandag ettermiddag dukket kong Haakon, dronning Mette-Marit, dronning Sonja og prinsesse M\u00e4rtha Louise opp for \u00e5 m\u00f8te folket og legge ned roser p\u00e5 Slottsplassen. Bilder fra NRK. <\/p>\n<p>Dagbladet har ogs\u00e5 snakket med omd\u00f8mmeekspert Trond Blindheim. Han er enig i at kongehuset under kong Haakon allerede framst\u00e5r mer \u00e5pent &#8211; til tross for at det norske kongehuset lenge er blitt sett p\u00e5 som en ganske \u00e5pen intitiusjon.<\/p>\n<p>        <img loading=\"lazy\" decoding=\"async\" itemprop=\"image\" src=\"https:\/\/www.europesays.com\/no\/wp-content\/uploads\/2026\/09\/75934093.webp\" width=\"180\" height=\"180\" alt=\"\"\/><\/p>\n<p>                    Trond Blindheim<br \/>\n                        Trond<br \/>\n                        Blindheim<\/p>\n<p>                    Trond Blindheim<br \/>\n                        Sosiolog og omd\u00f8mmeekspert<\/p>\n<p>Foto: Kristiania<\/p>\n<p>&#8211; Vi ser at det for hver generasjon kongelige, blir litt st\u00f8rre \u00e5penhet. S\u00e5 det har med samfunnsutviklingen og kulturen v\u00e5r \u00e5 gj\u00f8re.<\/p>\n<p>Blindheim trekker fram sosiale medier, og s\u00e6rlig bildet av kongefamilien som ble publisert p\u00e5 Instagram. De kongelige sto i et vindu p\u00e5 Slottet, og s\u00e5 utover Slottsplassen.<\/p>\n<p>&#8211; Vi ser at veldig mye av det som ble ansett som backstage f\u00f8r, n\u00e5 blir vist fram. Vi f\u00e5r nesten kikke inn i garderoben n\u00e5, s\u00e5 det er litt st\u00f8rre \u00e5penhet.<\/p>\n<p>        <img loading=\"lazy\" decoding=\"async\" src=\"https:\/\/www.europesays.com\/no\/wp-content\/uploads\/2026\/09\/85097110.webp\" width=\"686\" height=\"460\" alt=\"\" class=\"\" style=\"--aspect-ratio-image: 1.49; \"\/><\/p>\n<p>\n        AVLA ED: B\u00e5de kongen og kronprinsessen har avlagt sin ed til Grunnloven. Foto: Bj\u00f8rn Langsem \/ Dagbladet\n    <\/p>\n<p>Kong Haakon er oppvokst i en annen generasjon, og har sosialisert p\u00e5 en annen m\u00e5te &#8211; i et annet type samfunn &#8211; enn det kong Harald gjorde i sin tid, mener Blindheim.<\/p>\n<p>&#8211; \u00c5penheten er st\u00f8rre generelt &#8211; og derfor ogs\u00e5 i kongehuset.<\/p>\n<p>En reprise venter  <\/p>\n<p>Blindheim tror, i likhet med Skjelbred, at \u00e5penheten er en kombinasjon av strategi, og den personen kongen er.<\/p>\n<p>    <a itemprop=\"url\" href=\"https:\/\/www.dagbladet.no\/kjendis\/signaliserer-tronskiftet\/85087302\" rel=\"nofollow noopener\" target=\"_blank\"><\/p>\n<p>        <img loading=\"lazy\" decoding=\"async\" src=\"https:\/\/www.europesays.com\/no\/wp-content\/uploads\/2026\/09\/1788443115_692_85088348.webp\" width=\"147\" height=\"98\" alt=\"\" class=\"lazyload\" style=\"--aspect-ratio-image: 1.50; \"\/><\/p>\n<p>        &#8211; Signaliserer tronskiftet<\/p>\n<p>    <\/a><\/p>\n<p>&#8211; Jeg tror nok at de er veldig opptatt av omd\u00f8mmet sitt. Hva m\u00e5 til for \u00e5 skape et godt omd\u00f8mme? Hva skal man dele, hva skal man holde for seg selv? Den grensegangen mellom det offentlige og det private, den blir mer og mer utvisket, og det gjelder i h\u00f8yeste grad for kongehuset, sier han, og fortsetter:<\/p>\n<p>&#8211; Vi ser det ogs\u00e5 etter de skandalene som har v\u00e6rt, b\u00e5de med Marius Borg H\u00f8iby og Epstein-relasjonen til dronning Mette-Marit &#8211; det er nok mer \u00e5penhet n\u00e5, selv om de har v\u00e6rt veldig sparsommelige i kommentarene.<\/p>\n<p>        <img loading=\"lazy\" decoding=\"async\" src=\"https:\/\/www.europesays.com\/no\/wp-content\/uploads\/2026\/09\/85096082.webp\" width=\"686\" height=\"460\" alt=\"\" class=\"\" style=\"--aspect-ratio-image: 1.49; \"\/><\/p>\n<p>\n        TIL STEDE: Marius Borg H\u00f8iby var med resten av familien da kong Haralds b\u00e5re ble f\u00f8rt gjennom Slottet. Kong Harald fungerte som bonusbestefar fra Borg H\u00f8iby var tre \u00e5r gammel. Foto: Lise \u00c5serud \/ NTB\n    <\/p>\n<p>Han tror dette er en del av strategien, og at de har r\u00e5dgivere og diskusjonspartnere bist\u00e5r n\u00e5r det kommer til h\u00e5ndteringen av ulike ting.<\/p>\n<p class=\"italic m-italic\" data-lab-italic=\"italic\">&#8211; Kan \u00e5penheten vi ser n\u00e5 legge f\u00f8ringer for hva folket forventer neste gang det oppst\u00e5r krise p\u00e5 Slottet?<\/p>\n<p>&#8211; Ja, det som venter n\u00e5 er jo en reprise av Marius-saken. Det kommer opp i retten, og da f\u00e5r vi nok en gang inn med teskje hva han har gjort. Da vil norsk og internasjonal presse v\u00e6re til stede, det vil falle en dom vi f\u00e5 god innsikt i &#8211; og da m\u00e5 den \u00e5penheten komme.<\/p>\n<p>        SP\u00c5R: Se og H\u00f8rs kongehusekspert Caroline Vagle tror flere prominente kongelige vil v\u00e6re p\u00e5 plass n\u00e5r kong Harald bisettes 9. september. Video: Karolina Grace\/R\u00f8d L\u00f8per, NTB. <\/p>\n<p>Omd\u00f8mmet til kongehuset er kommet opp i gamle h\u00f8yder igjen, mener Blindheim.<\/p>\n<p>&#8211; Vi f\u00e5r se det indre livet litt mer n\u00e5. Jeg tror det er viktig i det samfunnet vi lever i. Og det er nok kongehuset oppmerksom p\u00e5, at den \u00e5penheten er viktig for at de skal opprettholde et godt omd\u00f8mme.<\/p>\n","protected":false},"excerpt":{"rendered":"Fredag morgen gikk kong Harald bort, 89 \u00e5r gammel. I samme \u00f8yeblikk ble Haakon den nye kongen av&hellip;\n","protected":false},"author":2,"featured_media":342842,"comment_status":"","ping_status":"","sticky":false,"template":"","format":"standard","meta":{"footnotes":"","_share_on_mastodon":"0"},"categories":[59],"tags":[398,30,28,29,356,83,82],"class_list":["post-342841","post","type-post","status-publish","format-standard","has-post-thumbnail","category-sport","tag-langrenn","tag-no","tag-norge","tag-norway","tag-ski-vm","tag-sport","tag-sports"],"share_on_mastodon":{"url":"https:\/\/pubeurope.com\/@no\/117207415492643711","error":""},"_links":{"self":[{"href":"https:\/\/www.europesays.com\/no\/wp-json\/wp\/v2\/posts\/342841","targetHints":{"allow":["GET"]}}],"collection":[{"href":"https:\/\/www.europesays.com\/no\/wp-json\/wp\/v2\/posts"}],"about":[{"href":"https:\/\/www.europesays.com\/no\/wp-json\/wp\/v2\/types\/post"}],"author":[{"embeddable":true,"href":"https:\/\/www.europesays.com\/no\/wp-json\/wp\/v2\/users\/2"}],"replies":[{"embeddable":true,"href":"https:\/\/www.europesays.com\/no\/wp-json\/wp\/v2\/comments?post=342841"}],"version-history":[{"count":0,"href":"https:\/\/www.europesays.com\/no\/wp-json\/wp\/v2\/posts\/342841\/revisions"}],"wp:featuredmedia":[{"embeddable":true,"href":"https:\/\/www.europesays.com\/no\/wp-json\/wp\/v2\/media\/342842"}],"wp:attachment":[{"href":"https:\/\/www.europesays.com\/no\/wp-json\/wp\/v2\/media?parent=342841"}],"wp:term":[{"taxonomy":"category","embeddable":true,"href":"https:\/\/www.europesays.com\/no\/wp-json\/wp\/v2\/categories?post=342841"},{"taxonomy":"post_tag","embeddable":true,"href":"https:\/\/www.europesays.com\/no\/wp-json\/wp\/v2\/tags?post=342841"}],"curies":[{"name":"wp","href":"https:\/\/api.w.org\/{rel}","templated":true}]}}