{"id":342883,"date":"2026-09-03T14:19:22","date_gmt":"2026-09-03T14:19:22","guid":{"rendered":"https:\/\/www.europesays.com\/no\/342883\/"},"modified":"2026-09-03T14:19:22","modified_gmt":"2026-09-03T14:19:22","slug":"kaos-vil-vaere-til-stede-i-en-eller-annen-form-i-total-war-warhammer-40000","status":"publish","type":"post","link":"https:\/\/www.europesays.com\/no\/342883\/","title":{"rendered":"Kaos vil v\u00e6re til stede i en eller annen form\u00bb i Total War: Warhammer 40,000"},"content":{"rendered":"<p>Menneskeheten har mange fiender i den dystre og m\u00f8rke fremtiden i det 41. \u00e5rtusen. Fra et kollektivt bevissthet av skremmende insekter som bare vil spise alt de kan, til romalver som er altfor ivrige etter \u00e5 fl\u00e5 huden din og bruke den som en ny kjole, virker det som om nesten alt i galaksen er ute etter \u00e5 drepe oss. Men bare den m\u00f8rke, farlige kraften Kaos har rett til \u00e5 kalle seg menneskehetens erkefiende.<\/p>\n<p>Fans av Warhammer 40 000 kan ha blitt litt forvirret over \u00e5 se at Kaos ikke var en av de fire hovedfraksjonene i Total War: Warhammer 40,000 da spillet ble avsl\u00f8rt. Men som Dave Petry, produktansvarlig for kampdelen hos Creative Assembly, fortalte Gamereactor under et intervju p\u00e5 Gamescom, vil de m\u00f8rke gudene v\u00e6re til stede.<\/p>\n<p>\u00abJeg skal si det rett ut, for folk snakker alltid om Kaos, fordi Kaos er til stede hele tiden, ikke sant?\u00bb sa han. \u00abDet er alltid noe, og Kaos kommer til \u00e5 v\u00e6re til stede i en eller annen form i spillet, ikke sant? De kommer ikke til \u00e5 v\u00e6re frav\u00e6rende. Vi f\u00e5r se dem snart.\u00bb<\/p>\n<p>Petry \u00f8nsket tydeligvis ikke \u00e5 r\u00f8pe for mye, men vi kan forestille oss at Kaos vil spille en st\u00f8rre rolle i fortellingen i spillets kampanjer. I likhet med Total War: Warhammer II og III vil du ikke bare farge kartet i din egen farge i Total War: Warhammer 40,000. Det er et historisk m\u00e5l \u00e5 fullf\u00f8re, og det kan godt hende at hver av fraksjonene v\u00e5re f\u00e5r sine egne kamper mot Kaos, som er den store skurken i Warhammer 40 000-universet.<\/p>\n<p>For \u00e5 h\u00f8re mer om kampanjen, slagene og annet i \u00ab Total War: Warhammer 40,000, sjekk ut hele intervjuet v\u00e5rt nedenfor:<\/p>\n","protected":false},"excerpt":{"rendered":"Menneskeheten har mange fiender i den dystre og m\u00f8rke fremtiden i det 41. \u00e5rtusen. Fra et kollektivt bevissthet&hellip;\n","protected":false},"author":2,"featured_media":342884,"comment_status":"","ping_status":"","sticky":false,"template":"","format":"standard","meta":{"footnotes":"","_share_on_mastodon":"0"},"categories":[57],"tags":[30,28,29,65,63,64,66,70,69,67,68],"class_list":["post-342883","post","type-post","status-publish","format-standard","has-post-thumbnail","category-vitenskap-og-teknologi","tag-no","tag-norge","tag-norway","tag-science","tag-science-and-technology","tag-scienceandtechnology","tag-technology","tag-teknologi","tag-vitenskap","tag-vitenskap-og-teknologi","tag-vitenskapteknologi"],"share_on_mastodon":{"url":"https:\/\/pubeurope.com\/@no\/117207548944627638","error":""},"_links":{"self":[{"href":"https:\/\/www.europesays.com\/no\/wp-json\/wp\/v2\/posts\/342883","targetHints":{"allow":["GET"]}}],"collection":[{"href":"https:\/\/www.europesays.com\/no\/wp-json\/wp\/v2\/posts"}],"about":[{"href":"https:\/\/www.europesays.com\/no\/wp-json\/wp\/v2\/types\/post"}],"author":[{"embeddable":true,"href":"https:\/\/www.europesays.com\/no\/wp-json\/wp\/v2\/users\/2"}],"replies":[{"embeddable":true,"href":"https:\/\/www.europesays.com\/no\/wp-json\/wp\/v2\/comments?post=342883"}],"version-history":[{"count":0,"href":"https:\/\/www.europesays.com\/no\/wp-json\/wp\/v2\/posts\/342883\/revisions"}],"wp:featuredmedia":[{"embeddable":true,"href":"https:\/\/www.europesays.com\/no\/wp-json\/wp\/v2\/media\/342884"}],"wp:attachment":[{"href":"https:\/\/www.europesays.com\/no\/wp-json\/wp\/v2\/media?parent=342883"}],"wp:term":[{"taxonomy":"category","embeddable":true,"href":"https:\/\/www.europesays.com\/no\/wp-json\/wp\/v2\/categories?post=342883"},{"taxonomy":"post_tag","embeddable":true,"href":"https:\/\/www.europesays.com\/no\/wp-json\/wp\/v2\/tags?post=342883"}],"curies":[{"name":"wp","href":"https:\/\/api.w.org\/{rel}","templated":true}]}}