{"id":342893,"date":"2026-09-03T14:28:17","date_gmt":"2026-09-03T14:28:17","guid":{"rendered":"https:\/\/www.europesays.com\/no\/342893\/"},"modified":"2026-09-03T14:28:17","modified_gmt":"2026-09-03T14:28:17","slug":"final-fantasy-vii-revelation-det-er-bekreftet-at-spillet-lanseres-8-april","status":"publish","type":"post","link":"https:\/\/www.europesays.com\/no\/342893\/","title":{"rendered":"Final Fantasy VII: Revelation Det er bekreftet at spillet lanseres 8. april"},"content":{"rendered":"<p>Da det ble klart at Sega og Atlus hadde planer om \u00e5 lansere Persona 4 Revival i februar 2027, begynte mange \u00e5 lure p\u00e5 om vi ville f\u00e5 en gjentakelse av hendelsene fra 2024. Den gangen s\u00e5 vi at b\u00e5de Persona 3 Reload og Final Fantasy VII: Rebirth lanseres med bare noen f\u00e5 ukers mellomrom i februar, og siden Persona 4 Revival ogs\u00e5 kommer i februar (riktignok tre \u00e5r senere), og siden FFVII: Revelation var planlagt til en v\u00e5rdebut, dreide sp\u00f8rsm\u00e5let seg om hvorvidt en gjentakelse var i vente. Dette vil ikke v\u00e6re tilfelle.<\/p>\n<p><img loading=\"lazy\" decoding=\"async\" id=\"img-2138783-4942263\" data-fullsize=\"\/media\/22\/epicgamesstore_4942263b.jpg\" data-lazy=\"\" src=\"https:\/\/www.gamereactor.nohttps:\/\/www.gamereactor.no\/media\/22\/epicgamesstore_4942263_650x.jpg\" width=\"650\" onclick=\"if (!window.__cfRLUnblockHandlers) return false; gallery_openmodal('2138783','4942263',false,'ee90df98af7caf2688ce8a08bc9f7202');\" height=\"366\" alt=\"Final Fantasy VII: Revelation\" class=\"rwd_col_content lazy\" data-cf-modified-57c954b06bded31348eaccaa-=\"\"\/><\/p>\n<p>Ikke frykt, JRPG-fans, dere trenger ikke \u00e5 se rulleteksten p\u00e5 \u00abPersona 4 Revival\u00bb om et par uker for \u00e5 f\u00e5 tid til \u00e5 kaste dere rett inn i \u00abFFVII: Revelation\u00bb, siden sistnevnte offisielt har f\u00e5tt en lanseringsdato under \u00abState of Play\u00bb-sendingen, og den kommer litt senere.<\/p>\n<p>For \u00e5 v\u00e6re n\u00f8yaktig vil \u00ab Final Fantasy VII: Revelation lanseres p\u00e5 PC, PS5, Xbox Series X\/S og Switch 2, alle 8. april 2027. Dette blir datoen da Square Enix vil avslutte sin remake-trilogi, som n\u00e5 har v\u00e6rt under utvikling i rundt et ti\u00e5r.<\/p>\n<p>Kunngj\u00f8ringen ble delt sammen med en rekke nye spillopptak fra prosjektet, ikke minst i lanseringstraileren du kan se nedenfor, men ogs\u00e5 en mer omfattende spilltrailer med fortellerstemme, som fokuserte p\u00e5 hvordan Highwind blir integrert; hvilke andre karakterer du kan forvente \u00e5 m\u00f8te underveis; hvordan kampsystemet blir forbedret og videreutviklet; hva du kan forvente av de nye spillbare karakterene Vincent Valentine og Cid; og ogs\u00e5 hvordan \u00abQueen\u2019s Blood\u00bb vender tilbake med Red XIII i sentrum.<\/p>\n<p>Sjekk ut alt dette spillopptaket nedenfor for \u00e5 f\u00e5 en skikkelig god forsmak p\u00e5 \u00ab Final Fantasy VII: Revelation f\u00f8r lanseringen om rundt syv m\u00e5neder.<\/p>\n","protected":false},"excerpt":{"rendered":"Da det ble klart at Sega og Atlus hadde planer om \u00e5 lansere Persona 4 Revival i februar&hellip;\n","protected":false},"author":2,"featured_media":342894,"comment_status":"","ping_status":"","sticky":false,"template":"","format":"standard","meta":{"footnotes":"","_share_on_mastodon":"0"},"categories":[57],"tags":[30,28,29,65,63,64,66,70,69,67,68],"class_list":["post-342893","post","type-post","status-publish","format-standard","has-post-thumbnail","category-vitenskap-og-teknologi","tag-no","tag-norge","tag-norway","tag-science","tag-science-and-technology","tag-scienceandtechnology","tag-technology","tag-teknologi","tag-vitenskap","tag-vitenskap-og-teknologi","tag-vitenskapteknologi"],"share_on_mastodon":{"url":"https:\/\/pubeurope.com\/@no\/117207584916368486","error":""},"_links":{"self":[{"href":"https:\/\/www.europesays.com\/no\/wp-json\/wp\/v2\/posts\/342893","targetHints":{"allow":["GET"]}}],"collection":[{"href":"https:\/\/www.europesays.com\/no\/wp-json\/wp\/v2\/posts"}],"about":[{"href":"https:\/\/www.europesays.com\/no\/wp-json\/wp\/v2\/types\/post"}],"author":[{"embeddable":true,"href":"https:\/\/www.europesays.com\/no\/wp-json\/wp\/v2\/users\/2"}],"replies":[{"embeddable":true,"href":"https:\/\/www.europesays.com\/no\/wp-json\/wp\/v2\/comments?post=342893"}],"version-history":[{"count":0,"href":"https:\/\/www.europesays.com\/no\/wp-json\/wp\/v2\/posts\/342893\/revisions"}],"wp:featuredmedia":[{"embeddable":true,"href":"https:\/\/www.europesays.com\/no\/wp-json\/wp\/v2\/media\/342894"}],"wp:attachment":[{"href":"https:\/\/www.europesays.com\/no\/wp-json\/wp\/v2\/media?parent=342893"}],"wp:term":[{"taxonomy":"category","embeddable":true,"href":"https:\/\/www.europesays.com\/no\/wp-json\/wp\/v2\/categories?post=342893"},{"taxonomy":"post_tag","embeddable":true,"href":"https:\/\/www.europesays.com\/no\/wp-json\/wp\/v2\/tags?post=342893"}],"curies":[{"name":"wp","href":"https:\/\/api.w.org\/{rel}","templated":true}]}}