{"id":342895,"date":"2026-09-03T14:33:42","date_gmt":"2026-09-03T14:33:42","guid":{"rendered":"https:\/\/www.europesays.com\/no\/342895\/"},"modified":"2026-09-03T14:33:42","modified_gmt":"2026-09-03T14:33:42","slug":"minst-227-er-drept-i-usas-narkotikaangrep","status":"publish","type":"post","link":"https:\/\/www.europesays.com\/no\/342895\/","title":{"rendered":"Minst 227 er drept i USAs narkotikaangrep"},"content":{"rendered":"<p class=\"subtitle \" style=\"\">Torsdag er det ett \u00e5r siden USA startet angrep mot narkotikab\u00e5ter i Stillehavet og i Karibia. S\u00e5 langt er minst 227 personer drept.<\/p>\n<p>\n    I et \u00e5r har USA angrepet mistenkte narkotikab\u00e5ter i Stillehavet og i Karibia. USAs forsvarsminister Pete Hegseth sa forrige m\u00e5ned at landet planlegger \u00e5 angripe latinamerikanske narkokarteller ogs\u00e5 p\u00e5 land. Foto: Matias Delacroix \/ AP \/ NTB\n  <\/p>\n<p>If\u00f8lge Den amerikanske s\u00f8rkommandoen (Southcom) er det i l\u00f8pet av \u00e5ret gjennomf\u00f8rt totalt 68 angrep i det som er Trump-administrasjonens offensiv mot p\u00e5st\u00e5tte narkotikasmuglere i Latin-Amerika.<\/p>\n<p>\nIf\u00f8lge organisasjonen <a href=\"https:\/\/www.hrw.org\/news\/2026\/09\/02\/united-states-year-of-extrajudicial-killings-at-sea\" rel=\"nofollow noopener\" target=\"_blank\">Human Rights Watch<\/a> (HRW) er minst 227 mennesker drept i angrepene.<\/p>\n<p>Kritikere sier de amerikanske angrepene, som skjer i internasjonalt farvann, i praksis er utenomrettslige henrettelser \u2013 og at de mistenkte smuglerne ikke f\u00e5r muligheten til \u00e5 forsvare seg mot anklagene i en rettssak.<\/p>\n<p>    <a itemprop=\"url\" href=\"https:\/\/sol.no\/nyheter\/forretningsmann-frikjent\/85103104\" rel=\"nofollow noopener\" target=\"_blank\"><\/p>\n<p>        <img loading=\"lazy\" decoding=\"async\" src=\"https:\/\/www.europesays.com\/no\/wp-content\/uploads\/2026\/09\/85103114.webp\" width=\"180\" height=\"81\" alt=\"\" class=\"lazyload\" style=\"--aspect-ratio-image: 2.22; \"\/><\/p>\n<p>        Forretningsmann frikjent<\/p>\n<p>sol.no<\/p>\n<p>    <\/a><\/p>\n<p>\u2013 Brudd p\u00e5 folkeretten\t<\/p>\n<p>\u2013 \u00c5 drepe mennesker til havs uten rettssak, uavhengig av p\u00e5st\u00e5tt kriminell aktivitet, er et brudd p\u00e5 folkeretten, sl\u00e5r HRW fast p\u00e5 sine nettsider.<\/p>\n<p>De mener angrepene er ulovlige og krever at amerikanske tjenestemenn umiddelbart stilles til ansvar.<\/p>\n<p>USAs forsvarsminister Pete Hegseth har tidligere forsvart angrepene mot p\u00e5st\u00e5tte narkotikab\u00e5ter. Han hevder at de er rettet mot en v\u00e6pnet gruppe og at de derfor skjer i tr\u00e5d med folkeretten.<\/p>\n<p>\u2013 Fullstendig straffrihet\t<\/p>\n<p>De to siste angrepene drepte to personer 23. august og ytterligere fire 25. august. Angrepene knuste h\u00e5pet om at den omstridte kampanjen var over, etter at det ikke ble meldt om angrep i juli.<\/p>\n<p>\u2013 Trump-administrasjonen har drept mer enn 200 mennesker i l\u00f8pet av det siste \u00e5ret, skrytt av drapene og ikke st\u00e5tt til ansvar for noe, sier Ida Sawyer.<\/p>\n<p>    <a itemprop=\"url\" href=\"https:\/\/sol.no\/nyheter\/et-kakistokrati\/85102338\" rel=\"nofollow noopener\" target=\"_blank\"><\/p>\n<p>        <img loading=\"lazy\" decoding=\"async\" src=\"https:\/\/www.europesays.com\/no\/wp-content\/uploads\/2026\/09\/85102352.webp\" width=\"180\" height=\"81\" alt=\"\" class=\"lazyload\" style=\"--aspect-ratio-image: 2.22; \"\/><\/p>\n<p>        &#8211; Et kakistokrati<\/p>\n<p>sol.no<\/p>\n<p>    <\/a><\/p>\n<p>Hun er direkt\u00f8r for krise og konflikt i HRW.<\/p>\n<p>\u2013 Trump-administrasjonen har hatt fullstendig straffrihet for denne kampanjen av ulovlige drap i ett \u00e5r, og har \u00e5pent erkl\u00e6rt at den ikke har til hensikt \u00e5 stoppe, sier Sawyer.<\/p>\n<p>Planlegger angrep p\u00e5 land\t<\/p>\n<p>Det er ingen tegn til at USA skal slutte med angrepene med det f\u00f8rste.<\/p>\n<p>P\u00e5 en samling i Panama forrige m\u00e5ned sa forsvarsminister Hegseth at det jobbes med planer om \u00e5 angripe latinamerikanske narkokarteller ogs\u00e5 p\u00e5 land.<\/p>\n<p>En amerikansk tjenestemann sa denne uken at narkotikasmuglingen i Karibia hadde falt med opptil 65 prosent som f\u00f8lge av operasjonene, skriver AFP.<\/p>\n<p>Tallet er ikke bekreftet av uavhengige kilder.<\/p>\n","protected":false},"excerpt":{"rendered":"Torsdag er det ett \u00e5r siden USA startet angrep mot narkotikab\u00e5ter i Stillehavet og i Karibia. S\u00e5 langt&hellip;\n","protected":false},"author":2,"featured_media":342896,"comment_status":"","ping_status":"","sticky":false,"template":"","format":"standard","meta":{"footnotes":"","_share_on_mastodon":"0"},"categories":[12],"tags":[20,21,55,377,24,25,15,22,23,212,13,30,28,29,14,16,6506,41,26,27,50,42,43,44,45],"class_list":["post-342895","post","type-post","status-publish","format-standard","has-post-thumbnail","category-verden","tag-breaking-news","tag-breakingnews","tag-donald-trump","tag-drap","tag-featured-news","tag-featurednews","tag-headlines","tag-latest-news","tag-latestnews","tag-narkotika","tag-news","tag-no","tag-norge","tag-norway","tag-nyheter","tag-overskrifter","tag-pete-hegseth","tag-politikk","tag-top-stories","tag-topstories","tag-usa","tag-verden","tag-world","tag-world-news","tag-worldnews"],"share_on_mastodon":{"url":"https:\/\/pubeurope.com\/@no\/117207604581966632","error":""},"_links":{"self":[{"href":"https:\/\/www.europesays.com\/no\/wp-json\/wp\/v2\/posts\/342895","targetHints":{"allow":["GET"]}}],"collection":[{"href":"https:\/\/www.europesays.com\/no\/wp-json\/wp\/v2\/posts"}],"about":[{"href":"https:\/\/www.europesays.com\/no\/wp-json\/wp\/v2\/types\/post"}],"author":[{"embeddable":true,"href":"https:\/\/www.europesays.com\/no\/wp-json\/wp\/v2\/users\/2"}],"replies":[{"embeddable":true,"href":"https:\/\/www.europesays.com\/no\/wp-json\/wp\/v2\/comments?post=342895"}],"version-history":[{"count":0,"href":"https:\/\/www.europesays.com\/no\/wp-json\/wp\/v2\/posts\/342895\/revisions"}],"wp:featuredmedia":[{"embeddable":true,"href":"https:\/\/www.europesays.com\/no\/wp-json\/wp\/v2\/media\/342896"}],"wp:attachment":[{"href":"https:\/\/www.europesays.com\/no\/wp-json\/wp\/v2\/media?parent=342895"}],"wp:term":[{"taxonomy":"category","embeddable":true,"href":"https:\/\/www.europesays.com\/no\/wp-json\/wp\/v2\/categories?post=342895"},{"taxonomy":"post_tag","embeddable":true,"href":"https:\/\/www.europesays.com\/no\/wp-json\/wp\/v2\/tags?post=342895"}],"curies":[{"name":"wp","href":"https:\/\/api.w.org\/{rel}","templated":true}]}}