{"id":342921,"date":"2026-09-03T15:06:12","date_gmt":"2026-09-03T15:06:12","guid":{"rendered":"https:\/\/www.europesays.com\/no\/342921\/"},"modified":"2026-09-03T15:06:12","modified_gmt":"2026-09-03T15:06:12","slug":"kong-harald-politi-innforer-midlertidig-grensekontroll-for-kong-haralds-begravelse","status":"publish","type":"post","link":"https:\/\/www.europesays.com\/no\/342921\/","title":{"rendered":"Kong Harald, Politi | Innf\u00f8rer midlertidig grensekontroll f\u00f8r kong Haralds begravelse"},"content":{"rendered":"\n<p>I forbindelse med gravferden til kong Harald den 9. september, har Justis- og beredskapsdepartementet, etter anbefaling fra politiet, besluttet \u00e5 innf\u00f8re midlertidig indre grensekontroll.<\/p>\n<p>Kontrollen vil gjelde i perioden fra 4. til 14. september.<\/p>\n<p>Strengere kontroller<\/p>\n<p>Det betyr strengere kontroller ved blant annet Svinesund og \u00d8rje kontrollstasjon.\u00a0<\/p>\n<p>Form\u00e5let med tiltaket er \u00e5 forhindre at personer eller milj\u00f8er som \u00f8nsker \u00e5 forstyrre arrangementet, reiser inn i Norge.\u00a0<\/p>\n<p>Norge vil v\u00e6re vertskap for mange h\u00f8yt beskyttede internasjonale gjester, og flere kongelige og statsoverhoder har allerede bekreftet sin deltakelse.\u00a0<\/p>\n<p>Mange av disse gjestene er ventet \u00e5 ankomme via Oslo lufthavn.<\/p>\n<p>Kan gi m\u00e5lrettede kontroller<\/p>\n<p>Politidirekt\u00f8r H\u00e5kon Skulstad opplyser at innf\u00f8ringen av indre grensekontroll gir politiet adgang til \u00e5 innhente mer informasjon enn normalt, noe som gir grunnlag for m\u00e5lrettede kontroller.<\/p>\n<p>Det understrekes imidlertid at tiltaket i liten grad vil ber\u00f8re alminnelig reisevirksomhet eller skape forsinkelser ved grensepasseringer.<\/p>\n<p>\u2013 V\u00e5rt m\u00e5l er \u00e5 ivareta sikkerheten til b\u00e5de innbyggere og de internasjonale gjestene som ankommer Norge i forbindelse med den nasjonale s\u00f8rgeperioden, sier politimester Cecilie Lilaas-Skari i \u00d8st politidistrikt.<\/p>\n<p>Siden det innf\u00f8res fysisk personkontroll innenfor Schengen-omr\u00e5det, er det ekstra viktig at alle som krysser grensen har med seg gyldig pass eller nasjonalt ID-kort.<\/p>\n<p>   <img decoding=\"async\" width=\"8640\" height=\"5760\" fetchpriority=\"low\"  loading=\"lazy\"  src=\"https:\/\/www.europesays.com\/no\/wp-content\/uploads\/2026\/09\/cueres_scp-mangler_navn_TENPCUmSCwg.jpg\" alt=\"\" class=\"brick-c-cFOWSL\" style=\"--brick-image-ratio: 8640 \/ 5760;\"\/><\/p>\n<p>      Politidirekt\u00f8r H\u00e5kon Skulstad.<br \/>\n      Foto: Ole Martin Wold \/ NTB\n    <\/p>\n<p><a class=\"brick-c-hOTghF\" href=\"#skip-\">Hopp over karusellen.<\/a><\/p>\n<p data-static=\"\" class=\"brick-c-fgNmNC\" id=\"carousel-title-\">Innholdskarusell med 20 artikler.<\/p>\n<ul data-static=\"\" aria-label=\"Navigasjon for innholdskarusell\" class=\"carousel-nav\">\n<li>\n<\/li>\n<li>\n<\/li>\n<\/ul>\n<p>  <a href=\"https:\/\/www.sa.no\/80-46-3330\" class=\"related-teaser article--c-MkAkR\" rel=\"nofollow noopener\" target=\"_blank\"><\/p>\n<p>\n            Les ogs\u00e5<\/p>\n<p>            Lekkasje fra propantank \u2013 sikkerhetssone p\u00e5 100 meter\n        <\/p>\n<p>  <\/a><\/p>\n","protected":false},"excerpt":{"rendered":"I forbindelse med gravferden til kong Harald den 9. september, har Justis- og beredskapsdepartementet, etter anbefaling fra politiet,&hellip;\n","protected":false},"author":2,"featured_media":342922,"comment_status":"","ping_status":"","sticky":false,"template":"","format":"standard","meta":{"footnotes":"","_share_on_mastodon":"0"},"categories":[5],"tags":[36,20,21,24,25,7135,15,19,2590,22,23,17,18,13,30,28,29,447,14,16,254,1510,26,27],"class_list":["post-342921","post","type-post","status-publish","format-standard","has-post-thumbnail","category-overskrifter","tag-art","tag-breaking-news","tag-breakingnews","tag-featured-news","tag-featurednews","tag-grensekontroll","tag-headlines","tag-hovedoppslag","tag-kong-harald","tag-latest-news","tag-latestnews","tag-main-news","tag-mainnews","tag-news","tag-no","tag-norge","tag-norway","tag-nyhet","tag-nyheter","tag-overskrifter","tag-politi","tag-story","tag-top-stories","tag-topstories"],"share_on_mastodon":{"url":"https:\/\/pubeurope.com\/@no\/117207733913165743","error":""},"_links":{"self":[{"href":"https:\/\/www.europesays.com\/no\/wp-json\/wp\/v2\/posts\/342921","targetHints":{"allow":["GET"]}}],"collection":[{"href":"https:\/\/www.europesays.com\/no\/wp-json\/wp\/v2\/posts"}],"about":[{"href":"https:\/\/www.europesays.com\/no\/wp-json\/wp\/v2\/types\/post"}],"author":[{"embeddable":true,"href":"https:\/\/www.europesays.com\/no\/wp-json\/wp\/v2\/users\/2"}],"replies":[{"embeddable":true,"href":"https:\/\/www.europesays.com\/no\/wp-json\/wp\/v2\/comments?post=342921"}],"version-history":[{"count":0,"href":"https:\/\/www.europesays.com\/no\/wp-json\/wp\/v2\/posts\/342921\/revisions"}],"wp:featuredmedia":[{"embeddable":true,"href":"https:\/\/www.europesays.com\/no\/wp-json\/wp\/v2\/media\/342922"}],"wp:attachment":[{"href":"https:\/\/www.europesays.com\/no\/wp-json\/wp\/v2\/media?parent=342921"}],"wp:term":[{"taxonomy":"category","embeddable":true,"href":"https:\/\/www.europesays.com\/no\/wp-json\/wp\/v2\/categories?post=342921"},{"taxonomy":"post_tag","embeddable":true,"href":"https:\/\/www.europesays.com\/no\/wp-json\/wp\/v2\/tags?post=342921"}],"curies":[{"name":"wp","href":"https:\/\/api.w.org\/{rel}","templated":true}]}}