{"id":342935,"date":"2026-09-03T15:15:08","date_gmt":"2026-09-03T15:15:08","guid":{"rendered":"https:\/\/www.europesays.com\/no\/342935\/"},"modified":"2026-09-03T15:15:08","modified_gmt":"2026-09-03T15:15:08","slug":"sport-langrenn-vm-gull-til-ragnhild-25-fra-olen-jeg-skjonner-det-ikke-helt","status":"publish","type":"post","link":"https:\/\/www.europesays.com\/no\/342935\/","title":{"rendered":"Sport, Langrenn | VM-gull til Ragnhild (25) fra \u00d8len: \u2013 Jeg skj\u00f8nner det ikke helt"},"content":{"rendered":"\n<p><b>SKISPORT: <\/b>Det ble en str\u00e5lende start p\u00e5 rulleski-VM i latviske Madona med dobbelt gull i seniorklassen til Ragnhild Aarekol (Vindafjord IL) og Andreas Bergsland (Tr\u00f8sken IL).<\/p>\n<p>Det skriver Norges Skiforbund i en pressemelding torsdag ettermiddag.<\/p>\n<p>Mens Bergsland fra Tr\u00f8sken i \u00d8stfold var fullstendig overlegen over 10 km klassisk intervallstart, ble det en thriller om gullet i kvinneklassen.\u00a0<\/p>\n<p>Polske Aleksandra Kolodziej var bare tre sekunder bak Aarekol i m\u00e5l. Estiske Keidy Kaasiku tok tredjeplassen, 11 sekunder bak den norske gullvinneren.\u00a0<\/p>\n<p>Ragnhild Aarekol jublet etter seieren.<\/p>\n<p><b>\u2013 Fantastisk med VM-gull. Dette er det st\u00f8rste jeg har gjort som langrennsl\u00f8per, og skj\u00f8nner det ikke helt. Det var utrolig g\u00f8y \u00e5 ha Keidy p\u00e5 start, og tenkte at hun var favoritt. Jeg \u00e5pnet altfor hardt og vet egentlig ikke hva jeg tenkte. P\u00e5 det meste hadde jeg 15 sekunder, men klarte \u00e5 holde det inn til tross for en sprekk, sier gullvinneren. <\/b><\/p>\n<p>Hun bor i Oslo og vinterens m\u00e5lsetting er \u00e5 prestere i Norgescupen. Men f\u00f8rst skal hun g\u00e5 alle distanser i rulleski-VM i helga.\u00a0<\/p>\n<p>Programmet for rulleski-VM:<\/p>\n<p>3. september: 10 km intervall start, senior og junior<\/p>\n<p>4. september: Team sprint, senior og junior<\/p>\n<p>5. september: Sprint, fri teknikk<\/p>\n<p>6. september: 20 km fellesstart fri teknikk<\/p>\n","protected":false},"excerpt":{"rendered":"SKISPORT: Det ble en str\u00e5lende start p\u00e5 rulleski-VM i latviske Madona med dobbelt gull i seniorklassen til Ragnhild&hellip;\n","protected":false},"author":2,"featured_media":342936,"comment_status":"","ping_status":"","sticky":false,"template":"","format":"standard","meta":{"footnotes":"","_share_on_mastodon":"0"},"categories":[59],"tags":[36,398,30,28,29,26306,83,82,1510,6009],"class_list":["post-342935","post","type-post","status-publish","format-standard","has-post-thumbnail","category-sport","tag-art","tag-langrenn","tag-no","tag-norge","tag-norway","tag-olen","tag-sport","tag-sports","tag-story","tag-vindafjord"],"share_on_mastodon":{"url":"https:\/\/pubeurope.com\/@no\/117207769021660578","error":""},"_links":{"self":[{"href":"https:\/\/www.europesays.com\/no\/wp-json\/wp\/v2\/posts\/342935","targetHints":{"allow":["GET"]}}],"collection":[{"href":"https:\/\/www.europesays.com\/no\/wp-json\/wp\/v2\/posts"}],"about":[{"href":"https:\/\/www.europesays.com\/no\/wp-json\/wp\/v2\/types\/post"}],"author":[{"embeddable":true,"href":"https:\/\/www.europesays.com\/no\/wp-json\/wp\/v2\/users\/2"}],"replies":[{"embeddable":true,"href":"https:\/\/www.europesays.com\/no\/wp-json\/wp\/v2\/comments?post=342935"}],"version-history":[{"count":0,"href":"https:\/\/www.europesays.com\/no\/wp-json\/wp\/v2\/posts\/342935\/revisions"}],"wp:featuredmedia":[{"embeddable":true,"href":"https:\/\/www.europesays.com\/no\/wp-json\/wp\/v2\/media\/342936"}],"wp:attachment":[{"href":"https:\/\/www.europesays.com\/no\/wp-json\/wp\/v2\/media?parent=342935"}],"wp:term":[{"taxonomy":"category","embeddable":true,"href":"https:\/\/www.europesays.com\/no\/wp-json\/wp\/v2\/categories?post=342935"},{"taxonomy":"post_tag","embeddable":true,"href":"https:\/\/www.europesays.com\/no\/wp-json\/wp\/v2\/tags?post=342935"}],"curies":[{"name":"wp","href":"https:\/\/api.w.org\/{rel}","templated":true}]}}