{"id":342955,"date":"2026-09-03T15:38:15","date_gmt":"2026-09-03T15:38:15","guid":{"rendered":"https:\/\/www.europesays.com\/no\/342955\/"},"modified":"2026-09-03T15:38:15","modified_gmt":"2026-09-03T15:38:15","slug":"iphone-18-pro-max-kan-droppe-det-lyse-fargealternativet-og-onske-en-slaende-burgunderrod-tone-velkommen","status":"publish","type":"post","link":"https:\/\/www.europesays.com\/no\/342955\/","title":{"rendered":"iPhone 18 Pro Max kan droppe det lyse fargealternativet og \u00f8nske en sl\u00e5ende burgunderr\u00f8d tone velkommen."},"content":{"rendered":"<p class=\"normalPara\"> Fixed Focus Digital- kontoen delte nylig informasjon p\u00e5 Weibo om de tre forventede fargene for iPhone 18 Pro og <a class=\"data-link\" data-org-href=\"https:\/\/www.vietnam.vn\/no\/tag\/iphone-18-pro-max\" href=\"https:\/\/www.vietnam.vn\/no\/tag\/iphone-18-pro-max\" title=\"iPhone 18 Pro Max\" target=\"_blank\" rel=\"nofollow noopener\">iPhone 18 Pro Max<\/a> : Sky Blue, Pure Black og Wine Red\/Burgundy. Det er verdt \u00e5 merke seg at det lekkede bildet viser en lysegr\u00e5 enhet, men denne versjonen kan bare v\u00e6re en prototype og ikke offisielt solgt av Apple.<\/p>\n<p class=\"normalPara\"> Hvis scenariet ovenfor inntreffer, vil <a class=\"data-link\" data-org-href=\"https:\/\/www.vietnam.vn\/no\/tag\/apple\" href=\"https:\/\/www.vietnam.vn\/no\/tag\/apple\" title=\"Eple\" target=\"_blank\" rel=\"nofollow noopener\">Apple<\/a> fortsette tiln\u00e6rmingen til iPhone 17 Pro ved \u00e5 kun tilby tre farger for high-end-modellen. Denne gangen ligger imidlertid endringen i muligheten for at den tradisjonelle lyse fargen forsvinner. I mange \u00e5r har s\u00f8lv-, hvit- eller lysegr\u00e5 versjoner vanligvis fungert som n\u00f8ytrale alternativer i iPhone Pro-fargeutvalget. <\/p>\n<tr>\n<td><img decoding=\"async\" src=\"https:\/\/www.europesays.com\/no\/wp-content\/uploads\/2026\/09\/1788443484598_d394b65e-3729-42ba-8c81-d8ec1b003ee820260903193649.webp\" class=\"__img_mastercms\" alt=\"3 phi\u00ean b\u1ea3n m\u00e0u s\u1eafc \u0111\u01b0\u1ee3c cho l\u00e0 s\u1ebd xu\u1ea5t hi\u1ec7n tr\u00ean iPhone 18 Pro Max.\" style=\"max-width:100%; padding:0px; margin:0px;;cursor:pointer\" title=\"Det ryktes at tre fargealternativer er tilgjengelige for iPhone 18 Pro Max.\" data-pagespeed-url-hash=\"2510242241\" onload=\"pagespeed.CriticalImages.checkImageForCriticality(this);\"\/><\/td>\n<\/tr>\n<tr>\n<td> Det ryktes at tre fargealternativer er tilgjengelige for iPhone 18 Pro Max.<\/td>\n<\/tr>\n<p class=\"normalPara\"> I stedet kan Burgunder bli signaturfargen for neste generasjon. Denne vinr\u00f8de nyansen har dukket opp i mange rykter under navnet Dark Cherry og sies \u00e5 v\u00e6re en m\u00f8rkere, mer gjenkjennelig farge. Hvis den settes i produksjon, kan den v\u00e6re et alternativ for brukere som \u00f8nsker en s\u00e6regen iPhone Pro, men ikke en som er like prangende som de lysere fargene.<\/p>\n<p class=\"normalPara\"> Himmelbl\u00e5 og ren svart dekker de to resterende fargealternativene. Himmelbl\u00e5 tilbyr et mer ungdommelig valg, mens ren svart passer brukere som foretrekker et mer diskret design. Denne kombinasjonen antyder at Apple kanskje sikter mot tre forskjellige stiler i Pro-serien, i stedet for \u00e5 spre seg over for mange farger.<\/p>\n<p class=\"normalPara\"> Selv om fargeendringen ikke direkte p\u00e5virker spesifikasjonene, har den betydning for produktgjenkjenning. Apple bruker ofte en ny farge for \u00e5 skape et s\u00e6regent utseende for hver generasjon av iPhone Pro, noe som gj\u00f8r enheten lett gjenkjennelig fra utsiden. Burgunder kan derfor bli fargen som assosieres med iPhone 18 Pro hvis det bekreftes.<\/p>\n<p class=\"normalPara\"> Fargepaletten er imidlertid ikke bekreftet av Apple enn\u00e5. Tidligere rykter antydet at iPhone 18 Pro og Pro Max kunne komme i opptil fire farger: svart, s\u00f8lv, bl\u00e5 og burgunder. Derfor trenger muligheten for at Apple reduserer listen til tre farger fortsatt ytterligere bekreftelse fra andre kilder.<\/p>\n<p class=\"normalPara\"> Hvis nyhetene er n\u00f8yaktige, m\u00e5 brukerne velge mellom himmelbl\u00e5, ren svart og burgunder i stedet for en tradisjonell lysfarge. Dette er en liten endring, men nok til \u00e5 gj\u00f8re en forskjell i utseendet, spesielt siden Apple i \u00f8kende grad bruker farger som en m\u00e5te \u00e5 differensiere generasjoner av iPhone Pro.<\/p>\n<p class=\"normalPara\"> iPhone 18 Pro og iPhone 18 Pro Max forventes \u00e5 bli avduket av Apple p\u00e5 arrangementet 9. september. Inntil da er det fortsatt et ubesvart sp\u00f8rsm\u00e5l om hvorvidt burgunderfargen vil bli inkludert eller om den lysegr\u00e5 fargen vil bli droppet. Men hvis Apple bestemmer seg for \u00e5 droppe den kjente lysegr\u00e5 fargen, kan iPhone 18 Pro Max skryte av en betydelig dristigere fargepalett sammenlignet med nyere generasjoner.<\/p>\n<p class=\"mb-0\"> Kilde: https:\/\/baoquocte.vn\/iphone-18-pro-max-co-the-bo-mau-sang-don-tong-do-burgundy-noi-bat-439541.html<\/p>\n","protected":false},"excerpt":{"rendered":"Fixed Focus Digital- kontoen delte nylig informasjon p\u00e5 Weibo om de tre forventede fargene for iPhone 18 Pro&hellip;\n","protected":false},"author":2,"featured_media":342956,"comment_status":"","ping_status":"","sticky":false,"template":"","format":"standard","meta":{"footnotes":"","_share_on_mastodon":"0"},"categories":[57],"tags":[2852,25425,25359,25358,30,28,29,65,63,64,66,70,69,67,68],"class_list":["post-342955","post","type-post","status-publish","format-standard","has-post-thumbnail","category-vitenskap-og-teknologi","tag-eple","tag-iphone-18","tag-iphone-18-pro","tag-iphone-18-pro-max","tag-no","tag-norge","tag-norway","tag-science","tag-science-and-technology","tag-scienceandtechnology","tag-technology","tag-teknologi","tag-vitenskap","tag-vitenskap-og-teknologi","tag-vitenskapteknologi"],"share_on_mastodon":{"url":"","error":""},"_links":{"self":[{"href":"https:\/\/www.europesays.com\/no\/wp-json\/wp\/v2\/posts\/342955","targetHints":{"allow":["GET"]}}],"collection":[{"href":"https:\/\/www.europesays.com\/no\/wp-json\/wp\/v2\/posts"}],"about":[{"href":"https:\/\/www.europesays.com\/no\/wp-json\/wp\/v2\/types\/post"}],"author":[{"embeddable":true,"href":"https:\/\/www.europesays.com\/no\/wp-json\/wp\/v2\/users\/2"}],"replies":[{"embeddable":true,"href":"https:\/\/www.europesays.com\/no\/wp-json\/wp\/v2\/comments?post=342955"}],"version-history":[{"count":0,"href":"https:\/\/www.europesays.com\/no\/wp-json\/wp\/v2\/posts\/342955\/revisions"}],"wp:featuredmedia":[{"embeddable":true,"href":"https:\/\/www.europesays.com\/no\/wp-json\/wp\/v2\/media\/342956"}],"wp:attachment":[{"href":"https:\/\/www.europesays.com\/no\/wp-json\/wp\/v2\/media?parent=342955"}],"wp:term":[{"taxonomy":"category","embeddable":true,"href":"https:\/\/www.europesays.com\/no\/wp-json\/wp\/v2\/categories?post=342955"},{"taxonomy":"post_tag","embeddable":true,"href":"https:\/\/www.europesays.com\/no\/wp-json\/wp\/v2\/tags?post=342955"}],"curies":[{"name":"wp","href":"https:\/\/api.w.org\/{rel}","templated":true}]}}