{"id":342961,"date":"2026-09-03T15:45:19","date_gmt":"2026-09-03T15:45:19","guid":{"rendered":"https:\/\/www.europesays.com\/no\/342961\/"},"modified":"2026-09-03T15:45:19","modified_gmt":"2026-09-03T15:45:19","slug":"brest-bekrefter-lanet-av-liverpool-kjopte-nguessan","status":"publish","type":"post","link":"https:\/\/www.europesays.com\/no\/342961\/","title":{"rendered":"Brest bekrefter l\u00e5net av \u00abLiverpool-kj\u00f8pte\u00bb N\u2019Guessan"},"content":{"rendered":"<p>I dagene f\u00f8r overgangsvinduet ble stengt i engelsk fotball, kom det nyheter om at Liverpool var i ferd med \u00e5 sikre seg den lovende keeperen Lucca Brughmans fra Genk, i tillegg til spissen Djylian N&#8217;Guessan fra Saint-\u00c9tienne, som fylte 18 \u00e5r for f\u00e5 dager siden.<\/p>\n<p>Bekreftelsen p\u00e5 kj\u00f8pet av Brughmans kom p\u00e5 Deadline Day, f\u00f8r det ble klart at han ville bli l\u00e5nt tilbake til belgisk fotball i 2026\/27-sesongen. De r\u00f8de har en mulighet til \u00e5 hente ham allerede i januarvinduet, men det virker sv\u00e6rt usannsynlig.<\/p>\n<p><strong>N&#8217;Guessan lot imidlertid vente p\u00e5 seg, og da klokken bikket 00.00 natt til onsdag, hadde det ikke kommet spesielt mange nyheter om spissen. <\/strong><a data-router-slot=\"disabled\" href=\"https:\/\/www.liverpool.no\/lfc\/26\/9\/maatte-ordne-guessan-47\/\" type=\"external\" rel=\"nofollow noopener\" target=\"_blank\"><strong>Grunnen til det var at Liverpool m\u00e5tte hente ham p\u00e5 utradisjonelt vis, if\u00f8lge Ian Doyle i Liverpool Echo.<\/strong><\/a><\/p>\n<p>Han skrev at avtalen er satt opp slik at N&#8217;Guessan f\u00f8rst blir en del av Liverpool i 2027, p\u00e5 grunn av at klubben allerede har fylt kvoten for utenlandske utl\u00e5n etter Harvey Elliotts l\u00e5n til Valencia. Derfor er det heller signert en forh\u00e5ndsavtale.<\/p>\n<p>Utl\u00e5net er bekreftet<\/p>\n<p>Det som har v\u00e6rt mer overraskende siden overgangen ble \u00abbekreftet\u00bb, er at Brest, som skulle bli hans nye klubb p\u00e5 utl\u00e5n fra Saint-\u00c9tienne, ikke hadde kommet med en oppdatering om overgangen. Den har imidlertid kommet n\u00e5.<\/p>\n<p><strong>\u00abStade Brestois 29 er glade for \u00e5 kunne kunngj\u00f8re at angrepsspilleren Djylian N\u2019Guessan kommer til klubben p\u00e5 l\u00e5n fra AS Saint-\u00c9tienne. Djylian N\u2019Guessan er en 18 \u00e5r gammel fransk angrepsspiller fra Saint-Nazaire. Han er utviklet i AS Saint-\u00c9tienne, hvor han har spilt siden han var liten, og kan bekle b\u00e5de en sentral rolle og spille p\u00e5 kantene. Han er en kraftfull, bevegelig og teknisk angrepsspiller med et sv\u00e6rt lovende potensial. Velkommen, Djylian\u00bb, skriver den franske klubben p\u00e5 sine hjemmesider.<\/strong><\/p>\n<p>Artikkelen fortsetter under.<\/p>\n<p>Liverpool blir ikke nevnt i artikkelen, sannsynligvis p\u00e5 grunn av at han ikke offisielt er en Liverpool-spiller enda. Som nevnt vil det f\u00f8rst skje neste sommer. <\/p>\n<p><strong>Grunnen til at N\u2019Guessan l\u00e5nes ut til Brest fremfor \u00e5 bli v\u00e6rende i Saint-\u00c9tienne, handler om \u00e5 oppfylle kravene for arbeidstillatelse i England. Det er enklere \u00e5 f\u00e5 til med kamper i Ligue 1, hvor Brest spiller, enn i Ligue 2, hvor Saint-\u00c9tienne befinner seg.<\/strong><\/p>\n<p>Liverpool har gjort en lignende avtale med Ifeanyi Ndukwe, som ble sendt p\u00e5 utl\u00e5n til spanske Levante for \u00e5 oppfylle de samme kravene.<\/p>\n","protected":false},"excerpt":{"rendered":"I dagene f\u00f8r overgangsvinduet ble stengt i engelsk fotball, kom det nyheter om at Liverpool var i ferd&hellip;\n","protected":false},"author":2,"featured_media":342962,"comment_status":"","ping_status":"","sticky":false,"template":"","format":"standard","meta":{"footnotes":"","_share_on_mastodon":"0"},"categories":[59],"tags":[26257,30,28,29,447,17119,83,82],"class_list":["post-342961","post","type-post","status-publish","format-standard","has-post-thumbnail","category-sport","tag-djylian-nguessan","tag-no","tag-norge","tag-norway","tag-nyhet","tag-overganger","tag-sport","tag-sports"],"share_on_mastodon":{"url":"https:\/\/pubeurope.com\/@no\/117207887167918977","error":""},"_links":{"self":[{"href":"https:\/\/www.europesays.com\/no\/wp-json\/wp\/v2\/posts\/342961","targetHints":{"allow":["GET"]}}],"collection":[{"href":"https:\/\/www.europesays.com\/no\/wp-json\/wp\/v2\/posts"}],"about":[{"href":"https:\/\/www.europesays.com\/no\/wp-json\/wp\/v2\/types\/post"}],"author":[{"embeddable":true,"href":"https:\/\/www.europesays.com\/no\/wp-json\/wp\/v2\/users\/2"}],"replies":[{"embeddable":true,"href":"https:\/\/www.europesays.com\/no\/wp-json\/wp\/v2\/comments?post=342961"}],"version-history":[{"count":0,"href":"https:\/\/www.europesays.com\/no\/wp-json\/wp\/v2\/posts\/342961\/revisions"}],"wp:featuredmedia":[{"embeddable":true,"href":"https:\/\/www.europesays.com\/no\/wp-json\/wp\/v2\/media\/342962"}],"wp:attachment":[{"href":"https:\/\/www.europesays.com\/no\/wp-json\/wp\/v2\/media?parent=342961"}],"wp:term":[{"taxonomy":"category","embeddable":true,"href":"https:\/\/www.europesays.com\/no\/wp-json\/wp\/v2\/categories?post=342961"},{"taxonomy":"post_tag","embeddable":true,"href":"https:\/\/www.europesays.com\/no\/wp-json\/wp\/v2\/tags?post=342961"}],"curies":[{"name":"wp","href":"https:\/\/api.w.org\/{rel}","templated":true}]}}