{"id":342963,"date":"2026-09-03T15:47:15","date_gmt":"2026-09-03T15:47:15","guid":{"rendered":"https:\/\/www.europesays.com\/no\/342963\/"},"modified":"2026-09-03T15:47:15","modified_gmt":"2026-09-03T15:47:15","slug":"crimson-desert-far-sin-forste-store-utvidelse-i-oktober","status":"publish","type":"post","link":"https:\/\/www.europesays.com\/no\/342963\/","title":{"rendered":"Crimson Desert f\u00e5r sin f\u00f8rste store utvidelse i oktober"},"content":{"rendered":"<p>Pearl Abyss stilte opp under torsdagens State of Play-sending, for \u00e5 vise frem den f\u00f8rste utvidelsen for Crimson Desert. Den heter Charting the Unknown, og lansering er satt til 15. oktober.<\/p>\n<p>Som navnet antyder g\u00e5r turen ut i ukjente omgivelser. Som Kliff kan spillere forvente nye utfordringer \u00e5 takle, og helt nye spillmekanikker.<\/p>\n<p>Blant annet kan man utforske under vann, tilsynelatende med hjelp fra en hai, og bygge hus og en base i The Sims-stil.<\/p>\n<p>Traileren du kan se \u00f8verst i artikkelen viser noen av nyhetene som venter i Charting the Unknown. Utviklerne p\u00e5peker at videoen er tatt opp p\u00e5 en PlayStation 5 Pro, og at ting kan endre seg innen lanseringen om en dr\u00f8y m\u00e5ned.<\/p>\n","protected":false},"excerpt":{"rendered":"Pearl Abyss stilte opp under torsdagens State of Play-sending, for \u00e5 vise frem den f\u00f8rste utvidelsen for Crimson&hellip;\n","protected":false},"author":2,"featured_media":342964,"comment_status":"","ping_status":"","sticky":false,"template":"","format":"standard","meta":{"footnotes":"","_share_on_mastodon":"0"},"categories":[57],"tags":[30,28,29,65,63,64,66,70,69,67,68],"class_list":["post-342963","post","type-post","status-publish","format-standard","has-post-thumbnail","category-vitenskap-og-teknologi","tag-no","tag-norge","tag-norway","tag-science","tag-science-and-technology","tag-scienceandtechnology","tag-technology","tag-teknologi","tag-vitenskap","tag-vitenskap-og-teknologi","tag-vitenskapteknologi"],"share_on_mastodon":{"url":"https:\/\/pubeurope.com\/@no\/117207894825259703","error":""},"_links":{"self":[{"href":"https:\/\/www.europesays.com\/no\/wp-json\/wp\/v2\/posts\/342963","targetHints":{"allow":["GET"]}}],"collection":[{"href":"https:\/\/www.europesays.com\/no\/wp-json\/wp\/v2\/posts"}],"about":[{"href":"https:\/\/www.europesays.com\/no\/wp-json\/wp\/v2\/types\/post"}],"author":[{"embeddable":true,"href":"https:\/\/www.europesays.com\/no\/wp-json\/wp\/v2\/users\/2"}],"replies":[{"embeddable":true,"href":"https:\/\/www.europesays.com\/no\/wp-json\/wp\/v2\/comments?post=342963"}],"version-history":[{"count":0,"href":"https:\/\/www.europesays.com\/no\/wp-json\/wp\/v2\/posts\/342963\/revisions"}],"wp:featuredmedia":[{"embeddable":true,"href":"https:\/\/www.europesays.com\/no\/wp-json\/wp\/v2\/media\/342964"}],"wp:attachment":[{"href":"https:\/\/www.europesays.com\/no\/wp-json\/wp\/v2\/media?parent=342963"}],"wp:term":[{"taxonomy":"category","embeddable":true,"href":"https:\/\/www.europesays.com\/no\/wp-json\/wp\/v2\/categories?post=342963"},{"taxonomy":"post_tag","embeddable":true,"href":"https:\/\/www.europesays.com\/no\/wp-json\/wp\/v2\/tags?post=342963"}],"curies":[{"name":"wp","href":"https:\/\/api.w.org\/{rel}","templated":true}]}}