{"id":34298,"date":"2025-09-13T12:41:21","date_gmt":"2025-09-13T12:41:21","guid":{"rendered":"https:\/\/www.europesays.com\/no\/34298\/"},"modified":"2025-09-13T12:41:21","modified_gmt":"2025-09-13T12:41:21","slug":"prins-harry-besoker-ukraina-for-a-stotte-sarede-soldater-2","status":"publish","type":"post","link":"https:\/\/www.europesays.com\/no\/34298\/","title":{"rendered":"Prins Harry bes\u00f8ker Ukraina for \u00e5 st\u00f8tte s\u00e5rede soldater"},"content":{"rendered":"<p class=\"kicker \" style=\"\">Prins Harry:\u00a0<\/p>\n<p>  Prins Harry \u00f8nsker \u00e5 hjelpe tusenvis av s\u00e5rede soldater i Ukraina. Fredag morgen ankom han\u00a0Kyiv.\u00a0<\/p>\n<p>\n    P\u00c5 BES\u00d8K: Prins Harry har reist til Kyiv i Ukraina for \u00e5 hjelpe s\u00e5rede soldater med rehabilitering. Foto: NTB\n  <\/p>\n<p>Prins Harry (40) har reist til Kyiv etter en invitasjon fra den ukrainske regjeringen.\u00a0<\/p>\n<p>Sammen med teamet sitt fra Invictus Games Foundation skal prinsen lansere nye tiltak for \u00e5 hjelpe s\u00e5rede soldater med rehabilitering. M\u00e5let er \u00e5 n\u00e5 ut til hele landet.<\/p>\n<p>    <a itemprop=\"url\" href=\"https:\/\/www.seher.no\/kongelig\/bryter-tausheten-om-charles\/83578031\" rel=\"nofollow noopener\" target=\"_blank\"><\/p>\n<p>      <img loading=\"lazy\" decoding=\"async\" src=\"https:\/\/www.europesays.com\/no\/wp-content\/uploads\/2025\/09\/83578044.webp\" width=\"147\" height=\"98\" title=\"Bryter tausheten om Charles\" alt=\"\" class=\"lazyload\" style=\"--aspect-ratio-image: 1.50; \"\/><\/p>\n<p>        Bryter tausheten om Charles<\/p>\n<p>    <\/a><\/p>\n<p>If\u00f8lge <a href=\"https:\/\/www.theguardian.com\/uk-news\/2025\/sep\/12\/prince-harry-ukraine-visit-kyiv\" rel=\"nofollow noopener\" target=\"_blank\">The Guardian<\/a>\u00a0viser tall fra tidligere i \u00e5r at over 130 000 mennesker har f\u00e5tt varige skader som f\u00f8lge av krigen. Ukrainske myndigheter satser n\u00e5 tungt p\u00e5 sport som en del av behandlingen for veteraner.<\/p>\n<p>        SKREMT: I den siste episoden av \u00abThe Tonight Show Starring Jimmy Fallon\u00bb dukker britiske prins Harry opp, og g\u00e5r inn i et sp\u00f8kelseshus med verten. Video: Youtube\/NBC. Reporter: Kaja G. Tvetene<\/p>\n<p class=\"font-weight-bold m-font-weight-bold\" data-lab-font_weight=\"font-weight-bold\">&#8211; Vi kan ikke stoppe krigen, men det vi kan gj\u00f8re er \u00e5 gj\u00f8re alt vi kan for \u00e5 hjelpe rehabiliteringsprosessen, sier prinsen til avisa\u00a0p\u00e5 et nattog til hovedstaden.<\/p>\n<p>    <a itemprop=\"url\" href=\"https:\/\/www.seher.no\/kongelig\/trodde-harry-og-kate-skulle-bli-sammen\/83562643\" rel=\"nofollow noopener\" target=\"_blank\"><\/p>\n<p>      <img loading=\"lazy\" decoding=\"async\" src=\"https:\/\/www.europesays.com\/no\/wp-content\/uploads\/2025\/09\/1757767278_81_83562000.webp\" width=\"147\" height=\"98\" title=\"- Trodde Harry og Kate skulle bli sammen\" alt=\"\" class=\"lazyload\" style=\"--aspect-ratio-image: 1.50; \"\/><\/p>\n<p>        &#8211; Trodde Harry og Kate skulle bli sammen<\/p>\n<p>    <\/a><\/p>\n<p>Han legger til:<\/p>\n<p>&#8211; Vi m\u00e5 fortsette \u00e5 vise at det er vanlige mennesker som er rammet av krigen, og hva de g\u00e5r gjennom. Det er viktig at folk ikke glemmer det. Jeg h\u00e5per denne turen kan hjelpe folk \u00e5 forst\u00e5 det bedre, for det er lett \u00e5 bli likegyldig n\u00e5r man h\u00f8rer om det hele tiden.<\/p>\n<p>          <img loading=\"lazy\" decoding=\"async\" src=\"https:\/\/www.europesays.com\/no\/wp-content\/uploads\/2025\/09\/83582408.webp\" width=\"686\" height=\"460\" title=\"VIL HJELPE: Prins Harry her p\u00e5 et tidligere bes\u00f8k til Ukraina. Foto:\" alt=\"\" class=\"\" style=\"--aspect-ratio-image: 1.49; \"\/><\/p>\n<p>\n          VIL HJELPE: Prins Harry her p\u00e5 et tidligere bes\u00f8k til Ukraina. Foto:\n      <\/p>\n<p>Prinsen Harry forteller at han opprinnelig ble invitert til Kyiv av Olga Rudnieva. Hun er grunnlegger og administrerende direkt\u00f8r for Superhumans Trauma Centre i Lviv, Ukraina, som behandler s\u00e5rede amputerte.<\/p>\n<p>          <img loading=\"lazy\" decoding=\"async\" src=\"https:\/\/www.europesays.com\/no\/wp-content\/uploads\/2025\/09\/83583162.webp\" width=\"980\" height=\"559\" title=\"VELKOMMEN: Fredag morgen ankom prins Harry togstasjonen i Kyiv. Foto: NTB\" alt=\"\" class=\"\" style=\"--aspect-ratio-image: 1.75; \"\/><\/p>\n<p>\n          VELKOMMEN: Fredag morgen ankom prins Harry togstasjonen i Kyiv. Foto: NTB\n      <\/p>\n<p>&#8211; Jeg st\u00f8tte p\u00e5 Olga i New York. Det var et tilfeldig m\u00f8te og jeg spurte henne hva jeg kunne gj\u00f8re for \u00e5 hjelpe. Hun sa \u00abden st\u00f8rste p\u00e5virkningen du har er \u00e5 komme til Kyiv\u00bb. Jeg m\u00e5tte sjekke med kona mi og den britiske regjeringen for \u00e5 forsikre meg om at det var greit. S\u00e5 kom den offisielle invitasjonen, sier han.<\/p>\n<p>        VEKKER OPPSIKT: Alle var ikke like forn\u00f8yde da prins Harry mottok \u00abPat Tilman prisen\u00bb. Video: ESPN\/YouTube.<\/p>\n<p>Under turen skal prinsen bes\u00f8ke det nasjonale museet for Ukrainas historie i andre verdenskrig. I tillegg skal han tilbringe tid med 200 veteraner som ogs\u00e5 har blitt invitert og m\u00f8te Ukrainas statsminister, Yulia Svyrydenko.<\/p>\n","protected":false},"excerpt":{"rendered":"Prins Harry:\u00a0 Prins Harry \u00f8nsker \u00e5 hjelpe tusenvis av s\u00e5rede soldater i Ukraina. Fredag morgen ankom han\u00a0Kyiv.\u00a0 P\u00c5&hellip;\n","protected":false},"author":2,"featured_media":34299,"comment_status":"","ping_status":"","sticky":false,"template":"","format":"standard","meta":{"footnotes":""},"categories":[12],"tags":[20,21,1893,24,25,15,76,22,23,13,30,28,29,14,16,75,26,27,489,42,43,44,45],"class_list":{"0":"post-34298","1":"post","2":"type-post","3":"status-publish","4":"format-standard","5":"has-post-thumbnail","7":"category-verden","8":"tag-breaking-news","9":"tag-breakingnews","10":"tag-det-britiske-kongehuset","11":"tag-featured-news","12":"tag-featurednews","13":"tag-headlines","14":"tag-kongelig","15":"tag-latest-news","16":"tag-latestnews","17":"tag-news","18":"tag-no","19":"tag-norge","20":"tag-norway","21":"tag-nyheter","22":"tag-overskrifter","23":"tag-prins-harry","24":"tag-top-stories","25":"tag-topstories","26":"tag-ukraina","27":"tag-verden","28":"tag-world","29":"tag-world-news","30":"tag-worldnews"},"share_on_mastodon":{"url":"","error":""},"_links":{"self":[{"href":"https:\/\/www.europesays.com\/no\/wp-json\/wp\/v2\/posts\/34298","targetHints":{"allow":["GET"]}}],"collection":[{"href":"https:\/\/www.europesays.com\/no\/wp-json\/wp\/v2\/posts"}],"about":[{"href":"https:\/\/www.europesays.com\/no\/wp-json\/wp\/v2\/types\/post"}],"author":[{"embeddable":true,"href":"https:\/\/www.europesays.com\/no\/wp-json\/wp\/v2\/users\/2"}],"replies":[{"embeddable":true,"href":"https:\/\/www.europesays.com\/no\/wp-json\/wp\/v2\/comments?post=34298"}],"version-history":[{"count":0,"href":"https:\/\/www.europesays.com\/no\/wp-json\/wp\/v2\/posts\/34298\/revisions"}],"wp:featuredmedia":[{"embeddable":true,"href":"https:\/\/www.europesays.com\/no\/wp-json\/wp\/v2\/media\/34299"}],"wp:attachment":[{"href":"https:\/\/www.europesays.com\/no\/wp-json\/wp\/v2\/media?parent=34298"}],"wp:term":[{"taxonomy":"category","embeddable":true,"href":"https:\/\/www.europesays.com\/no\/wp-json\/wp\/v2\/categories?post=34298"},{"taxonomy":"post_tag","embeddable":true,"href":"https:\/\/www.europesays.com\/no\/wp-json\/wp\/v2\/tags?post=34298"}],"curies":[{"name":"wp","href":"https:\/\/api.w.org\/{rel}","templated":true}]}}