{"id":342989,"date":"2026-09-03T16:07:21","date_gmt":"2026-09-03T16:07:21","guid":{"rendered":"https:\/\/www.europesays.com\/no\/342989\/"},"modified":"2026-09-03T16:07:21","modified_gmt":"2026-09-03T16:07:21","slug":"harald-v-bjorvika-thon-hotel-opera-i-bjorvika-kansellerer-overnattinger-etter-kong-haralds-dodsfall","status":"publish","type":"post","link":"https:\/\/www.europesays.com\/no\/342989\/","title":{"rendered":"Harald V, Bj\u00f8rvika | Thon Hotel Opera i Bj\u00f8rvika kansellerer overnattinger etter kong Haralds d\u00f8dsfall"},"content":{"rendered":"\n<p>Til uken samles statsoverhoder, kongelige og presse fra hele verden i Oslo for \u00e5 ta et siste farvel med kong Harald.\u00a0<\/p>\n<p>Det f\u00f8rer til sprengt hotellkapasitet i sentrum. N\u00e5 g\u00e5r sikkerhetsopplegget rundt begravelsen utover vanlige gjester.<\/p>\n<p>Flere reisende som hadde booket rom p\u00e5 Thon Hotel Opera i Bj\u00f8rvika, har p\u00e5 sv\u00e6rt kort varsel f\u00e5tt beskjed om at oppholdet deres er kansellert.<\/p>\n<p><a href=\"https:\/\/borsen.dagbladet.no\/nyheter\/gjester-bratt-fratatt-hotellrommet\/85104196\" rel=\"Follow nofollow noopener\" target=\"_blank\">Dagbladet <\/a>meldte det f\u00f8rst.\u00a0<\/p>\n<p>Norske myndigheter har rekvirert hele hotellet i forbindelse med gravferden.<\/p>\n<p>   <img decoding=\"async\" width=\"5712\" height=\"4284\" fetchpriority=\"low\"  loading=\"lazy\"  src=\"https:\/\/www.europesays.com\/no\/wp-content\/uploads\/2026\/09\/a-33b4d45e-cc0d-48b6-9c4b-3981cf3293ff.jpg\" alt=\"\" class=\"brick-c-cFOWSL\" style=\"--brick-image-ratio: 5712 \/ 4284;\"\/><\/p>\n<p>  \u2013 Just sucks<\/p>\n<p>P\u00e5 diskusjonsforumet Reddit retter en turist kraftig kritikk mot hotellet. Han skriver at han fikk kansellert bookingen fire dager f\u00f8r ankomst.<\/p>\n<p>I en e-post sendt fra hotellet til den ber\u00f8rte gjesten st\u00e5r det:<\/p>\n<p>\u00ab\u00c5rsaken til kanselleringen er at hotellet i sin helhet har blitt rekvirert av norske myndigheter fra 6. til 10. september i forbindelse med begravelsen til Hans Majestet Kong Harald. Vi forst\u00e5r at dette kan medf\u00f8re betydelige ulemper, og vi beklager situasjonen p\u00e5 det sterkeste.\u00bb<\/p>\n<p>Turisten m\u00e5tte i all hast finne et nytt, dyrere hotell i n\u00e6rheten av Gardermoen.\u00a0<\/p>\n<p>\u2013 Totally understandable circumstances, just sucks that they can kick out peasants like me and my family days before to make room for the guests of the funeral, media, or whatever it might be, skriver Reddit-brukeren.\u00a0<\/p>\n<p>Gjesten skriver at han kun fikk tilbud om standard refusjon av det opprinnelige oppholdet.<\/p>\n<p>Flere i diskusjonstr\u00e5den p\u00e5peker at en stor akt\u00f8r som Thon Hotels burde kunne dekket mellomlegget for det nye hotellet.<\/p>\n<p>   <img decoding=\"async\" width=\"5648\" height=\"3765\" fetchpriority=\"low\"  loading=\"lazy\"  src=\"https:\/\/www.europesays.com\/no\/wp-content\/uploads\/2026\/09\/E0PM2mMluKw.jpg\" alt=\"\" class=\"brick-c-cFOWSL\" style=\"--brick-image-ratio: 5648 \/ 3765;\"\/><\/p>\n<p>      I mai 2001 \u00e5pnet Thon Hotel Opera som det f\u00f8rste bygget i Oslos nyeste bydel, Bj\u00f8rvika.<br \/>\n      Foto: Terje Pedersen \/ NTB\n    <\/p>\n<p>  \u2013 M\u00e5 dessverre kansellere noen<\/p>\n<p>Konserndirekt\u00f8r i Thon Hotels, Morten Thorvaldsen, bekrefter overfor Dagbladet at hotellet er rekvirert og at noen gjester har f\u00e5tt kansellert oppholdet.<\/p>\n<p>\u2013 Vi pr\u00f8ver \u00e5 flytte gjester der vi kan, men noen m\u00e5 vi dessverre kansellere\u00bb, uttaler Thorvaldsen, if\u00f8lge avisen.<\/p>\n<p>\u2013 Vi har ikke diskutert en kompensasjon. Majoriteten f\u00e5r tilbud om et annet alternativ, og det er viktig \u00e5 f\u00e5 fram at dette er en situasjon som gjestene i all hovedsak har forst\u00e5else for, sier Thorvaldsen videre til Dagbladet.\u00a0<\/p>\n<p>Avisa Oslo har tidligere omtalt<a rel=\"Follow nofollow noopener\" href=\"https:\/\/www.ao.no\/verdenseliten-kommer-til-oslo-rennes-ned-i-hele-sentrum-en-ekstraordinar-situasjon\/s\/80-128-10052\" target=\"_blank\"> at flere hoteller er fullbooket<\/a> som f\u00f8lge av kongens d\u00f8dsfall.\u00a0<\/p>\n<p><a class=\"brick-c-hOTghF\" href=\"#skip-\">Hopp over karusellen.<\/a><\/p>\n<p data-static=\"\" class=\"brick-c-fgNmNC\" id=\"carousel-title-\">Innholdskarusell med 30 artikler.<\/p>\n<ul data-static=\"\" aria-label=\"Navigasjon for innholdskarusell\" class=\"carousel-nav\">\n<li>\n<\/li>\n<li>\n<\/li>\n<\/ul>\n","protected":false},"excerpt":{"rendered":"Til uken samles statsoverhoder, kongelige og presse fra hele verden i Oslo for \u00e5 ta et siste farvel&hellip;\n","protected":false},"author":2,"featured_media":342990,"comment_status":"","ping_status":"","sticky":false,"template":"","format":"standard","meta":{"footnotes":"","_share_on_mastodon":"0"},"categories":[5],"tags":[36,2897,20,21,24,25,2113,26309,15,19,22,23,17,18,13,30,28,29,14,16,216,285,1510,18368,26,27],"class_list":["post-342989","post","type-post","status-publish","format-standard","has-post-thumbnail","category-overskrifter","tag-art","tag-bjorvika","tag-breaking-news","tag-breakingnews","tag-featured-news","tag-featurednews","tag-gamle-oslo","tag-harald-v","tag-headlines","tag-hovedoppslag","tag-latest-news","tag-latestnews","tag-main-news","tag-mainnews","tag-news","tag-no","tag-norge","tag-norway","tag-nyheter","tag-overskrifter","tag-okonomi-og-naeringsliv","tag-sentrum","tag-story","tag-thon-hotels","tag-top-stories","tag-topstories"],"share_on_mastodon":{"url":"https:\/\/pubeurope.com\/@no\/117207973772182694","error":""},"_links":{"self":[{"href":"https:\/\/www.europesays.com\/no\/wp-json\/wp\/v2\/posts\/342989","targetHints":{"allow":["GET"]}}],"collection":[{"href":"https:\/\/www.europesays.com\/no\/wp-json\/wp\/v2\/posts"}],"about":[{"href":"https:\/\/www.europesays.com\/no\/wp-json\/wp\/v2\/types\/post"}],"author":[{"embeddable":true,"href":"https:\/\/www.europesays.com\/no\/wp-json\/wp\/v2\/users\/2"}],"replies":[{"embeddable":true,"href":"https:\/\/www.europesays.com\/no\/wp-json\/wp\/v2\/comments?post=342989"}],"version-history":[{"count":0,"href":"https:\/\/www.europesays.com\/no\/wp-json\/wp\/v2\/posts\/342989\/revisions"}],"wp:featuredmedia":[{"embeddable":true,"href":"https:\/\/www.europesays.com\/no\/wp-json\/wp\/v2\/media\/342990"}],"wp:attachment":[{"href":"https:\/\/www.europesays.com\/no\/wp-json\/wp\/v2\/media?parent=342989"}],"wp:term":[{"taxonomy":"category","embeddable":true,"href":"https:\/\/www.europesays.com\/no\/wp-json\/wp\/v2\/categories?post=342989"},{"taxonomy":"post_tag","embeddable":true,"href":"https:\/\/www.europesays.com\/no\/wp-json\/wp\/v2\/tags?post=342989"}],"curies":[{"name":"wp","href":"https:\/\/api.w.org\/{rel}","templated":true}]}}