{"id":343059,"date":"2026-09-03T17:08:26","date_gmt":"2026-09-03T17:08:26","guid":{"rendered":"https:\/\/www.europesays.com\/no\/343059\/"},"modified":"2026-09-03T17:08:26","modified_gmt":"2026-09-03T17:08:26","slug":"det-finnes-ingen-host-vat-nok-til-a-fylle-magasinene-til-normalen-teknisk-ukeblad","status":"publish","type":"post","link":"https:\/\/www.europesays.com\/no\/343059\/","title":{"rendered":"\u2013 Det finnes ingen h\u00f8st v\u00e5t nok til \u00e5 fylle magasinene til normalen &#8211; Teknisk Ukeblad"},"content":{"rendered":"<ol>\n<li><a href=\"https:\/\/news.google.com\/rss\/articles\/CBMioAFBVV95cUxNX2s3S1BwWm9mOE43RDhIcHJKWXpxRHlrblVzSlRBdUpzcXNrSzNyTzluNTk1ck5JbDY4QnZpM25pZUcyOHM5aHc4MGVGMzdOXzQ5VEhldWJxWXNtTW5Wb2hYeG1kV2x1NlA5cGM0RG1sc2l3ejFEcEVjckFUbThUQjdzTVhHb1RhOWhpQ1VaMU9RZ1cxbEs2WkNBbVcyY1Bz?oc=5\" target=\"_blank\" rel=\"nofollow noopener\">\u2013 Det finnes ingen h\u00f8st v\u00e5t nok til \u00e5 fylle magasinene til normalen<\/a>&nbsp;&nbsp;Teknisk Ukeblad<\/li>\n<li><a href=\"https:\/\/news.google.com\/rss\/articles\/CBMiggFBVV95cUxPVmItS3E4ajltM29oSm4yVEdmaUZuY0VoNVQ0dkk2YnJVZkhHOHphWHBZWUtnNTNJdXNKdjV5ak5sbmlTdTVNVXktaUNvdkp1MlpBU2ttZXgyY3AwVnZ0YXlObFRQaXF2bFdMRWgzZUlmeTVPbndsV0d3dnhWMlBEUkp3?oc=5\" target=\"_blank\" rel=\"nofollow noopener\">Str\u00f8m, Magasinfylling | Vannmagasinene tappes videre<\/a>&nbsp;&nbsp;Nettavisen<\/li>\n<li><a href=\"https:\/\/news.google.com\/rss\/articles\/CBMipwFBVV95cUxOaXI0WUVhNWNJeFRxdzN1c2JLRUZPc2hob1NvSjh3S2VzY1pCaEdsNGo5eEw2b3Q5SWhuaDlYVFMzcGw1UnIxTmxGNC1OSnFyODBGTWpTSkE5NWdrWEdtdXF6VDZTWFRKSTZBLURDTTFmM2xTaVdjaVhPVGlEcDdkdUZPWTdoT2loWkNONzlta290X2pZUks4MWZNSi1sNklnZzNKbVNEVQ?oc=5\" target=\"_blank\" rel=\"nofollow noopener\">Vannmagasinene i s\u00f8r: Laveste fylling p\u00e5 minst 30 \u00e5r<\/a>&nbsp;&nbsp;adressa.no<\/li>\n<li><a href=\"https:\/\/news.google.com\/rss\/articles\/CBMikgFBVV95cUxQZjZzNUhMc0pwWUs2V1RpYVdGWUx0UWVjZVRBdWNoc2doVGRsV1NJX1lPcjlELXdrc19SX3pyS1UxOFU3TG5qUk53dHlkNzA4U2JOSEtwTHBnd2ZOMmszUE4zbS1CUlQ4ZVU4X0w4YVZ5UVdBbXAtdlNmYXoycHhBcmhxWjFyTDhSaVUwOUEzcTR0QQ?oc=5\" target=\"_blank\" rel=\"nofollow noopener\">Fyllingsgraden sank 0,5 prosentpoeng i forrige uke<\/a>&nbsp;&nbsp;vigga.no<\/li>\n<li><a href=\"https:\/\/news.google.com\/rss\/articles\/CBMitwFBVV95cUxOS1VQTzltcGlPNHY1UkRwUlNQQ2phUjBreU1wZ0M1dnZlaXhIc0FFYmhydlZUQXRQQXI2NTRhV0l5QjUtbGdtaUFGSGJDOWhlV1FzcWVfaC1Qbkh3bC1semZPeFUzYjhhbkdvcGJSOWk2V0VMU0g3dDU2eG5KcG54NDhFTTJvMWVsMU5HckkxejZ2dllKV1pYanVadU9aTzROanczTjc4b0VZcEE0QUlJSUh4VTRDelE?oc=5\" target=\"_blank\" rel=\"nofollow noopener\">(+) Vannekspert bekymret: \u2013 Det er en negativ utvikling<\/a>&nbsp;&nbsp;Oppeg\u00e5rd Avis<\/li>\n<\/ol>\n","protected":false},"excerpt":{"rendered":"\u2013 Det finnes ingen h\u00f8st v\u00e5t nok til \u00e5 fylle magasinene til normalen&nbsp;&nbsp;Teknisk Ukeblad Str\u00f8m, Magasinfylling | Vannmagasinene&hellip;\n","protected":false},"author":2,"featured_media":343060,"comment_status":"","ping_status":"","sticky":false,"template":"","format":"standard","meta":{"footnotes":"","_share_on_mastodon":"0"},"categories":[10],"tags":[20,21,382,24,25,21857,15,22,23,13,30,28,29,954,14,16,243,26,27,3543,26278],"class_list":["post-343059","post","type-post","status-publish","format-standard","has-post-thumbnail","category-norge","tag-breaking-news","tag-breakingnews","tag-energi","tag-featured-news","tag-featurednews","tag-fyllingsgrad","tag-headlines","tag-latest-news","tag-latestnews","tag-news","tag-no","tag-norge","tag-norway","tag-nve","tag-nyheter","tag-overskrifter","tag-strom","tag-top-stories","tag-topstories","tag-vannkraft","tag-vannmagasiner"],"share_on_mastodon":{"url":"https:\/\/pubeurope.com\/@no\/117208213311640258","error":""},"_links":{"self":[{"href":"https:\/\/www.europesays.com\/no\/wp-json\/wp\/v2\/posts\/343059","targetHints":{"allow":["GET"]}}],"collection":[{"href":"https:\/\/www.europesays.com\/no\/wp-json\/wp\/v2\/posts"}],"about":[{"href":"https:\/\/www.europesays.com\/no\/wp-json\/wp\/v2\/types\/post"}],"author":[{"embeddable":true,"href":"https:\/\/www.europesays.com\/no\/wp-json\/wp\/v2\/users\/2"}],"replies":[{"embeddable":true,"href":"https:\/\/www.europesays.com\/no\/wp-json\/wp\/v2\/comments?post=343059"}],"version-history":[{"count":0,"href":"https:\/\/www.europesays.com\/no\/wp-json\/wp\/v2\/posts\/343059\/revisions"}],"wp:featuredmedia":[{"embeddable":true,"href":"https:\/\/www.europesays.com\/no\/wp-json\/wp\/v2\/media\/343060"}],"wp:attachment":[{"href":"https:\/\/www.europesays.com\/no\/wp-json\/wp\/v2\/media?parent=343059"}],"wp:term":[{"taxonomy":"category","embeddable":true,"href":"https:\/\/www.europesays.com\/no\/wp-json\/wp\/v2\/categories?post=343059"},{"taxonomy":"post_tag","embeddable":true,"href":"https:\/\/www.europesays.com\/no\/wp-json\/wp\/v2\/tags?post=343059"}],"curies":[{"name":"wp","href":"https:\/\/api.w.org\/{rel}","templated":true}]}}