{"id":343085,"date":"2026-09-03T17:25:22","date_gmt":"2026-09-03T17:25:22","guid":{"rendered":"https:\/\/www.europesays.com\/no\/343085\/"},"modified":"2026-09-03T17:25:22","modified_gmt":"2026-09-03T17:25:22","slug":"hver-dag-spontanaborterer-mellom-20-og-30-kvinner-i-norge-jeg-ble-helt-satt-ut-sier-bokaktuelle-elise-koppang-frojd","status":"publish","type":"post","link":"https:\/\/www.europesays.com\/no\/343085\/","title":{"rendered":"Hver dag spontanaborterer mellom 20 og 30 kvinner i Norge. \u2013 Jeg ble helt satt ut, sier bokaktuelle Elise Koppang Fr\u00f8jd."},"content":{"rendered":"\n<ul class=\"_list_145nj_3 _list_64s2r_85 _unordered_145nj_106 text-sans-m\">\n<li class=\"_item_145nj_30\">Elise Koppang Fr\u00f8jd opplevde ekstrem svangerskapskvalme og spontanabort i uke 12.<\/li>\n<li class=\"_item_145nj_30\">Syv \u00e5r senere har hun skrevet bok om spontanabort sammen med Mari Lillesl\u00e5tten.<\/li>\n<li class=\"_item_145nj_30\">Hver dag spontanaborterer 20\u201330 kvinner i Norge.<\/li>\n<li class=\"_item_145nj_30\">Eksperter mener helsevesenet m\u00e5 gi bedre oppf\u00f8lging.<\/li>\n<\/ul>\n<p>Vis mer <\/p>\n<p class=\"_paragraph_145nj_4 _paragraph_6fko5_10 layout-component text-serif-m layout-normal text-serif-m layout-padded _medium_6fko5_28\">Fra f\u00f8rste stund i svanger\u00adskapet kjente hun p\u00e5 kvalme.<\/p>\n<p class=\"_paragraph_145nj_4 _paragraph_6fko5_10 layout-component text-serif-m layout-normal text-serif-m layout-padded\">Elise Koppang Fr\u00f8jd m\u00e5tte sykmeldes, hun spydde og spydde \u2013 og det virket som det aldri ga seg. <\/p>\n<p class=\"_paragraph_145nj_4 _paragraph_6fko5_10 layout-component text-serif-m layout-normal text-serif-m layout-padded\">38 \u00e5r gammel hadde hun opplevd dette f\u00f8r. Men det skremte henne ikke fra \u00e5 bli gravid for tredje gang. <\/p>\n<p class=\"_paragraph_145nj_4 _paragraph_6fko5_10 layout-component text-serif-m layout-normal text-serif-m layout-padded\">Bel\u00f8nningen ville bli enorm. Et nytt barn.<\/p>\n<p class=\"_paragraph_145nj_4 _paragraph_6fko5_10 layout-component text-serif-m layout-normal text-serif-m layout-padded\">I tolvte uke skulle Elise til f\u00f8rste ultralyd. P\u00e5 vei til sykehuset kastet hun opp igjen. <\/p>\n<p class=\"_paragraph_145nj_4 _paragraph_6fko5_10 layout-component text-serif-m layout-normal text-serif-m layout-padded\">Det kalles hyperemesis gravidarum  hyperemesis gravidarum En alvorlig form for svangerskapskvalme som kan f\u00f8re til ekstrem kvalme og oppkast.og er ekstrem svangerskapskvalme.\u00a0<\/p>\n<p class=\"_paragraph_145nj_4 _paragraph_6fko5_10 layout-component text-serif-m layout-normal text-serif-m layout-padded\">P\u00e5 unders\u00f8kelsesrommet la hun seg p\u00e5 ryggen og fikk lysebl\u00e5 gel\u00e9 p\u00e5 magen. <\/p>\n<p class=\"_paragraph_145nj_4 _paragraph_6fko5_10 layout-component text-serif-m layout-normal text-serif-m layout-padded\">Legen tok seg god tid, snakket forsiktig og mildt mens ultralydapparatet gled sakte over huden.\u00a0<\/p>\n<p class=\"_paragraph_145nj_4 _paragraph_6fko5_10 layout-component text-serif-m layout-normal text-serif-m layout-padded\">\u2013 Beklager, sa hun langsomt og s\u00e5 opp.\u00a0<\/p>\n<p class=\"_paragraph_145nj_4 _paragraph_6fko5_10 layout-component text-serif-m layout-normal text-serif-m layout-padded _medium_6fko5_28\">\u2013 Det er dessverre d\u00f8dt.<\/p>\n<p><img alt=\"\" class=\"_image_jw3bv_65 layout-component layout-normal\" data-fullscreen- data-track-element-type=\"Article image fullscreen\" data-track-name=\"ImageFullscreen\" decoding=\"async\" loading=\"lazy\" height=\"3051\" itemprop=\"image\"  src=\"https:\/\/www.europesays.com\/no\/wp-content\/uploads\/2026\/09\/78df5f72-7ffb-3066-adfb-d62ebb038c24.jpeg\"  style=\"object-position:0% 0%\" width=\"3050\"\/><\/p>\n<p class=\"_paragraph_145nj_4 _paragraph_6fko5_10 layout-component text-serif-m layout-normal text-serif-m layout-padded\"><strong class=\"_strong_145nj_25\">Syv \u00e5r har g\u00e5tt <\/strong>siden opplevelsen, som Elise Koppang Fr\u00f8jd beskriver i boken boken\u00abEr dette vanlig? Historier om spontanabort\u00bb  hun og Mari Lillesl\u00e5ten har skrevet om spontanaborter.<\/p>\n<p class=\"_paragraph_145nj_4 _paragraph_6fko5_10 layout-component text-serif-m layout-normal text-serif-m layout-padded\">Hver dag spontanaborterer mellom 20 og 30 kvinner i Norge.<\/p>\n<p class=\"_paragraph_145nj_4 _paragraph_6fko5_10 layout-component text-serif-m layout-normal text-serif-m layout-padded\">For noen f\u00f8rer det til livskriser, sier jordmor Hanne Charlotte Schjelderup.<\/p>\n<p class=\"_paragraph_145nj_4 _paragraph_6fko5_10 layout-component text-serif-m layout-normal text-serif-m layout-padded\"> \u2013 Det er brutalt, sier f\u00f8dselslege Thorbj\u00f8rn Brook Steen.<\/p>\n<p class=\"_paragraph_145nj_4 _paragraph_6fko5_10 layout-component text-serif-m layout-normal text-serif-m layout-padded\">For tre \u00e5r siden foreslo det regjeringsoppnevnte Kvinne\u00adhelse\u00adutvalgetKvinne\u00adhelse\u00adutvalgetEn gruppe eksperter oppnevnt av regjeringen for \u00e5 vurdere og foresl\u00e5 tiltak for \u00e5 forbedre kvinners helse. at alle kvinner skal bli innkalt til en oppf\u00f8lgingssamtale etter en spontanabort.<\/p>\n<p class=\"_paragraph_145nj_4 _paragraph_6fko5_10 layout-component text-serif-m layout-normal text-serif-m layout-padded\">Men i dag er det fortsatt mange kvinner som hverken blir innkalt til legetimer eller til jordmor etterp\u00e5, oppgir Brook Steen.<\/p>\n<p class=\"_paragraph_145nj_4 _paragraph_6fko5_10 layout-component text-serif-m layout-normal text-serif-m layout-padded\">Elise Koppang Fr\u00f8jd tror hun ville taklet det annerledes hvis hun hadde visst mer om hva hun m\u00e5tte g\u00e5 gjennom:<\/p>\n<p class=\"_paragraph_145nj_4 _paragraph_6fko5_10 layout-component text-serif-m layout-normal text-serif-m layout-padded\">\u2013 Jeg ble helt satt ut. Selvf\u00f8lgelig var jeg klar over at det er \u00f8kt risiko for spontanabort med \u00f8kt alder, men kroppen min var gravid. Jeg kastet opp og var kvalm, samtidig som jeg fikk vite at her er det d\u00f8dt, sier hun.<\/p>\n<p class=\"_paragraph_145nj_4 _paragraph_6fko5_10 layout-component text-serif-m layout-normal text-serif-m layout-padded _medium_6fko5_28\">\u2013 Det var uforst\u00e5elig, helt absurd.<\/p>\n<p><img alt=\"\" class=\"_image_jw3bv_65 layout-component layout-normal\" data-fullscreen- data-track-element-type=\"Article image fullscreen\" data-track-name=\"ImageFullscreen\" decoding=\"async\" loading=\"lazy\" height=\"5362\" itemprop=\"image\"  src=\"https:\/\/www.europesays.com\/no\/wp-content\/uploads\/2026\/09\/1e279c8d-3155-39bc-a47a-07141f7b9206.jpeg\"  style=\"object-position:0% 0%\" width=\"5362\"\/><\/p>\n<p class=\"_paragraph_145nj_4 _paragraph_6fko5_10 layout-component text-serif-m layout-normal text-serif-m layout-padded\">\u2013 Kjente du til andre som hadde spontanabortert?<\/p>\n<p class=\"_paragraph_145nj_4 _paragraph_6fko5_10 layout-component text-serif-m layout-normal text-serif-m layout-padded\">\u2013 Jeg hadde mange venner som hadde spontanabortert, men de fleste hadde bl\u00f8dd og ikke v\u00e6rt s\u00e5 kvalme. <\/p>\n<p>Dette er spontanabort<\/p>\n<p class=\"_paragraph_145nj_4 _paragraph_6fko5_10 _paragraph_1kitn_11 layout-component text-serif-m layout-normal text-sans-m layout-padded\">Spontanabort er n\u00e5r en graviditet stopper opp av seg selv f\u00f8r uke 22. De fleste skjer i l\u00f8pet av de f\u00f8rste 12 ukene.\u00a0<\/p>\n<p class=\"_paragraph_145nj_4 _paragraph_6fko5_10 _paragraph_1kitn_11 layout-component text-serif-m layout-normal text-sans-m layout-padded\">Mellom 10\u201315 prosent av alle svangerskap som er bekreftet ved svangerskapstest ender i en spontanabort.\u00a0<\/p>\n<p class=\"_paragraph_145nj_4 _paragraph_6fko5_10 _paragraph_1kitn_11 layout-component text-serif-m layout-normal text-sans-m layout-padded\">Tilstanden kan kjennetegnes av bl\u00f8dning fra skjeden vanligvis kombinert med smerter nederst i magen tidlig i et svangerskap. <\/p>\n<p class=\"_paragraph_145nj_4 _paragraph_6fko5_10 _paragraph_1kitn_11 layout-component text-serif-m layout-normal text-sans-m layout-padded\">Anslagsvis har hver tredje eller fjerde kvinne opplevd en abort.<\/p>\n<p class=\"_paragraph_145nj_4 _paragraph_6fko5_10 _paragraph_1kitn_11 layout-component text-serif-m layout-normal text-sans-m layout-padded\">I Norge er det ingen standardiserte oppf\u00f8lgingssamtaler eller hjelp etter en spontanabort.<\/p>\n<p>Vis mer<\/p>\n<p class=\"_paragraph_145nj_4 _paragraph_6fko5_10 layout-component text-serif-m layout-normal text-serif-m layout-padded\">Det d\u00f8de fosteret ble oppdaget p\u00e5 en torsdag. Dagen etter fikk Elise en pille for \u00e5 gj\u00f8re livmorhalsen myk og mer \u00e5pen.<\/p>\n<p class=\"_paragraph_145nj_4 _paragraph_6fko5_10 layout-component text-serif-m layout-normal text-serif-m layout-padded\">Hun skulle \u00f8nske hun kjente til det legen skulle fortelle henne p\u00e5 ultralyden. At hun hadde en missed abortion.<\/p>\n<p class=\"_paragraph_145nj_4 _paragraph_6fko5_10 layout-component text-serif-m layout-normal text-serif-m layout-padded\">Det er n\u00e5r graviditeten har stoppet opp, men morkaken holder graviditetsf\u00f8lelsen i gang. <\/p>\n<p class=\"_paragraph_145nj_4 _paragraph_6fko5_10 layout-component text-serif-m layout-normal text-serif-m layout-padded\">Ofte er det p\u00e5 ultralyd det oppdages.<\/p>\n<p class=\"_paragraph_145nj_4 _paragraph_6fko5_10 layout-component text-serif-m layout-normal text-serif-m layout-padded\">N\u00e5r graviditeten har kommet til uke 12, slik tilfellet var for Elise, og det ikke er liv i fosteret, kan spontanaborten fullbyrdes medikamentelt.\u00a0<\/p>\n<p class=\"_paragraph_145nj_4 _paragraph_6fko5_10 layout-component text-serif-m layout-normal text-serif-m layout-padded\">Helt konkret kan det v\u00e6re med hjelp av virkestoffet mifepristone,mifepristone,Et legemiddel som blokkerer hormonet progesteron, som er n\u00f8dvendig for \u00e5 opprettholde en graviditet. som blokkerer det graviditetsbevarende hormonet progesteron og mykgj\u00f8r livmorhalsen. <\/p>\n<p class=\"_paragraph_145nj_4 _paragraph_6fko5_10 layout-component text-serif-m layout-normal text-serif-m layout-padded\">Noen d\u00f8gn senere f\u00e5r kvinnen misoprostolmisoprostolEt legemiddel som f\u00e5r livmoren til \u00e5 trekke seg sammen og t\u00f8mme seg, brukt for \u00e5 fullf\u00f8re en spontanabort., som f\u00e5r livmoren til \u00e5 trekke seg sammen og t\u00f8mme seg, slik at aborten fullf\u00f8res.<\/p>\n<p><img alt=\"\" class=\"_image_jw3bv_65 layout-component layout-normal\" data-fullscreen- data-track-element-type=\"Article image fullscreen\" data-track-name=\"ImageFullscreen\" decoding=\"async\" loading=\"lazy\" height=\"5504\" itemprop=\"image\"  src=\"https:\/\/www.europesays.com\/no\/wp-content\/uploads\/2026\/09\/6370aaf5-1fdf-37fe-aa0a-c5e97de3b5dc.jpeg\"  style=\"object-position:0% 0%\" width=\"8256\"\/><\/p>\n<p class=\"_paragraph_145nj_4 _paragraph_6fko5_10 layout-component text-serif-m layout-normal text-serif-m layout-padded\"><strong class=\"_strong_145nj_25\">F\u00f8r 1998 ble kvinner<\/strong> som opplevde en missed abortion, lagt i narkose p\u00e5 sykehuset for \u00e5 f\u00e5 en kirurgisk utskrapning. <\/p>\n<p class=\"_paragraph_145nj_4 _paragraph_6fko5_10 layout-component text-serif-m layout-normal text-serif-m layout-padded\">Ved \u00e5rtusenskiftet gikk helsevesenet over til medisinsk behandling.<\/p>\n<p class=\"_paragraph_145nj_4 _paragraph_6fko5_10 layout-component text-serif-m layout-normal text-serif-m layout-padded\"><strong class=\"_strong_145nj_25\"> I dag bl\u00f8r kvinnene seg gjennom spontanaborten, enten hjemme eller p\u00e5 sykehuset.<\/strong><\/p>\n<p class=\"_paragraph_145nj_4 _paragraph_6fko5_10 layout-component text-serif-m layout-normal text-serif-m layout-padded\">\u2013 Jeg fikk beskjed om at det ikke var kapasitet til \u00e5 ta imot meg p\u00e5 sykehuset f\u00f8r mandag. Da skulle jeg ta tablettene som skulle st\u00f8te det ut, forteller Elise.<\/p>\n<p class=\"_paragraph_145nj_4 _paragraph_6fko5_10 layout-component text-serif-m layout-normal text-serif-m layout-padded\">\u2013 I flere dager skulle jeg g\u00e5 med d\u00f8de fosteret i magen, samtidig som hele kroppen min reagerte som om den var gravid. Jeg lurte p\u00e5 hvordan jeg skulle h\u00e5ndtere alt sammen.<\/p>\n<p>Missed abortion<\/p>\n<p class=\"_paragraph_145nj_4 _paragraph_6fko5_10 _paragraph_1kitn_11 layout-component text-serif-m layout-normal text-sans-m layout-padded\">N\u00e5r graviditeten har stoppet opp, men symptomene p\u00e5 spontanabort ikke har vist seg enn\u00e5, blir det kalt missed abortion (MA), eller inkomplett spontanabort.<\/p>\n<p class=\"_paragraph_145nj_4 _paragraph_6fko5_10 _paragraph_1kitn_11 layout-component text-serif-m layout-normal text-sans-m layout-padded\">\u00a0Fosteret kan v\u00e6re d\u00f8dt, eller aldri blitt dannet i livmoren, mens morkaken likevel holder graviditeten ved like.\u00a0<\/p>\n<p class=\"_paragraph_145nj_4 _paragraph_6fko5_10 _paragraph_1kitn_11 layout-component text-serif-m layout-normal text-sans-m layout-padded\">Teoretisk kan en kvinne g\u00e5 med en missed abortion i flere uker f\u00f8r kroppen oppdager at fosteret har sluttet \u00e5 vokse og dermed slutter \u00e5 produsere graviditetshormoner.\u00a0<\/p>\n<p class=\"_paragraph_145nj_4 _paragraph_6fko5_10 _paragraph_1kitn_11 layout-component text-serif-m layout-normal text-sans-m layout-padded\">N\u00e5r en missed abortion blir p\u00e5vist sv\u00e6rt tidlig i svangerskapet gir gir legen ofte en tidsramme p\u00e5 en til to uker for \u00e5 se om kroppen selv starter en naturlig spontanabort.<\/p>\n<p class=\"_paragraph_145nj_4 _paragraph_6fko5_10 _paragraph_1kitn_11 layout-component text-serif-m layout-normal text-sans-m layout-padded\">Alternativet er en medikamentell behandling med piller p\u00e5 sykehuset eller hjemme der kroppen skal st\u00f8te ut fosteret. Er kvinnens graviditet kommet til uke 12 uke anbefales behandling p\u00e5 sykehus.<\/p>\n<p>Vis mer<\/p>\n<p class=\"_paragraph_145nj_4 _paragraph_6fko5_10 layout-component text-serif-m layout-normal text-serif-m layout-padded\">S\u00f8ndagen f\u00f8r hun skulle f\u00e5 de siste pillene, tok Elise og mannen barna med p\u00e5 kaf\u00e9<\/p>\n<p class=\"_paragraph_145nj_4 _paragraph_6fko5_10 layout-component text-serif-m layout-normal text-serif-m layout-padded\">Plutselig kjente hun v\u00e6ske nedover bena. Er det vannet som g\u00e5r? <\/p>\n<p class=\"_paragraph_145nj_4 _paragraph_6fko5_10 layout-component text-serif-m layout-normal text-serif-m layout-padded\">Sp\u00f8rsm\u00e5lene kom i sentrifugefart: Aborterer vi n\u00e5? Skal vi ringe legevakten? Fastlegen? Eller sykehuset?\u00a0<\/p>\n<p class=\"_paragraph_145nj_4 _paragraph_6fko5_10 layout-component text-serif-m layout-normal text-serif-m layout-padded\">Legevakten fortalte at det er sykehuset de skal kontakte. <\/p>\n<p class=\"_paragraph_145nj_4 _paragraph_6fko5_10 layout-component text-serif-m layout-normal text-serif-m layout-padded\">Da taxien kom, vrengte mannen av seg boblejakken og la den p\u00e5 setet for \u00e5 beskytte trekket. Elise gr\u00e5t, str\u00f8mpebuksen var r\u00f8d av blod.\u00a0<\/p>\n<p class=\"_paragraph_145nj_4 _paragraph_6fko5_10 layout-component text-serif-m layout-normal text-serif-m layout-padded\">P\u00e5 sykehuset konstaterte legen at fosteret var ute av livmoren og at det l\u00e5 i f\u00f8dselskanalen. Det var bare \u00e5 l\u00f8fte det ut.\u00a0<\/p>\n<p class=\"_paragraph_145nj_4 _paragraph_6fko5_10 layout-component text-serif-m layout-normal text-serif-m layout-padded\">Legen spurte om hun ville se det. Hun spurte hva som er best. Legen svarte at de anbefaler det.<\/p>\n<p class=\"_paragraph_145nj_4 _paragraph_6fko5_10 layout-component text-serif-m layout-normal text-serif-m layout-padded\">Sykepleieren kom med et pappbekken, et s\u00e5nt du kaster opp i.<\/p>\n<p class=\"_paragraph_145nj_4 _paragraph_6fko5_10 layout-component text-serif-m layout-normal text-serif-m layout-padded _medium_6fko5_28\">Fosteret som l\u00e5 der, var ikke st\u00f8rre enn lillefingeren hennes.\u00a0<\/p>\n<p><img alt=\"\" class=\"_image_jw3bv_65 layout-component layout-normal\" data-fullscreen- data-track-element-type=\"Article image fullscreen\" data-track-name=\"ImageFullscreen\" decoding=\"async\" loading=\"lazy\" height=\"4678\" itemprop=\"image\"  src=\"https:\/\/www.europesays.com\/no\/wp-content\/uploads\/2026\/09\/e5e8cbd4-da5b-3b9d-a03e-07bf1645ff5a.jpeg\"  style=\"object-position:0% 0%\" width=\"3712\"\/><\/p>\n<p class=\"_paragraph_145nj_4 _paragraph_6fko5_10 layout-component text-serif-m layout-normal text-serif-m layout-padded\"><strong class=\"_strong_145nj_25\">Der og da var det<\/strong> ikke sorg og fortvilelse Elise kjente p\u00e5, mer at situasjonen var helt uvirkelig, absurd. <\/p>\n<p class=\"_paragraph_145nj_4 _paragraph_6fko5_10 layout-component text-serif-m layout-normal text-serif-m layout-padded\">For f\u00e5 d\u00f8gn siden var alt tilsynelatende normalt, hun gikk rundt i livet som gravid og kvalm.<\/p>\n<p class=\"_paragraph_145nj_4 _paragraph_6fko5_10 layout-component text-serif-m layout-normal text-serif-m layout-padded\">N\u00e5 var alt snudd opp ned.\u00a0<\/p>\n<p class=\"_paragraph_145nj_4 _paragraph_6fko5_10 layout-component text-serif-m layout-normal text-serif-m layout-padded\">Sykepleieren kom inn med piller som skulle hjelpe kroppen \u00e5 st\u00f8te ut restene av graviditeten. Elise spurte om det er mange kvinner som gjennomg\u00e5r dette alene.<\/p>\n<p class=\"_paragraph_145nj_4 _paragraph_6fko5_10 layout-component text-serif-m layout-normal text-serif-m layout-padded\">\u2013 Ja, svarte sykepleieren.<\/p>\n<p class=\"_paragraph_145nj_4 _paragraph_6fko5_10 layout-component text-serif-m layout-normal text-serif-m layout-padded\">Da Elise jobbet med boken, fant hun ut at spontanaborter oppdaget p\u00e5 ultralyd kan utgj\u00f8re en tredel av alle spontanaborter. <\/p>\n<p class=\"_paragraph_145nj_4 _paragraph_6fko5_10 layout-component text-serif-m layout-normal text-serif-m layout-padded\">\u2013 Hvorfor visste jeg ikke at fosteret kan ligge d\u00f8dt i magen, samtidig som kroppen min kjemper for at det skal leve? Alt jeg visste om spontanaborter, handlet om blod \u2013 ikke alt det andre, sier hun.<\/p>\n<p class=\"_paragraph_145nj_4 _paragraph_6fko5_10 layout-component text-serif-m layout-normal text-serif-m layout-padded _medium_6fko5_28\">\u2013 Jeg husker at jeg kjente meg ensom og veldig overlatt til meg selv.\u00a0<\/p>\n<p><img alt=\"\" class=\"_image_jw3bv_65 layout-component layout-normal\" data-fullscreen- data-track-element-type=\"Article image fullscreen\" data-track-name=\"ImageFullscreen\" decoding=\"async\" loading=\"lazy\" height=\"4994\" itemprop=\"image\"  src=\"https:\/\/www.europesays.com\/no\/wp-content\/uploads\/2026\/09\/077377bc-bdb2-32cd-ba77-6103818707b4.jpeg\"  style=\"object-position:0% 0%\" width=\"4994\"\/><\/p>\n<p class=\"_paragraph_145nj_4 _paragraph_6fko5_10 layout-component text-serif-m layout-normal text-serif-m layout-padded\"><strong class=\"_strong_145nj_25\">Jordmor <\/strong>Hanne Charlotte Schjelderup satt i Kvinnehelseutvalget, som opprinnelig ble oppnevnt av Erna Solbergs regjering. <\/p>\n<p><img decoding=\"async\" alt=\"Bilde av Hanne Charlotte Schjelderup\" class=\"_image_148z4_25\" height=\"40\" itemprop=\"image\" loading=\"lazy\"  src=\"https:\/\/www.europesays.com\/no\/wp-content\/uploads\/2026\/09\/ae33060d-ed30-30af-bfdf-173a149ea7c5.jpeg\"  width=\"40\"\/><strong class=\"_name_148z4_34 title-serif-xs\">Hanne Charlotte Schjelderup<\/strong><\/p>\n<p class=\"_paragraph_145nj_4 text-sans-m _description_148z4_39\">Enhets\u00adleder p\u00e5 Helgelands\u00adsykehuset og tidligere leder i Jordmor\u00adforbundet NSF<\/p>\n<p class=\"_paragraph_145nj_4 _paragraph_6fko5_10 layout-component text-serif-m layout-normal text-serif-m layout-padded\">I 2023 foreslo utvalget tvalget Forslaget var en del av NOU-rapporten \u00abDen store forskjellen. Om kvinners helse og betydningen av kj\u00f8nn for helse\u00bb.at alle kvinner som hadde hatt spontanabort, skulle f\u00e5 en innkalling til oppf\u00f8lgingssamtale. <\/p>\n<p class=\"_paragraph_145nj_4 _paragraph_6fko5_10 layout-component text-serif-m layout-normal text-serif-m layout-padded\">\u00c5ret etter lanserte helse- og omsorgsminister Jan Christian Vestre sin kvinnehelsestrategi.<\/p>\n<p class=\"_paragraph_145nj_4 _paragraph_6fko5_10 layout-component text-serif-m layout-normal text-serif-m layout-padded\">Helseregionene fikk i oppdrag \u00e5 s\u00f8rge for at kvinner som blir behandlet p\u00e5 sykehus ved spontanabort, skal f\u00e5 tilbud om oppf\u00f8lging fra helsepersonell.<\/p>\n<p class=\"_paragraph_145nj_4 _paragraph_6fko5_10 layout-component text-serif-m layout-normal text-serif-m layout-padded\">Disse rutinene er if\u00f8lge helseregionene p\u00e5 plass p\u00e5 de fleste sykehus, skriver statssekret\u00e6r Ellen Moen R\u00f8nning-Arnesen til VG.<\/p>\n<p><img decoding=\"async\" alt=\"Bilde av Ellen Moen R\u00f8nning-Arnesen (Ap), statssekret\u00e6r for helse- og omsorgsministeren.\" class=\"_image_148z4_25\" height=\"27\" itemprop=\"image\" loading=\"lazy\"  src=\"https:\/\/www.europesays.com\/no\/wp-content\/uploads\/2026\/09\/d4c25c20-4e45-33a4-91ed-37693a24bc93.jpeg\"  width=\"40\"\/><strong class=\"_name_148z4_34 title-serif-xs\">Ellen Moen R\u00f8nning-Arnesen (Ap), statssekret\u00e6r for helse- og omsorgsministeren.<\/strong><\/p>\n<p class=\"_paragraph_145nj_4 _paragraph_6fko5_10 layout-component text-serif-m layout-normal text-serif-m layout-padded\"> \u2013 Kvinner som er gravide i f\u00f8rste trimester med bl\u00f8dninger uten andre varselssymptomer, skal vanligvis h\u00e5ndteres p\u00e5 legevakt eller hos fastlege med blodpr\u00f8ver for \u00e5 se at graviditetsmark\u00f8rene faller, skriver hun videre. <\/p>\n<p class=\"_paragraph_145nj_4 _paragraph_6fko5_10 layout-component text-serif-m layout-normal text-serif-m layout-padded\">\u2013 Kvinnehelseutvalget foreslo at alle kvinner som opplever spontanabort, skal f\u00e5 et tilbud om oppf\u00f8lging. Har regjeringen noen planer om \u00e5 gj\u00f8re noe med det?<\/p>\n<p class=\"_paragraph_145nj_4 _paragraph_6fko5_10 layout-component text-serif-m layout-normal text-serif-m layout-padded\">\u2013 Vi\u00a0mener dette er ivaretatt gjennom tilbudene som eksisterer i dag. Fastlegen er din hovedkontakt inn til helsetjenestene, og kan gi b\u00e5de oppf\u00f8lging og samtale ved spontanabort. Trenger du helsehjelp, har kommunen din plikt til \u00e5 gi det, gjennom fastlege eller ved andre deler av kommunehelsetjenesten, som helsestasjon eller jordmortjeneste.<\/p>\n<p class=\"_paragraph_145nj_4 _paragraph_6fko5_10 layout-component text-serif-m layout-normal text-serif-m layout-padded\">Dette er ikke nok, mener jordmor Hanne Charlotte Schjelderup. Hun mener fortsatt at alle kvinner som spontanaborterer, skal tilbys en oppf\u00f8lgingssamtale.<\/p>\n<p class=\"_paragraph_145nj_4 _paragraph_6fko5_10 layout-component text-serif-m layout-normal text-serif-m layout-padded\">\u2013 Dette kan v\u00e6re en akutt livskrise for kvinnen og partneren. Helsevesenet m\u00e5 slutte \u00e5 behandle dette utelukkende som en mekanisk t\u00f8mming av livmoren, og begynne \u00e5 behandle det som et emosjonelt tap. Dette handler om verdighet og pasientsikkerhet, sier hun<\/p>\n<p class=\"_paragraph_145nj_4 _paragraph_6fko5_10 layout-component text-serif-m layout-normal text-serif-m layout-padded\">Schjelderup viser til en <a href=\"https:\/\/www.thelancet.com\/journals\/lancet\/article\/PIIS0140-6736(21)00682-6\/abstract\" class=\"_link_145nj_39\" rel=\"nofollow noopener\" target=\"_blank\">Lancet-studie<\/a><a href=\"https:\/\/www.thelancet.com\/journals\/lancet\/article\/PIIS0140-6736(21)00682-6\/abstract\" class=\"_link_145nj_39\" rel=\"nofollow noopener\" target=\"_blank\">Lancet-studie<\/a>Et anerkjent medisinsk tidsskrift som publiserer forskning og studier innen helse og medisin.,,Et anerkjent medisinsk tidsskrift som publiserer forskning og studier innen helse og medisin. som peker p\u00e5 \u00f8kt risiko for blant annet angst, depresjon og posttraumatisk stress posttraumatisk stress En psykisk tilstand som kan oppst\u00e5 etter \u00e5 ha opplevd en traumatisk hendelse, med symptomer som angst og tilbakevendende minner.etter gjentatte graviditetstap. <\/p>\n<p class=\"_paragraph_145nj_4 _paragraph_6fko5_10 layout-component text-serif-m layout-normal text-serif-m layout-padded\">The Lancet har samlet data fra over 4,6 millioner svangerskap over hele verden<\/p>\n<p class=\"_paragraph_145nj_4 _paragraph_6fko5_10 layout-component text-serif-m layout-normal text-serif-m layout-padded\">\u2013 Ved \u00e5 late som en spontanabort bare er en \u00abnaturlig medisinsk hendelse\u00bb, p\u00e5f\u00f8rer vi familier alt fra un\u00f8dvendige sykmeldinger til livslange traumer, sier Schjelderup.<\/p>\n<p><img alt=\"Foto: Hallgeir V\u00e5genes \/ VG\" class=\"_image_jw3bv_65 layout-component layout-normal\" data-fullscreen- data-track-element-type=\"Article image fullscreen\" data-track-name=\"ImageFullscreen\" decoding=\"async\" loading=\"lazy\" height=\"3796\" itemprop=\"image\"  src=\"https:\/\/www.europesays.com\/no\/wp-content\/uploads\/2026\/09\/fa9ef6b1-fc9c-39c2-9914-fae010dccc3d.jpeg\"  style=\"object-position:0% 0%\" width=\"3796\"\/>Foto: Hallgeir V\u00e5genes \/ VG<\/p>\n<p class=\"_paragraph_145nj_4 _paragraph_6fko5_10 layout-component text-serif-m layout-normal text-serif-m layout-padded\"><strong class=\"_strong_145nj_25\">F\u00f8dselslege Thorbj\u00f8rn Brook<\/strong> <strong class=\"_strong_145nj_25\">Steen<\/strong> er kjent for sitt engasjement for kvinnehelse, graviditet og f\u00f8dsler.<\/p>\n<p class=\"_paragraph_145nj_4 _paragraph_6fko5_10 layout-component text-serif-m layout-normal text-serif-m layout-padded\">Etter \u00e5 ha v\u00e6rt til stede ved over 3000 f\u00f8dsler p\u00e5 offentlig sykehus, er han opptatt av manglende oppf\u00f8lging av kvinnene som ufrivillig aborterer. B\u00e5de de fysiske smertene de g\u00e5r gjennom og sorgen de kan oppleve i etterkant. <\/p>\n<p class=\"_paragraph_145nj_4 _paragraph_6fko5_10 layout-component text-serif-m layout-normal text-serif-m layout-padded\">\u2013 Spontanaborter blir dessverre ofte sv\u00e6rt stemoderlig behandlet, sier overlegen.<\/p>\n<p class=\"_paragraph_145nj_4 _paragraph_6fko5_10 layout-component text-serif-m layout-normal text-serif-m layout-padded\">P\u00e5 unders\u00f8kelsesrommet i den private poliklinikken han jobber en gang i uken, tar Brook Steen imot kvinner som \u00f8nsker en tidlig ultralyd, alts\u00e5 f\u00f8r uke 12 \u2013 da alle f\u00e5r offentlig tilbud.<\/p>\n<p class=\"_paragraph_145nj_4 _paragraph_6fko5_10 layout-component text-serif-m layout-normal text-serif-m layout-padded\">Noen av disse har hatt flere aborter eller blitt engstelige p\u00e5 grunn av bl\u00f8dninger eller andre tegn p\u00e5 at noe kan v\u00e6re galt. <\/p>\n<p class=\"_paragraph_145nj_4 _paragraph_6fko5_10 layout-component text-serif-m layout-normal text-serif-m layout-padded\">Legen gj\u00f8r ogs\u00e5 kontroller med samtaler, ultralyd og vurdering av hva som b\u00f8r utredes og f\u00f8lges opp i neste fors\u00f8k. Det kan b\u00e5de v\u00e6re medisinering og eventuelt emosjonell medisinsk st\u00f8tte.<\/p>\n<p><img alt=\"Foto: Hallgeir V\u00e5genes \/ VG\" class=\"_image_jw3bv_65 layout-component layout-normal\" data-fullscreen- data-track-element-type=\"Article image fullscreen\" data-track-name=\"ImageFullscreen\" decoding=\"async\" loading=\"lazy\" height=\"3050\" itemprop=\"image\"  src=\"https:\/\/www.europesays.com\/no\/wp-content\/uploads\/2026\/09\/d56c9191-8e20-3733-9105-3ecb25b4c56f.jpeg\"  style=\"object-position:0% 0%\" width=\"3050\"\/>Foto: Hallgeir V\u00e5genes \/ VG<\/p>\n<p class=\"_paragraph_145nj_4 _paragraph_6fko5_10 layout-component text-serif-m layout-normal text-serif-m layout-padded\">\u2013 Jeg mener kvinnene skulle v\u00e6rt ivaretatt av det offentlige, gjerne gjennom egne klinikker for f\u00f8rste trimester f\u00f8rste trimester De f\u00f8rste 12 ukene av en graviditet, en periode der mange spontanaborter skjer.graviditeter. N\u00e5r de ikke de gj\u00f8r det, er jeg glad for at de som har behov og mulighet, kommer hit.<\/p>\n<p class=\"_paragraph_145nj_4 _paragraph_6fko5_10 layout-component text-serif-m layout-normal text-serif-m layout-padded\">Nesten alle spontanaborter skjer f\u00f8r uke tolv. Brook Steen har m\u00e5ttet komme med den tunge beskjeden mange ganger: Fosteret som vises p\u00e5 skjermen, har ikke hjertelyd. <\/p>\n<p class=\"_paragraph_145nj_4 _paragraph_6fko5_10 layout-component text-serif-m layout-normal text-serif-m layout-padded\">I legenes retningslinjer r\u00e5des de til \u00e5 foresl\u00e5 for kvinnene at de skal avvente behandling, og at de skal vente til kroppen st\u00f8ter ut fosteret de har f\u00e5tt vite er d\u00f8dt.<\/p>\n<p class=\"_paragraph_145nj_4 _paragraph_6fko5_10 layout-component text-serif-m layout-normal text-serif-m layout-padded\">\u2013 Det b\u00f8r v\u00e6re opp til kvinnen selv \u00e5 bestemme om hun \u00f8nsker medikamentell behandling hjemme eller p\u00e5 sykehuset, eller om hun \u00f8nsker \u00e5 vente til kroppen selv reagerer, sier Brook Steen.<\/p>\n<p class=\"_paragraph_145nj_4 _paragraph_6fko5_10 layout-component text-serif-m layout-normal text-serif-m layout-padded\">\u2013 Det viktigste er at de f\u00f8ler seg trygge og ivaretatt.<\/p>\n<p class=\"_paragraph_145nj_4 _paragraph_6fko5_10 layout-component text-serif-m layout-normal text-serif-m layout-padded\">Legen er \u00e5pen p\u00e5 at han er far til fire, men at han og kona i tillegg har opplevd to spontanaborter. Hun fikk med seg to piller hjem.<\/p>\n<p class=\"_paragraph_145nj_4 _paragraph_6fko5_10 layout-component text-serif-m layout-normal text-serif-m layout-padded\">\u2013 Jeg dro p\u00e5 en joggetur for \u00e5 d\u00f8yve sorgen, mens hun l\u00e5 og bl\u00f8dde ut hele baderommet, sier han lakonisk.<\/p>\n<p class=\"_paragraph_145nj_4 _paragraph_6fko5_10 layout-component text-serif-m layout-normal text-serif-m layout-padded\">\u2013 Om vi hadde hatt et valg, ville det blitt sykehus der du b\u00e5de har smertestillende og fagfolk. Ingen vet hvordan de reagerer p\u00e5 en spontanabort. Derfor b\u00f8r de tilbys oppf\u00f8lging.\u00a0<\/p>\n<p class=\"_paragraph_145nj_4 _paragraph_6fko5_10 layout-component text-serif-m layout-normal text-serif-m layout-padded\"><strong class=\"_strong_145nj_25\">Elise Koppang Fr\u00f8jd<\/strong> spontanaborterte en gang til f\u00f8r hun ble gravid med sitt tredje barn. <\/p>\n<p class=\"_paragraph_145nj_4 _paragraph_6fko5_10 layout-component text-serif-m layout-normal text-serif-m layout-padded\">Etter f\u00f8dselen ringte hun forskningsformidler og kollega Mari Lillesl\u00e5tten for \u00e5 h\u00f8re om de to skulle skrive bok sammen om emnet. Sakprosaboken \u00abEr dette virkelig vanlig?\u00bb lanseres i disse dager.<\/p>\n<p><img alt=\"Mari Lillesl\u00e5tten\" class=\"_image_jw3bv_65 layout-component layout-normal\" data-fullscreen- data-track-element-type=\"Article image fullscreen\" data-track-name=\"ImageFullscreen\" decoding=\"async\" loading=\"lazy\" height=\"4608\" itemprop=\"image\"  src=\"https:\/\/www.europesays.com\/no\/wp-content\/uploads\/2026\/09\/416ad55f-3318-3e51-87fe-32dc28632ed3.jpeg\"  style=\"object-position:0% 0%\" width=\"7198\"\/>Mari Lillesl\u00e5tten<\/p>\n<p class=\"_paragraph_145nj_4 _paragraph_6fko5_10 layout-component text-serif-m layout-normal text-serif-m layout-padded\">Gjennom sosiale medier fikk de kontakt med 100 kvinner og menn som hadde opplevd spontanabort, og som gjerne ville dele sin erfaring. <\/p>\n<p class=\"_paragraph_145nj_4 _paragraph_6fko5_10 layout-component text-serif-m layout-normal text-serif-m layout-padded\">Flere av dem forteller sine egne historier i boken \u2013 i tillegg til de to forfatternes egne erfaringer.<\/p>\n<p class=\"_paragraph_145nj_4 _paragraph_6fko5_10 layout-component text-serif-m layout-normal text-serif-m layout-padded\">Hjemme p\u00e5 g\u00e5rden i Hallingdal reflekterer forfatter Mari Lillesl\u00e5tten over hva kvinnene sa i intervjuene. <\/p>\n<p class=\"_paragraph_145nj_4 _paragraph_6fko5_10 layout-component text-serif-m layout-normal text-serif-m layout-padded\">Hun mener samfunnet underspiller hva spontanabort kan v\u00e6re for kvinner. Ikke minst n\u00e5r det gjelder tausheten rundt temaet.<\/p>\n<p class=\"_paragraph_145nj_4 _paragraph_6fko5_10 layout-component text-serif-m layout-normal text-serif-m layout-padded\">\u2013 Mange nygravide vil ikke r\u00f8pe graviditeten f\u00f8r det har g\u00e5tt 12 uker, nettopp med tanke p\u00e5 risikoen for spontanabort. Det inneb\u00e6rer at de b\u00e6rer p\u00e5 sorgen over det ufrivillige svangerskapsbruddet alene, sier hun.<\/p>\n<p class=\"_paragraph_145nj_4 _paragraph_6fko5_10 layout-component text-serif-m layout-normal text-serif-m layout-padded\">\u2013 Samtidig kan de lese, og f\u00e5 h\u00f8re, at spontanabort \u00aber s\u00e5 vanlig\u00bb. Ogs\u00e5 det kan gj\u00f8re det vanskeligere for dem \u00e5 snakke om det de har g\u00e5tt gjennom, sier Mari Lillesl\u00e5tten\u00a0<\/p>\n<p><img alt=\"\" class=\"_image_jw3bv_65 layout-component layout-normal\" data-fullscreen- data-track-element-type=\"Article image fullscreen\" data-track-name=\"ImageFullscreen\" decoding=\"async\" loading=\"lazy\" height=\"5504\" itemprop=\"image\"  src=\"https:\/\/www.europesays.com\/no\/wp-content\/uploads\/2026\/09\/1c3aa8a3-5178-3b46-88ad-e297c7cd8411.jpeg\"  style=\"object-position:0% 0%\" width=\"8256\"\/><\/p>\n<p class=\"_paragraph_145nj_4 _paragraph_6fko5_10 layout-component text-serif-m layout-normal text-serif-m layout-padded\"><strong class=\"_strong_145nj_25\">Mari jobbet med boken <\/strong>da hun selv ble gravid, bare et snaut \u00e5r etter sin f\u00f8rste f\u00f8dsel.\u00a0<\/p>\n<p class=\"_paragraph_145nj_4 _paragraph_6fko5_10 layout-component text-serif-m layout-normal text-serif-m layout-padded\">Hun s\u00e5 for seg hvordan hun og mannen skulle reise seg i datterens ett\u00e5rsdag og takke storfamilien for omtanke, gode ord og fine gaver. <\/p>\n<p class=\"_paragraph_145nj_4 _paragraph_6fko5_10 layout-component text-serif-m layout-normal text-serif-m layout-padded\">S\u00e5 skulle de kanskje si noen ord om verdien av familien \u2013 og avsl\u00f8re at de skulle bli flere.<\/p>\n<p class=\"_paragraph_145nj_4 _paragraph_6fko5_10 layout-component text-serif-m layout-normal text-serif-m layout-padded\">\u2013 Det gj\u00f8r noe med deg n\u00e5r du vet at du har noe i magen din. Du regner raskt frem til termin, begynner \u00e5 planlegge, ser ting for deg, p\u00e5peker hun.<\/p>\n<p class=\"_paragraph_145nj_4 _paragraph_6fko5_10 layout-component text-serif-m layout-normal text-serif-m layout-padded\">Mari, som trodde hun visste alt om spontanabort, begynte \u00e5 lure da hun oppdager de rosa blodsporene i trusen. Hvorfor skjer dette? <\/p>\n<p class=\"_paragraph_145nj_4 _paragraph_6fko5_10 layout-component text-serif-m layout-normal text-serif-m layout-padded\">Var det p\u00e5 grunn av slurkene med \u00f8l hun drakk sammen med venninnene f\u00f8r hun visste om graviditeten?<\/p>\n<p class=\"_paragraph_145nj_4 _paragraph_6fko5_10 layout-component text-serif-m layout-normal text-serif-m layout-padded\">Eller var det fordi hun l\u00f8ftet tunge melkespann? <\/p>\n<p><img alt=\"\" class=\"_image_jw3bv_65 layout-component layout-normal\" data-fullscreen- data-track-element-type=\"Article image fullscreen\" data-track-name=\"ImageFullscreen\" decoding=\"async\" loading=\"lazy\" height=\"5504\" itemprop=\"image\"  src=\"https:\/\/www.europesays.com\/no\/wp-content\/uploads\/2026\/09\/2bd81988-2681-30ec-8bc5-77fd182b49f9.jpeg\"  style=\"object-position:0% 0%\" width=\"8256\"\/><\/p>\n<p class=\"_paragraph_145nj_4 _paragraph_6fko5_10 layout-component text-serif-m layout-normal text-serif-m layout-padded\">Da hun begynte \u00e5 bl\u00f8 kraftig, forsto hun umiddelbart hva det var. Mari fisket det opp med papir. Inspiserte de blodige kladdene sammen med samboeren. <\/p>\n<p class=\"_paragraph_145nj_4 _paragraph_6fko5_10 layout-component text-serif-m layout-normal text-serif-m layout-padded\">I en liten gjennomsiktig boble p\u00e5 st\u00f8rrelse med en drue l\u00e5 det som kunne blitt et menneske. Det var lite, men hun kunne se kropp og antydning til hode.\u00a0<\/p>\n<p class=\"_paragraph_145nj_4 _paragraph_6fko5_10 layout-component text-serif-m layout-normal text-serif-m layout-padded\">Hva skulle de gj\u00f8re n\u00e5?<\/p>\n<p class=\"_paragraph_145nj_4 _paragraph_6fko5_10 layout-component text-serif-m layout-normal text-serif-m layout-padded\"><strong class=\"_strong_145nj_25\"> Til slutt skj\u00f8v hun alt sammen ned i dosk\u00e5la. Og skylte det ned.<\/strong><\/p>\n<p class=\"_paragraph_145nj_4 _paragraph_6fko5_10 layout-component text-serif-m layout-normal text-serif-m layout-padded\"><strong class=\"_strong_145nj_25\">Hanne<\/strong>\u00a0<strong class=\"_strong_145nj_25\">Charlotte Schjelderup,<\/strong>\u00a0jordmoren som satt i Kvinnehelseutvalget,\u00a0har h\u00f8rt mange slike historier. <\/p>\n<p class=\"_paragraph_145nj_4 _paragraph_6fko5_10 layout-component text-serif-m layout-normal text-serif-m layout-padded\">Hun brenner for \u00e5 styrke tidlig svangerskapsomsorg p\u00e5 et nasjonalt plan. <\/p>\n<p class=\"_paragraph_145nj_4 _paragraph_6fko5_10 layout-component text-serif-m layout-normal text-serif-m layout-padded\">I dag opplever kvinnene stor usikkerhet, mener Schjelderup:<\/p>\n<p class=\"_paragraph_145nj_4 _paragraph_6fko5_10 layout-component text-serif-m layout-normal text-serif-m layout-padded\">\u2013 Plutselig begynner de \u00e5 bl\u00f8. Hvem skal de kontakte? Hva skal de gj\u00f8re?<\/p>\n<p><img alt=\"Hanne\u00a0Charlotte Schjelderup  Foto: Jordmorforbundet\" class=\"_image_jw3bv_65 layout-component layout-normal\" data-fullscreen- data-track-element-type=\"Article image fullscreen\" data-track-name=\"ImageFullscreen\" decoding=\"async\" loading=\"lazy\" height=\"309\" itemprop=\"image\"  src=\"https:\/\/www.europesays.com\/no\/wp-content\/uploads\/2026\/09\/174b08c3-8950-3ed1-a80a-f042880c492d.jpeg\"  style=\"object-position:0% 0%\" width=\"309\"\/>Hanne\u00a0Charlotte Schjelderup  Foto: Jordmorforbundet<\/p>\n<p class=\"_paragraph_145nj_4 _paragraph_6fko5_10 layout-component text-serif-m layout-normal text-serif-m layout-padded\">I Sverige har de standardisert oppf\u00f8lging der alle som aborterer, og deres partnere, f\u00e5r tilbud om st\u00f8ttesamtaler med jordmor i forbindelse med avbrutt graviditet.<\/p>\n<p class=\"_paragraph_145nj_4 _paragraph_6fko5_10 layout-component text-serif-m layout-normal text-serif-m layout-padded\">\u2013 I Norge er det sv\u00e6rt f\u00e5 som f\u00e5r oppf\u00f8lging p\u00e5 grunn av for f\u00e5 jordm\u00f8dre. Kvinnene er avhengig av hva slags tilbud kommunen har og det er ikke godt nok, sier hun.<\/p>\n<p class=\"_paragraph_145nj_4 _paragraph_6fko5_10 layout-component text-serif-m layout-normal text-serif-m layout-padded\"><strong class=\"_strong_145nj_25\">Mari Lillesl\u00e5tten <\/strong>og Elise Koppang Fr\u00f8jd har v\u00e6rt opptatt av konsekvensene av spontanaborten \u2013 hvordan det preget kvinnene de intervjuet. <\/p>\n<p class=\"_paragraph_145nj_4 _paragraph_6fko5_10 layout-component text-serif-m layout-normal text-serif-m layout-padded\">Erfaringene er sv\u00e6rt ulike, og kvinnenes helhetlige livssituasjon betyr mye, mener de.<\/p>\n<p><img alt=\"Mari Lillesl\u00e5tten\" class=\"_image_jw3bv_65 layout-component layout-normal\" data-fullscreen- data-track-element-type=\"Article image fullscreen\" data-track-name=\"ImageFullscreen\" decoding=\"async\" loading=\"lazy\" height=\"5480\" itemprop=\"image\"  src=\"https:\/\/www.europesays.com\/no\/wp-content\/uploads\/2026\/09\/93a036df-7ba5-3e8e-a295-f7d07ae7d0bc.jpeg\"  style=\"object-position:0% 0%\" width=\"5480\"\/>Mari Lillesl\u00e5tten<\/p>\n<p class=\"_paragraph_145nj_4 _paragraph_6fko5_10 layout-component text-serif-m layout-normal text-serif-m layout-padded\">\u2013 Noen blir gravide igjen med en gang og opplever spontanaborten som relativt udramatisk, sier Mari. <\/p>\n<p class=\"_paragraph_145nj_4 _paragraph_6fko5_10 layout-component text-serif-m layout-normal text-serif-m layout-padded\">Annerledes kan det v\u00e6re for en kvinne som har fors\u00f8kt \u00e5 bli gravid i mange \u00e5r, mister fosteret og bruker \u00e5r p\u00e5 \u00e5 bli gravid igjen.<\/p>\n<p class=\"_paragraph_145nj_4 _paragraph_6fko5_10 layout-component text-serif-m layout-normal text-serif-m layout-padded\">\u2013 Dersom du spontanaborterer sent i graviditeten, er det ogs\u00e5 dramatisk p\u00e5 en helt annen m\u00e5te enn om det var i de f\u00f8rste ukene av graviditeten, sier Mari.<\/p>\n<p class=\"_paragraph_145nj_4 _paragraph_6fko5_10 layout-component text-serif-m layout-normal text-serif-m layout-padded\">Hun peker ogs\u00e5 p\u00e5 beredskapen n\u00e5r det f\u00f8rst har skjedd. Det er noe med normene rundt \u00e5 skape familie og det at vi kan planlegge alt mulig.<\/p>\n<p class=\"_paragraph_145nj_4 _paragraph_6fko5_10 layout-component text-serif-m layout-normal text-serif-m layout-padded\"> S\u00e5 skjer dette uventede. F\u00f8lelsene av skyld, tristhet og kanskje engstelse.<\/p>\n<p><img alt=\"\" class=\"_image_jw3bv_65 layout-component layout-normal\" data-fullscreen- data-track-element-type=\"Article image fullscreen\" data-track-name=\"ImageFullscreen\" decoding=\"async\" loading=\"lazy\" height=\"4208\" itemprop=\"image\"  src=\"https:\/\/www.europesays.com\/no\/wp-content\/uploads\/2026\/09\/14020c46-bde3-3948-911e-4f16e6c715e7.jpeg\"  style=\"object-position:0% 0%\" width=\"4208\"\/><\/p>\n<p class=\"_paragraph_145nj_4 _paragraph_6fko5_10 layout-component text-serif-m layout-normal text-serif-m layout-padded\">Da Elise igjen ble gravid, ett \u00e5r etter spontanaborten, var det en f\u00f8lelse som tok mye plass. Redsel.<\/p>\n<p class=\"_paragraph_145nj_4 _paragraph_6fko5_10 layout-component text-serif-m layout-normal text-serif-m layout-padded\">\u2013 Jeg var ikke forberedt p\u00e5 at jeg skulle bli s\u00e5 redd for at det ikke skulle g\u00e5 s\u00e5 bra. P\u00e5 f\u00f8rste ultralyd orket jeg ikke \u00e5 se p\u00e5 skjermen, sier hun.<\/p>\n<p class=\"_paragraph_145nj_4 _paragraph_6fko5_10 layout-component text-serif-m layout-normal text-serif-m layout-padded\">\u2013 Da legen meldte om masse liv, og jeg s\u00e5 et friskt foster sprelle rundt, ble jeg selvf\u00f8lgelig glad og r\u00f8rt. Men jeg sluttet ikke \u00e5 v\u00e6re bekymret av den grunn. Ultralyden er bare et \u00f8yeblikksbilde. Redselen holdt seg helt frem til f\u00f8dselen.\u00a0\u00a0<\/p>\n<p class=\"_paragraph_145nj_4 _paragraph_6fko5_10 layout-component text-serif-m layout-normal text-serif-m layout-padded\">Da helsestasjonen kom p\u00e5 hjemmebes\u00f8k etter f\u00f8dselen, slapp hun det l\u00f8s. Tankene og f\u00f8lelsene for\u00e5rsaket av spontanabortene. Hun som hadde tenkt ikke \u00e5 snakke om det.<\/p>\n<p class=\"_paragraph_145nj_4 _paragraph_6fko5_10 layout-component text-serif-m layout-normal text-serif-m layout-padded\"><strong class=\"_strong_145nj_25\">Andrea Skaarer Kreutz<\/strong>\u00a0er daglig leder for helsetjenesten Amathea,Amathea,En helsetjeneste som tilbyr gratis samtaler og st\u00f8tte til personer som har sp\u00f8rsm\u00e5l om abort og graviditet. som tilbyr gratis samtaler for alle som \u00f8nsker \u00e5 snakke med noen om abort og graviditet.<\/p>\n<p class=\"_paragraph_145nj_4 _paragraph_6fko5_10 layout-component text-serif-m layout-normal text-serif-m layout-padded\">Helsetilbudet er offentlig finansiert, er politisk og religi\u00f8st uavhengig og har medarbeidere med sosialfaglig utdanning. <\/p>\n<p><img alt=\"Andrea Skaarer Kreutz  Foto: G\u00f8ran Bohlin \/ VG\" class=\"_image_jw3bv_65 layout-component layout-normal\" data-fullscreen- data-track-element-type=\"Article image fullscreen\" data-track-name=\"ImageFullscreen\" decoding=\"async\" loading=\"lazy\" height=\"5504\" itemprop=\"image\"  src=\"https:\/\/www.europesays.com\/no\/wp-content\/uploads\/2026\/09\/5c5246c8-62f5-30ee-8ba7-fda76c3eb4f5.jpeg\"  style=\"object-position:0% 0%\" width=\"8256\"\/>Andrea Skaarer Kreutz  Foto: G\u00f8ran Bohlin \/ VG<\/p>\n<p class=\"_paragraph_145nj_4 _paragraph_6fko5_10 layout-component text-serif-m layout-normal text-serif-m layout-padded\">\u2013 Ofte har kvinnene behov for \u00e5 bearbeide det de har v\u00e6rt gjennom. B\u00e5de medisinsk og emosjonelt. Hva har skjedd med kroppen, vil det skje igjen, hva om det betyr at de ikke kan fullf\u00f8re en graviditet? <\/p>\n<p class=\"_paragraph_145nj_4 _paragraph_6fko5_10 layout-component text-serif-m layout-normal text-serif-m layout-padded\">Kvinnene stiller sp\u00f8rsm\u00e5l ogs\u00e5 om helsevesenet og veien videre, forklarer hun. <\/p>\n<p class=\"_paragraph_145nj_4 _paragraph_6fko5_10 layout-component text-serif-m layout-normal text-serif-m layout-padded\">\u2013 Det er f\u00e5 som opplever gjentagende spontanaborter, og kvinnene vet ikke n\u00f8dvendigvis hva de har i vente, sier Skaarer Kreutz.<\/p>\n<p class=\"_paragraph_145nj_4 _paragraph_6fko5_10 layout-component text-serif-m layout-normal text-serif-m layout-padded\">Samtaler er det Amathea har mest kompetanse p\u00e5.<\/p>\n<p class=\"_paragraph_145nj_4 _paragraph_6fko5_10 layout-component text-serif-m layout-normal text-serif-m layout-padded\">\u2013 Mange f\u00f8ler p\u00e5 ensomheten, sier Skaarer Kreutz,<\/p>\n<p class=\"_paragraph_145nj_4 _paragraph_6fko5_10 layout-component text-serif-m layout-normal text-serif-m layout-padded\">\u2013 Er spontanabort underkommunisert?<\/p>\n<p class=\"_paragraph_145nj_4 _paragraph_6fko5_10 layout-component text-serif-m layout-normal text-serif-m layout-padded\">\u2013 Ja, dessverre. Spontanabort f\u00e5r ikke den oppmerksomheten det fortjener.<\/p>\n","protected":false},"excerpt":{"rendered":"Elise Koppang Fr\u00f8jd opplevde ekstrem svangerskapskvalme og spontanabort i uke 12. Syv \u00e5r senere har hun skrevet bok&hellip;\n","protected":false},"author":2,"featured_media":343086,"comment_status":"","ping_status":"","sticky":false,"template":"","format":"standard","meta":{"footnotes":"","_share_on_mastodon":"0"},"categories":[10],"tags":[10032,20,21,24,25,3011,15,16017,2796,22,23,13,30,28,29,14,16,7702,3067,26,27,17540],"class_list":["post-343085","post","type-post","status-publish","format-standard","has-post-thumbnail","category-norge","tag-abort","tag-breaking-news","tag-breakingnews","tag-featured-news","tag-featurednews","tag-graviditet","tag-headlines","tag-jordmor","tag-kvinnehelse","tag-latest-news","tag-latestnews","tag-news","tag-no","tag-norge","tag-norway","tag-nyheter","tag-overskrifter","tag-spontanabort","tag-svangerskap","tag-top-stories","tag-topstories","tag-vgkvinne"],"share_on_mastodon":{"url":"https:\/\/pubeurope.com\/@no\/117208281365640646","error":""},"_links":{"self":[{"href":"https:\/\/www.europesays.com\/no\/wp-json\/wp\/v2\/posts\/343085","targetHints":{"allow":["GET"]}}],"collection":[{"href":"https:\/\/www.europesays.com\/no\/wp-json\/wp\/v2\/posts"}],"about":[{"href":"https:\/\/www.europesays.com\/no\/wp-json\/wp\/v2\/types\/post"}],"author":[{"embeddable":true,"href":"https:\/\/www.europesays.com\/no\/wp-json\/wp\/v2\/users\/2"}],"replies":[{"embeddable":true,"href":"https:\/\/www.europesays.com\/no\/wp-json\/wp\/v2\/comments?post=343085"}],"version-history":[{"count":0,"href":"https:\/\/www.europesays.com\/no\/wp-json\/wp\/v2\/posts\/343085\/revisions"}],"wp:featuredmedia":[{"embeddable":true,"href":"https:\/\/www.europesays.com\/no\/wp-json\/wp\/v2\/media\/343086"}],"wp:attachment":[{"href":"https:\/\/www.europesays.com\/no\/wp-json\/wp\/v2\/media?parent=343085"}],"wp:term":[{"taxonomy":"category","embeddable":true,"href":"https:\/\/www.europesays.com\/no\/wp-json\/wp\/v2\/categories?post=343085"},{"taxonomy":"post_tag","embeddable":true,"href":"https:\/\/www.europesays.com\/no\/wp-json\/wp\/v2\/tags?post=343085"}],"curies":[{"name":"wp","href":"https:\/\/api.w.org\/{rel}","templated":true}]}}