{"id":343101,"date":"2026-09-03T17:37:07","date_gmt":"2026-09-03T17:37:07","guid":{"rendered":"https:\/\/www.europesays.com\/no\/343101\/"},"modified":"2026-09-03T17:37:07","modified_gmt":"2026-09-03T17:37:07","slug":"final-fantasy-vii-revelation-far-tilleggspakker","status":"publish","type":"post","link":"https:\/\/www.europesays.com\/no\/343101\/","title":{"rendered":"\u00abFinal Fantasy VII: Revelation\u00bb f\u00e5r tilleggspakker"},"content":{"rendered":"<p>                            Vi ser at du liker det vi gj\u00f8r!<\/p>\n<p style=\"color: var(--text-secondary-color); font-size: 1rem; margin-bottom: 20px; line-height: 1.5; max-width: 600px; margin-left: auto; margin-right: auto;\">\n                    Du har slukt over 30 artikler hos oss denne m\u00e5neden. PressFire er avhengig av engasjerte lesere som deg. Hvis du har mulighet, vurder \u00e5 st\u00f8tte oss \u2013 s\u00e5 f\u00e5r du mer innhold, og slipper masing og reklame ogs\u00e5!\n                <\/p>\n<p>                <a href=\"https:\/\/www.pressfire.no\/premium\" class=\"widget-button primary\" style=\"display: inline-block; padding: 12px 24px; font-size: 16px;\" rel=\"nofollow noopener\" target=\"_blank\">St\u00f8tt PressFire<\/a><\/p>\n<p>(PressFire.no): Square Enix viste mer fra \u00abFinal Fantasy VII: Revelation\u00bb i en lengre video i dag, pluss at vi ogs\u00e5 fikk en lanseringsdato.<\/p>\n<p>Men p\u00e5 Steam-sidene til spillet har det n\u00e5 dukket opp en liten overraskelse: Spillet f\u00e5r to nye historiedeler etter lansering.<\/p>\n<p>Den ene vil omhandle Sephiroth, mens den andre vil f\u00f8lge Vincent og The Turks.<\/p>\n<p>De to pakkene vil lanseres en gang mellom vinteren 2027 og v\u00e5ren 2028, og f\u00f8lger med i premium-utgaven til spillet \u2013 men kan ogs\u00e5 kj\u00f8pes separat.<\/p>\n<p>Mer enn det vet vi ikke!<\/p>\n","protected":false},"excerpt":{"rendered":"Vi ser at du liker det vi gj\u00f8r! Du har slukt over 30 artikler hos oss denne m\u00e5neden.&hellip;\n","protected":false},"author":2,"featured_media":343102,"comment_status":"","ping_status":"","sticky":false,"template":"","format":"standard","meta":{"footnotes":"","_share_on_mastodon":"0"},"categories":[57],"tags":[30,28,29,65,63,64,66,70,69,67,68],"class_list":["post-343101","post","type-post","status-publish","format-standard","has-post-thumbnail","category-vitenskap-og-teknologi","tag-no","tag-norge","tag-norway","tag-science","tag-science-and-technology","tag-scienceandtechnology","tag-technology","tag-teknologi","tag-vitenskap","tag-vitenskap-og-teknologi","tag-vitenskapteknologi"],"share_on_mastodon":{"url":"https:\/\/pubeurope.com\/@no\/117208327283415703","error":""},"_links":{"self":[{"href":"https:\/\/www.europesays.com\/no\/wp-json\/wp\/v2\/posts\/343101","targetHints":{"allow":["GET"]}}],"collection":[{"href":"https:\/\/www.europesays.com\/no\/wp-json\/wp\/v2\/posts"}],"about":[{"href":"https:\/\/www.europesays.com\/no\/wp-json\/wp\/v2\/types\/post"}],"author":[{"embeddable":true,"href":"https:\/\/www.europesays.com\/no\/wp-json\/wp\/v2\/users\/2"}],"replies":[{"embeddable":true,"href":"https:\/\/www.europesays.com\/no\/wp-json\/wp\/v2\/comments?post=343101"}],"version-history":[{"count":0,"href":"https:\/\/www.europesays.com\/no\/wp-json\/wp\/v2\/posts\/343101\/revisions"}],"wp:featuredmedia":[{"embeddable":true,"href":"https:\/\/www.europesays.com\/no\/wp-json\/wp\/v2\/media\/343102"}],"wp:attachment":[{"href":"https:\/\/www.europesays.com\/no\/wp-json\/wp\/v2\/media?parent=343101"}],"wp:term":[{"taxonomy":"category","embeddable":true,"href":"https:\/\/www.europesays.com\/no\/wp-json\/wp\/v2\/categories?post=343101"},{"taxonomy":"post_tag","embeddable":true,"href":"https:\/\/www.europesays.com\/no\/wp-json\/wp\/v2\/tags?post=343101"}],"curies":[{"name":"wp","href":"https:\/\/api.w.org\/{rel}","templated":true}]}}