{"id":343147,"date":"2026-09-03T18:16:25","date_gmt":"2026-09-03T18:16:25","guid":{"rendered":"https:\/\/www.europesays.com\/no\/343147\/"},"modified":"2026-09-03T18:16:25","modified_gmt":"2026-09-03T18:16:25","slug":"ifa-2026-dette-haper-vi-a-se-i-berlin-teknokratiet","status":"publish","type":"post","link":"https:\/\/www.europesays.com\/no\/343147\/","title":{"rendered":"IFA 2026: Dette h\u00e5per vi \u00e5 se i Berlin \u2013 Teknokratiet"},"content":{"rendered":"<p>IFA 2026 \u00e5pner d\u00f8rene fra 4. til 8. september, med over 1800 utstillere fordelt p\u00e5 26 haller og et eget utend\u00f8rsomr\u00e5de, Sommergarten. I fjor trakk messen over 215 000 bes\u00f8kende fra 138 land. N\u00e5 er vi p\u00e5 Media Days, forh\u00e5ndsdagene der produsentene viser frem nyhetene sine for pressen.<\/p>\n<p><img decoding=\"async\" loading=\"lazy\" src=\"https:\/\/www.europesays.com\/no\/wp-content\/uploads\/2026\/09\/1788459381_298_1024w.jpg\" alt=\"Julian gj\u00f8r seg klar til avreise p\u00e5 flyet\"\/>Julian gj\u00f8r seg klar til avreiseFotoTeknokratiet<\/p>\n<p>Messen kommer rett etter at redaksjonen har <a href=\"https:\/\/teknokratiet.no\/test\/sniktitt-samsung-galaxy-z-fold8\" rel=\"nofollow noopener\" target=\"_blank\">testet Samsungs Galaxy Z Fold8<\/a>, og formatet er tydeligvis ikke ferdig utforsket enn\u00e5.<\/p>\n<p>#1 Xiaomi satser p\u00e5 et bredere brett<\/p>\n<p>Xiaomi stiller for f\u00f8rste gang med egen stand p\u00e5 IFA 2026, med pressekonferanse 3. september. Fire dager senere, 7. september, lanserer selskapet Xiaomi 18 Fold i Kina. Xiaomi kaller selv formatet \u00abmid-fold\u00bb: En bred bokbrett med 5,38 tommers skjerm p\u00e5 utsiden og 7,58 tommer brettet ut, ikke trippelbretten rykteb\u00f8rsen lenge spekulerte i.<\/p>\n<p>Samsung har brukt \u00e5tte generasjoner p\u00e5 \u00e5 perfeksjonere sin egen bokbrett i <a href=\"https:\/\/teknokratiet.no\/test\/sniktitt-samsung-galaxy-z-fold8\" rel=\"nofollow noopener\" target=\"_blank\">Z Fold8<\/a>, og l\u00f8ste blant annet hengselen slik at skjermen knapt viser bretten lenger. Xiaomis bredere format er et annet svar p\u00e5 samme problem: Mer plass innvendig, uten et ekstra ledd \u00e5 skjule.<\/p>\n<p><img decoding=\"async\" loading=\"lazy\" src=\"https:\/\/www.europesays.com\/no\/wp-content\/uploads\/2026\/09\/1788459382_247_1024w.jpg\" alt=\"Samsung Galaxy Z Fold8 brettet helt ut\"\/>V\u00e5r egen Z Fold8 brettet helt ut under testen i juli. Xiaomi satser p\u00e5 et bredere format i stedet for et ekstra hengselFotoTeknokratiet<\/p>\n<p>Uansett hvilken l\u00f8sning som vinner frem, er det tydelig at bokbretten fortsatt ikke har funnet sin endelige form.<\/p>\n<p>#2 DJI vil ta robotst\u00f8vsugerne p\u00e5 alvor<\/p>\n<p>DJI har bekreftet en europapremiere p\u00e5 IFA 2026 for Romo 2-serien, selskapets andre fors\u00f8k p\u00e5 robotst\u00f8vsuger. Serien ble lansert i Kina i mai, og kommer n\u00e5 til Europa for f\u00f8rste gang.<\/p>\n<p>Vi har <a href=\"https:\/\/teknokratiet.no\/test\/test-av-roborock-qrevo-edge-2-pro\" rel=\"nofollow noopener\" target=\"_blank\">testet flere robotst\u00f8vsugere fra Roborock<\/a> det siste halv\u00e5ret, og konkurransen har hittil handlet om kanttr\u00e5d, trappeklatring og hvor t\u00f8rre teppene blir etter mopping. DJI kommer fra et helt annet fagmilj\u00f8, droner og gimbal-stabilisert kamera, og det gjenst\u00e5r \u00e5 se om den bakgrunnen gir Romo 2 noe konkurrentene mangler.<\/p>\n<p><img decoding=\"async\" loading=\"lazy\" src=\"https:\/\/www.europesays.com\/no\/wp-content\/uploads\/2026\/09\/1788459382_340_1024w.jpg\" alt=\"DJI Osmo 360 actionkamera\"\/><a href=\"https:\/\/teknokratiet.no\/test\/test-osmo-360\" rel=\"nofollow noopener\" target=\"_blank\">DJI Osmo 360<\/a> fra v\u00e5r egen test \u2013 selskapets actionkamera har lenge v\u00e6rt den sterke siden av produktportef\u00f8ljen. N\u00e5 pr\u00f8ver de seg p\u00e5 robotst\u00f8vsugere ogs\u00e5FotoTeknokratiet<\/p>\n<p>Roborock brukte sin egen pressekonferanse under Media Days p\u00e5 nettopp robotst\u00f8vsugere, med Saros 20-serien i front. Feltet DJI g\u00e5r inn i, ligger ikke stille.<\/p>\n<p><img decoding=\"async\" loading=\"lazy\" src=\"https:\/\/www.europesays.com\/no\/wp-content\/uploads\/2026\/09\/1788459383_411_1024w.jpg\" alt=\"Tre robotst\u00f8vsugere med dokkingstasjoner p\u00e5 rekke p\u00e5 Roborock-standen\"\/>Saros 20 Flow Complete p\u00e5 Roborock-standen under Media DaysFotoTeknokratiet<\/p>\n<p>#3 Honor bygger et gimbal-kamera inn i en telefon<\/p>\n<p>Samtidig h\u00e5per vi Honor tar med Robot Phone til IFA 2026, en telefon med et 200-megapiksel hovedkamera montert p\u00e5 en robotarm som beveger seg fysisk etter motivet i stedet for \u00e5 beskj\u00e6re bildet digitalt. Armen roterer kameraet fullt rundt, 360 grader, og kan blant annet holde et ansikt i bildet selv om telefonen ligger stille p\u00e5 et bord. Telefonen ble vist frem internasjonalt allerede p\u00e5 MWC i mars, men selges forel\u00f8pig bare i Kina.<\/p>\n<p>Robotarm-gimbalen er en l\u00f8sning ingen andre produsenter har pr\u00f8vd i et telefonformat, og den er like mye et signal som et kamera: Honor vil bort fra at alle flaggskiptelefoner ser identiske ut.<\/p>\n<p>#4 LG dropper menyene i smarthjemmet<\/p>\n<p>LG viser frem ThinQ Claw p\u00e5 IFA 2026, en AI-agent som kutter ut de faste reglene smarthjem-apper vanligvis bygges p\u00e5. I stedet for \u00e5 sette opp \u00absl\u00e5 av lys klokken 23\u00bb og \u00abl\u00e5s d\u00f8ren n\u00e5r ingen er hjemme\u00bb skal du kunne skrive \u00abjeg legger meg\u00bb i en chat, og AI-en finner selv ut hvilke brytere, l\u00e5ser og termostater som skal justeres.<\/p>\n<p><img decoding=\"async\" loading=\"lazy\" src=\"https:\/\/www.europesays.com\/no\/wp-content\/uploads\/2026\/09\/1788459384_709_1024w.jpg\" alt=\"LGs stand p\u00e5 IFA, med selskapets logo godt synlig over messegulvet\"\/>LGs stand p\u00e5 IFA i 2018FotoMatti Blume \/ Wikimedia Commons, CC BY-SA 4.0<\/p>\n<p>Prinsippet ligner det <a href=\"https:\/\/teknokratiet.no\/artikkel\/wifi-overvakning-ruteren-kjenner-deg-igjen\" rel=\"nofollow noopener\" target=\"_blank\">Teknokratiet har skrevet om n\u00e5r det gjelder overv\u00e5kning i hjemmet<\/a>: Jo mer et hjem forst\u00e5r om vanene dine, jo mer m\u00e5 det ogs\u00e5 vite om deg. En agent som skal tolke \u00abjeg legger meg\u00bb riktig, m\u00e5 ha l\u00e6rt seg akkurat de vanene p\u00e5 forh\u00e5nd.<\/p>\n<p>#5 AI-briller som oversetter i sanntid<\/p>\n<p>iFLYTEK og RayNeo er blant utstillerne p\u00e5 IFA 2026 som viser frem briller som oversetter samtaler fortl\u00f8pende, uten en telefon involvert. RayNeos iO-briller skal klare sanntidsoversettelse p\u00e5 55 spr\u00e5k med rundt ett sekunds forsinkelse. Sanntidsoversettelse har v\u00e6rt lovet i flere \u00e5r, men har som regel v\u00e6rt tregere og mer upresis enn markedsf\u00f8ringen.<\/p>\n<p>Skal dette bli mer enn en messe-demo, m\u00e5 oversettelsen t\u00e5le dialekt, bakgrunnsst\u00f8y og folk som avbryter hverandre \u2013 akkurat det en tysk messehall byr rikelig p\u00e5.<\/p>\n<p>#6 Skjerml\u00f8se wearables<\/p>\n<p>En gjenganger i \u00e5rets forh\u00e5ndsomtaler av IFA 2026 er utstyr uten skjerm i det hele tatt \u2013 ringer, klips og smykker som styres med stemme eller ber\u00f8ring, og som legger informasjonen i \u00f8ret eller i en app i stedet for p\u00e5 h\u00e5ndleddet. Tanken er at du skal slippe \u00e5 dra opp telefonen for varsler som bare trenger en vibrasjon eller en kort lyd.<\/p>\n<p>Trenden henger sammen med et bredere poeng <a href=\"https:\/\/www.tomsguide.com\/tech-events\/ifa-2026-what-to-expect\" rel=\"nofollow noopener\" target=\"_blank\">Tom&#8217;s Guide trekker frem i sin egen forh\u00e5ndsomtale av messen<\/a>: AI skal helst jobbe lokalt og i bakgrunnen, ikke skrike om oppmerksomhet fra en ny skjerm.<\/p>\n<p><img decoding=\"async\" loading=\"lazy\" src=\"https:\/\/www.europesays.com\/no\/wp-content\/uploads\/2026\/09\/1788459384_386_1024w.jpg\" alt=\"En smartring p\u00e5 en h\u00e5nd\"\/><a href=\"https:\/\/teknokratiet.no\/test\/galaxy-ring\" rel=\"nofollow noopener\" target=\"_blank\">Samsung Galaxy Ring<\/a> fra v\u00e5r egen test, et av de mest gjenkjennelige eksemplene p\u00e5 skjerml\u00f8se wearablesFotoTeknokratiet<\/p>\n<p>Det vi kommer til \u00e5 se<\/p>\n<p>Ikke alt av dette blir noe av. Noe havner nok i skuffen sammen med fjor\u00e5rets skjerml\u00f8se l\u00f8fter.<\/p>\n<p>Men noe av det ender med et produkt hjemme i Norge til jul, og det er derfor vi drar.<\/p>\n<p><img decoding=\"async\" loading=\"lazy\" src=\"https:\/\/www.europesays.com\/no\/wp-content\/uploads\/2026\/09\/1788459385_275_1024w.jpg\" alt=\"Julian og Ole p\u00e5 flyplassen p\u00e5 vei til IFA\"\/>Julian og Ole p\u00e5 vei til BerlinFotoTeknokratiet<\/p>\n","protected":false},"excerpt":{"rendered":"IFA 2026 \u00e5pner d\u00f8rene fra 4. til 8. september, med over 1800 utstillere fordelt p\u00e5 26 haller og&hellip;\n","protected":false},"author":2,"featured_media":343148,"comment_status":"","ping_status":"","sticky":false,"template":"","format":"standard","meta":{"footnotes":"","_share_on_mastodon":"0"},"categories":[57],"tags":[30,28,29,65,63,64,66,70,69,67,68],"class_list":["post-343147","post","type-post","status-publish","format-standard","has-post-thumbnail","category-vitenskap-og-teknologi","tag-no","tag-norge","tag-norway","tag-science","tag-science-and-technology","tag-scienceandtechnology","tag-technology","tag-teknologi","tag-vitenskap","tag-vitenskap-og-teknologi","tag-vitenskapteknologi"],"share_on_mastodon":{"url":"https:\/\/pubeurope.com\/@no\/117208481239528161","error":""},"_links":{"self":[{"href":"https:\/\/www.europesays.com\/no\/wp-json\/wp\/v2\/posts\/343147","targetHints":{"allow":["GET"]}}],"collection":[{"href":"https:\/\/www.europesays.com\/no\/wp-json\/wp\/v2\/posts"}],"about":[{"href":"https:\/\/www.europesays.com\/no\/wp-json\/wp\/v2\/types\/post"}],"author":[{"embeddable":true,"href":"https:\/\/www.europesays.com\/no\/wp-json\/wp\/v2\/users\/2"}],"replies":[{"embeddable":true,"href":"https:\/\/www.europesays.com\/no\/wp-json\/wp\/v2\/comments?post=343147"}],"version-history":[{"count":0,"href":"https:\/\/www.europesays.com\/no\/wp-json\/wp\/v2\/posts\/343147\/revisions"}],"wp:featuredmedia":[{"embeddable":true,"href":"https:\/\/www.europesays.com\/no\/wp-json\/wp\/v2\/media\/343148"}],"wp:attachment":[{"href":"https:\/\/www.europesays.com\/no\/wp-json\/wp\/v2\/media?parent=343147"}],"wp:term":[{"taxonomy":"category","embeddable":true,"href":"https:\/\/www.europesays.com\/no\/wp-json\/wp\/v2\/categories?post=343147"},{"taxonomy":"post_tag","embeddable":true,"href":"https:\/\/www.europesays.com\/no\/wp-json\/wp\/v2\/tags?post=343147"}],"curies":[{"name":"wp","href":"https:\/\/api.w.org\/{rel}","templated":true}]}}