{"id":343163,"date":"2026-09-03T18:29:22","date_gmt":"2026-09-03T18:29:22","guid":{"rendered":"https:\/\/www.europesays.com\/no\/343163\/"},"modified":"2026-09-03T18:29:22","modified_gmt":"2026-09-03T18:29:22","slug":"fikk-sporsmal-om-liverpools-overgangsvindu","status":"publish","type":"post","link":"https:\/\/www.europesays.com\/no\/343163\/","title":{"rendered":"Fikk sp\u00f8rsm\u00e5l om Liverpools overgangsvindu"},"content":{"rendered":"<p>Inn mot sommeren ble det snakket om potensielle forsterkninger b\u00e5de p\u00e5 h\u00f8yrebacken og midtbanen for Liverpool, selv om det var tydelig at man f\u00f8rst og fremst \u00f8nsket \u00e5 forsterke b\u00e5de h\u00f8yre- og venstrekanten etter Mohamed Salahs avgang i sommer og Luis D\u00edaz&#8217; avgang i fjor.<\/p>\n<p>P\u00e5 kantene ble det forsterket med Victor Mu\u00f1oz fra Osasuna og Bradley Barcola fra Paris Saint-Germain, noe som gj\u00f8r at Iraola har mange valgmuligheter p\u00e5 kantene, selv om de fleste av de tilgjengelige spillerne har spilt klart mest p\u00e5 venstrekanten s\u00e5 langt i karrieren.<\/p>\n<p>Det ble imidlertid ingen signeringer verken p\u00e5 h\u00f8yrebacken eller midtbanen, selv om Ronald Ara\u00fajo kan bekle h\u00f8yresiden i forsvaret ved behov.<\/p>\n<p>P\u00e5 <a data-router-slot=\"disabled\" href=\"https:\/\/www.liverpool.no\/lfc\/26\/9\/vi-foelger-iraolas-2c\/\" type=\"external\" rel=\"nofollow noopener\" target=\"_blank\">torsdagens pressekonferanse<\/a> fikk Liverpool-sjefen, som ventet, sp\u00f8rsm\u00e5l om hva han tenker om overgangsvinduet som n\u00e5 er lukket, og om han helst skulle sett flere spillere inn.<\/p>\n<p><strong>\u2013 Jeg er veldig forn\u00f8yd med signeringene vi har gjort. \u00d8nsker jeg flere signeringer? Til syvende og sist har klubben bestemt at de signeringene vi har gjort, er de som vil forbedre laget v\u00e5rt, sa han og fortsatte:<\/strong><\/p>\n<p>Artikkelen fortsetter under.<\/p>\n<p><img decoding=\"async\" class=\"figure-img image slimimage m-0\" src=\"https:\/\/www.europesays.com\/no\/wp-content\/uploads\/2026\/09\/gettyimages-2160709665_16x9.jpg\" data-width=\"16\" data-height=\"9\" data-original=\"https:\/\/www.europesays.com\/no\/wp-content\/uploads\/2026\/09\/gettyimages-2160709665_16x9.jpg\" title=\"GettyImages-2160709665_16x9.jpg\" alt=\"GettyImages-2160709665_16x9.jpg\"\/>Richard Hughes har f\u00e5tt mye kritikk for Liverpools manglende teft p\u00e5 overgangsmarkedet i sommer.<\/p>\n<p><strong>\u2013 Det var andre alternativer vi valgte \u00e5 ikke g\u00e5 for av forskjellige grunner, noen ganger sportslige eller \u00f8konomiske. Avtalene ga rett og slett ikke mening i markedet. Men n\u00e5 er jeg forn\u00f8yd. Vi har mye kvalitet i laget. N\u00e5 er det opp til spillerne \u00e5 gi alt de har.<\/strong><\/p>\n<p>\u00d8nsker en allsidig tropp<\/p>\n<p>En av tingene Iraola har f\u00e5tt mye skryt for lenge f\u00f8r han ble Liverpool-sjef, er \u00e5 f\u00e5 spillerne sine til \u00e5 v\u00e6re mer allsidige, eller enklere sagt: levere varene i flere ulike roller enn det som egentlig er deres beste posisjon.<\/p>\n<p>Det kanskje beste eksempelet p\u00e5 en slik spiller i Liverpool er Dominik Szoboszlai, som de siste par sesongene har blitt benyttet p\u00e5 begge kantene, som offensiv midtbanespiller, i en dypere rolle sentralt og p\u00e5 h\u00f8yrebacken.<\/p>\n<p>Iraolas kommentarer tyder p\u00e5 at han er forn\u00f8yd med troppens tilstand, og at det prim\u00e6rt er skader som gj\u00f8r at den fremst\u00e5r som veldig tynn.<\/p>\n<p><strong>\u2013 Utfordringen i troppen n\u00e5 er at vi for eksempel ikke har Conor (Bradley) tilgjengelig p\u00e5 h\u00f8yrebacken. Derfor setter jeg stor pris p\u00e5 at Dom (Szoboszlai) kan spille h\u00f8yreback, siden han kan bekle den posisjonen. Allsidigheten i spillerne hjelper oss gjennom perioder hvor vi har skader.<\/strong><\/p>\n<p>Han mener ogs\u00e5 at midtbanen hans er godt besatt, selv om b\u00e5de eksperter og supportere har v\u00e6rt klare p\u00e5 at laget mangler en typisk defensiv spiller. Iraola har Ryan Gravenberch, Wataru Endo, Alexis Mac Allister, Trey Nyoni, Florian Wirtz, Dominik Szoboszlai og James McConnell som de klare alternativene inn mot 2026\/27-sesongen.<\/p>\n<p><strong>\u2013 P\u00e5 midtbanen har vi gode tall. N\u00e5 handler det om at jeg tar de riktige valgene. Jeg er i ferd med \u00e5 finne de beste kombinasjonene, og vi g\u00e5r n\u00e5 inn i en periode hvor vi skal spille mange kamper. Da f\u00e5r vi muligheten til \u00e5 se hvilke alternativer og kombinasjoner vi har. Det handler om \u00e5 trene og lede laget.<\/strong><\/p>\n","protected":false},"excerpt":{"rendered":"Inn mot sommeren ble det snakket om potensielle forsterkninger b\u00e5de p\u00e5 h\u00f8yrebacken og midtbanen for Liverpool, selv om&hellip;\n","protected":false},"author":2,"featured_media":343164,"comment_status":"","ping_status":"","sticky":false,"template":"","format":"standard","meta":{"footnotes":"","_share_on_mastodon":"0"},"categories":[59],"tags":[22275,30,28,29,447,17119,83,82],"class_list":["post-343163","post","type-post","status-publish","format-standard","has-post-thumbnail","category-sport","tag-andoni-iraola","tag-no","tag-norge","tag-norway","tag-nyhet","tag-overganger","tag-sport","tag-sports"],"share_on_mastodon":{"url":"https:\/\/pubeurope.com\/@no\/117208531797784866","error":""},"_links":{"self":[{"href":"https:\/\/www.europesays.com\/no\/wp-json\/wp\/v2\/posts\/343163","targetHints":{"allow":["GET"]}}],"collection":[{"href":"https:\/\/www.europesays.com\/no\/wp-json\/wp\/v2\/posts"}],"about":[{"href":"https:\/\/www.europesays.com\/no\/wp-json\/wp\/v2\/types\/post"}],"author":[{"embeddable":true,"href":"https:\/\/www.europesays.com\/no\/wp-json\/wp\/v2\/users\/2"}],"replies":[{"embeddable":true,"href":"https:\/\/www.europesays.com\/no\/wp-json\/wp\/v2\/comments?post=343163"}],"version-history":[{"count":0,"href":"https:\/\/www.europesays.com\/no\/wp-json\/wp\/v2\/posts\/343163\/revisions"}],"wp:featuredmedia":[{"embeddable":true,"href":"https:\/\/www.europesays.com\/no\/wp-json\/wp\/v2\/media\/343164"}],"wp:attachment":[{"href":"https:\/\/www.europesays.com\/no\/wp-json\/wp\/v2\/media?parent=343163"}],"wp:term":[{"taxonomy":"category","embeddable":true,"href":"https:\/\/www.europesays.com\/no\/wp-json\/wp\/v2\/categories?post=343163"},{"taxonomy":"post_tag","embeddable":true,"href":"https:\/\/www.europesays.com\/no\/wp-json\/wp\/v2\/tags?post=343163"}],"curies":[{"name":"wp","href":"https:\/\/api.w.org\/{rel}","templated":true}]}}