{"id":343191,"date":"2026-09-03T19:05:12","date_gmt":"2026-09-03T19:05:12","guid":{"rendered":"https:\/\/www.europesays.com\/no\/343191\/"},"modified":"2026-09-03T19:05:12","modified_gmt":"2026-09-03T19:05:12","slug":"virkelig-en-alarmklokke-som-kimte","status":"publish","type":"post","link":"https:\/\/www.europesays.com\/no\/343191\/","title":{"rendered":"&#8211; Virkelig en alarmklokke som kimte"},"content":{"rendered":"<p class=\"subtitle \" style=\"\">Statusen til langrenn er langt unna sin storhetstid. Nettavisen-kommentator Ernst Lersveen er spesielt bekymret for neste \u00e5r.<\/p>\n<p>\n    TILBAKE I MARS: I mars falt Johannes H\u00f8sflot Kl\u00e6bo stygt i Drammen. Nettavisen-kommentator Ernst Lersveen mener en av de st\u00f8rste alarmklokkene i langrenn skjedde denne dagen. Foto: Lise \u00c5serud \/ NTB\n  <\/p>\n<p>TV-rettighetene til ski-VM i Falun er fremdeles ikke landet. Hverken i Norge eller i arrang\u00f8rlandet Sverige, sportens to giganasjoner.\u00a0<\/p>\n<p> &#8211; Det er rart, det m\u00e5 jeg si, sier legende i sporten og landslagstrener Marit Bj\u00f8rgen til Dagbladet.<\/p>\n<p>I februar og mars arrangeres i VM. Falun hadde ogs\u00e5 mesterskapet i 2015.<\/p>\n<p>&#8211; Det er kjedelig, men vi har ikke tenkt s\u00e5 mye og brukt energi p\u00e5 det. Vi h\u00e5per det skal ordne seg, sier Bj\u00f8rgen.<\/p>\n<p>        FRA ARKIVET: Den svenske videoanalytikeren hadde laget egen Bj\u00f8rgen-hyllest p\u00e5 Sveriges f\u00f8rste pressekonferanse under ski-VM.<\/p>\n<p>Vanligvis har det v\u00e6rt en selvf\u00f8lge at ski-VM g\u00e5r p\u00e5 NRK, og dette har v\u00e6rt avklart flere \u00e5r i forkant.\u00a0<\/p>\n<p>De siste \u00e5ra har publikum latt seg irritere over at vintersporten ogs\u00e5 g\u00e5r p\u00e5 mange ulike kanaler i tillegg til NRK. Denne sesongen blir ikke bedre.<\/p>\n<ul>\n<li class=\"lab-bodytext-line\">VM: Ikke avklart.<\/li>\n<li class=\"lab-bodytext-line\">Verdenscup: NRK sender renn i Norge. TV 2 og Viaplay skal dele p\u00e5 rettighetene i utlandet, men de har enn\u00e5 ikke blitt enige. Det betyr at Tour de Ski for eksempel ikke er landet.<\/li>\n<\/ul>\n<p>Dermed er det ikke usannsynlig at de tre f\u00f8rste verdenscuphelgene i november\/desember sendes av tre ulike akt\u00f8rer.<\/p>\n<p>        <img loading=\"lazy\" decoding=\"async\" src=\"https:\/\/www.europesays.com\/no\/wp-content\/uploads\/2026\/09\/84507086.webp\" width=\"686\" height=\"460\" alt=\"\" class=\"\" style=\"--aspect-ratio-image: 1.49; \"\/><\/p>\n<p>\n        NRK: Forrige vinter sendte NRK OL p\u00e5 TV. Ang\u00e5ende VM i februar og mars i Falun er det usikkert per n\u00e5. Johannes H\u00f8sflot Kl\u00e6bo vant seks gull i OL. Foto: Bj\u00f8rn Langsem \/ Dagbladet\n    <\/p>\n<p>Knallhard konkurranse\t<\/p>\n<p> &#8211; De som \u00f8nsker \u00e5 kj\u00f8pe, vil betale mindre, er det f\u00f8rste som sl\u00e5r meg. Det har ikke blitt mer penger i kassa i Dagbladet, VG, NRK eller TV 2 etter fotball-VM. Men et ski-VM burde fortsatt v\u00e6re attraktivt, sier Nettavisen-kommentator Ernst Lersveen til Dagbladet.<\/p>\n<p>        <img loading=\"lazy\" decoding=\"async\" itemprop=\"image\" src=\"https:\/\/www.europesays.com\/no\/wp-content\/uploads\/2026\/09\/84397353.webp\" width=\"180\" height=\"180\" alt=\"\"\/><\/p>\n<p>                    Ernst Lersveen<br \/>\n                        Ernst<br \/>\n                        Lersveen<\/p>\n<p>Kommentator, Nettavisen<\/p>\n<p>&#8211; Men jeg tror det blir mye, mye mindre interesse omkring verdenscup. Det er der de kommer virkelig n\u00e5 til \u00e5 f\u00f8le p\u00e5 kroppen at det har v\u00e6rt VM (i fotball). Det har v\u00e6rt brukt mye ressurser, og det er ikke s\u00e6rlig spennende i herreklassen. <\/p>\n<p>Han tilf\u00f8yer:<\/p>\n<p> &#8211; Langrenn m\u00e5 innse at de konkurrerer n\u00e5 med Haaland, \u00d8degaard, influensere og gud bedre vet hva. Det er mye annet som mediene bruker penger p\u00e5, og som klikker bedre. <\/p>\n<p>    <a itemprop=\"url\" href=\"https:\/\/www.dagbladet.no\/sport\/jeg-ble-kastet-over-autovernet\/85062397\" rel=\"nofollow noopener\" target=\"_blank\"><\/p>\n<p>        <img loading=\"lazy\" decoding=\"async\" src=\"https:\/\/www.europesays.com\/no\/wp-content\/uploads\/2026\/09\/85062925.webp\" width=\"180\" height=\"81\" alt=\"\" class=\"lazyload\" style=\"--aspect-ratio-image: 2.22; \"\/><\/p>\n<p>        &#8211; Jeg ble kastet over autovernet<\/p>\n<p>    <\/a><\/p>\n<p>VG-frav\u00e6r\t<\/p>\n<p>Han er ikke bekymret for hvor bra kvaliteten p\u00e5 sendingene i et ski-VM vil v\u00e6re &#8211; selv om det ikke er avklart.\u00a0<\/p>\n<p>Den mange\u00e5rige langrennsreporteren er heller sv\u00e6rt bekymret for interessen rundt verdenscup.<\/p>\n<p>&#8211;\u00a0For ikke \u00e5 snakke om neste \u00e5r der igjen, n\u00e5r det ikke er noe mesterskap. Mesterskap pirrer mediene noe. Hvis ikke alarmklokkene har n\u00e5dd frem til skiforbundet enn\u00e5, s\u00e5 bare minner jeg om at det var verdenscup i Drammen i mars, og der var ikke Verdens Gang, sier han med spesielt trykk p\u00e5 siste setning.<\/p>\n<p class=\"italic m-italic font-weight-bold m-font-weight-bold\" data-lab-italic=\"italic\" data-lab-font_weight=\"font-weight-bold\">Mulig 2028-VM likevel?<\/p>\n<p>    <a itemprop=\"url\" href=\"https:\/\/www.dagbladet.no\/sport\/vil-arrangere-ski-vm-hvert-ar\/85106435\" rel=\"nofollow noopener\" target=\"_blank\"><\/p>\n<p>        <img loading=\"lazy\" decoding=\"async\" src=\"https:\/\/www.europesays.com\/no\/wp-content\/uploads\/2026\/09\/85028071.webp\" width=\"180\" height=\"81\" alt=\"\" class=\"lazyload\" style=\"--aspect-ratio-image: 2.22; \"\/><\/p>\n<p>        Vil arrangere ski-VM hvert \u00e5r<\/p>\n<p>    <\/a><\/p>\n<p> Bysprinten i Drammen var kort tid etter OL.\u00a0<a href=\"https:\/\/www.dagbladet.no\/sport\/pappa-med-melding\/84360533\" rel=\"nofollow noopener\" target=\"_blank\">Da falt Johannes H\u00f8sflot Kl\u00e6bo<\/a>\u00a0og slo hodet. <\/p>\n<p>&#8211; Det forteller meg litt om temperaturen p\u00e5 langrenn. Og det for meg var &#8230; virkelig en alarmklokke som kimte da jeg fikk h\u00f8re det. Det forteller meg ganske mye om vurderingene som gj\u00f8res rundt omkring i redaksjonene n\u00e5. <\/p>\n<p>        FRA ARKIVET: Vi har samlet noen av de beste h\u00f8ydepunktene fra v\u00e5r dekning av ski-VM i Falun i 2015.<\/p>\n<p>&#8211; Kan bli langt mer utfordrende\t<\/p>\n<p>VGs sportssjef Frode Buanes skriver f\u00f8lgende i en SMS &#8211; konfrontert med utsagnet til Lersveen:<\/p>\n<p>&#8211;\u00a0Vi i VG s\u00e5 under OL at interessen for vinteridrett fortsatt er veldig stor. Samtidig m\u00e5 langrenn kjempe hardt for oppmerksomheten. Det er ikke noe man lenger kan forvente kommer av seg selv. VM i Falun kommer til \u00e5 bli stort, men jeg er enig med Lersveen i at et mesterskapsfritt 2028 kan bli langt mer utfordrende, skriver Buanes til Dagbladet.<\/p>\n<p>    <a itemprop=\"url\" href=\"https:\/\/www.dagbladet.no\/sport\/klaebos-skrekkmaned-jeg-er-darlig\/85048010\" rel=\"nofollow noopener\" target=\"_blank\"><\/p>\n<p>        <img loading=\"lazy\" decoding=\"async\" src=\"https:\/\/www.europesays.com\/no\/wp-content\/uploads\/2026\/09\/85048380.webp\" width=\"180\" height=\"81\" alt=\"\" class=\"lazyload\" style=\"--aspect-ratio-image: 2.22; \"\/><\/p>\n<p>        Kl\u00e6bos skrekkm\u00e5ned: &#8211; Jeg er d\u00e5rlig<\/p>\n<p>    <\/a><\/p>\n<p>Langrennskonge Petter Northug stempler den manglende avklaringen rundt VM som \u00abkjedelig\u00bb.<\/p>\n<p> &#8211; Rettighetsbildet gj\u00f8r at det er krevende. Det er tunge forhandlinger, mange vil vise et ski-VM i beste sendetid, naturligvis. S\u00e5 skulle jeg gjerne sett at det var enklere, men s\u00e5nn har idrettsverdenen blitt. Rettighetene er ikke like enkle som de var f\u00f8r. Det m\u00e5 vi nok leve med i \u00e5ra framover, i h\u00e5p om at det kanskje blir enklere om noen \u00e5r, sier Northug til Dagbladet.<\/p>\n<p>Lersveen i Nettavisen p\u00e5peker at produktet langrenn ikke er like attraktivt som det en gang var.<\/p>\n<p> &#8211; Jeg tror det er mange ting som spiller inn med produktet. Dette rammer s\u00e6rlig herreklassen: Russerne er ute. Svenskene er r\u00e6va, f\u00e5 finner, mellom-europeerne har ikke sn\u00f8. Selv i Norge &#8230; jeg som er nerd syns det ikke er spennende \u00e5 se om det blir fire eller sju nordmenn f\u00f8rst. Det er en internasjonal konkurranse. <\/p>\n<p>Sesong\u00e5pningen i langrenn for de norske ut\u00f8verne er 20. november p\u00e5 Beitost\u00f8len.<\/p>\n","protected":false},"excerpt":{"rendered":"Statusen til langrenn er langt unna sin storhetstid. Nettavisen-kommentator Ernst Lersveen er spesielt bekymret for neste \u00e5r. TILBAKE&hellip;\n","protected":false},"author":2,"featured_media":343192,"comment_status":"","ping_status":"","sticky":false,"template":"","format":"standard","meta":{"footnotes":"","_share_on_mastodon":"0"},"categories":[59],"tags":[398,30,28,29,356,83,82],"class_list":["post-343191","post","type-post","status-publish","format-standard","has-post-thumbnail","category-sport","tag-langrenn","tag-no","tag-norge","tag-norway","tag-ski-vm","tag-sport","tag-sports"],"share_on_mastodon":{"url":"https:\/\/pubeurope.com\/@no\/117208674183275623","error":""},"_links":{"self":[{"href":"https:\/\/www.europesays.com\/no\/wp-json\/wp\/v2\/posts\/343191","targetHints":{"allow":["GET"]}}],"collection":[{"href":"https:\/\/www.europesays.com\/no\/wp-json\/wp\/v2\/posts"}],"about":[{"href":"https:\/\/www.europesays.com\/no\/wp-json\/wp\/v2\/types\/post"}],"author":[{"embeddable":true,"href":"https:\/\/www.europesays.com\/no\/wp-json\/wp\/v2\/users\/2"}],"replies":[{"embeddable":true,"href":"https:\/\/www.europesays.com\/no\/wp-json\/wp\/v2\/comments?post=343191"}],"version-history":[{"count":0,"href":"https:\/\/www.europesays.com\/no\/wp-json\/wp\/v2\/posts\/343191\/revisions"}],"wp:featuredmedia":[{"embeddable":true,"href":"https:\/\/www.europesays.com\/no\/wp-json\/wp\/v2\/media\/343192"}],"wp:attachment":[{"href":"https:\/\/www.europesays.com\/no\/wp-json\/wp\/v2\/media?parent=343191"}],"wp:term":[{"taxonomy":"category","embeddable":true,"href":"https:\/\/www.europesays.com\/no\/wp-json\/wp\/v2\/categories?post=343191"},{"taxonomy":"post_tag","embeddable":true,"href":"https:\/\/www.europesays.com\/no\/wp-json\/wp\/v2\/tags?post=343191"}],"curies":[{"name":"wp","href":"https:\/\/api.w.org\/{rel}","templated":true}]}}