{"id":343197,"date":"2026-09-03T19:09:36","date_gmt":"2026-09-03T19:09:36","guid":{"rendered":"https:\/\/www.europesays.com\/no\/343197\/"},"modified":"2026-09-03T19:09:36","modified_gmt":"2026-09-03T19:09:36","slug":"over-80-personer-skal-ha-dodd-pa-vei-til-kanarioyene-dagbladet","status":"publish","type":"post","link":"https:\/\/www.europesays.com\/no\/343197\/","title":{"rendered":"Over 80 personer skal ha d\u00f8dd p\u00e5 vei til Kanari\u00f8yene &#8211; Dagbladet"},"content":{"rendered":"<ol>\n<li><a href=\"https:\/\/news.google.com\/rss\/articles\/CBMixgFBVV95cUxPbDVpOHMxb0VPZ2dURmdleW5NRFN3R1o2b08tZk5FMkcweDhtSmo3bDY5SVZYRzdaV1g1S3k0NklUSlQzREZkN0Iyd3BYRkptSkRraDVjeFN1S1ZldGhwNm5YUEhrZFRuZ2p6aS1rY3Vkd0tkZ21NWjY1anZGSHFxQkhKOXdsQmIwTTBReGRGSVJJSTg3UWI2U3NLTWdlZll4R1F1a25MZl9mdTA1ZFlFLVVjTjd3YzdqcmVXNlhYZ2VBN2FPYnc?oc=5\" target=\"_blank\" rel=\"nofollow noopener\">Over 80 personer skal ha d\u00f8dd p\u00e5 vei til Kanari\u00f8yene<\/a>&nbsp;&nbsp;Dagbladet<\/li>\n<li><a href=\"https:\/\/news.google.com\/rss\/articles\/CBMipAFBVV95cUxPQVJ5S2ctX28yY0hkRWM2b3hadkJWbGFKeVBrZ29HVnNJNFdiQUJ1MWNKMkZaQ2ZrZHEyUVRUMGVZd1ZfWE55N0FBamd4WTdvU01GeTdXejNvVUhFZWxrZER4SUk5MWtvbkdNMUFfX2E2ZVRuRmFER3JnWm5pNm51ODljOFdfdDU5OUxLRy1RNUs2elZxMTFYVVBxZUVranJOVkVvcg?oc=5\" target=\"_blank\" rel=\"nofollow noopener\">Spanske medier: Frykter 80 d\u00f8de etter b\u00e5ttur mot Kanari\u00f8yene<\/a>&nbsp;&nbsp;VG<\/li>\n<li><a href=\"https:\/\/news.google.com\/rss\/articles\/CBMi2gFBVV95cUxQVnRYUGxydXpjUWNSS3B6WHJFZ2thWS1uRkpJYUNldHlhUWhMbkp6Q0YxUGxsZERfVWJlTWdqU2wxekszdzhzQndUd3NGbmQ1NlM1WDRuVndRQVY0LWRGR29MQm1uZDFUM1pSMlplelVsUWczLW04bmJHQ3JSbFQ4aEFrcERteDBmVGhPSWxaUzY0dEF4bFJVTU5kT1YwR3RpbmhXcG1TcEszOWtzR2lZTjBiOUJNb2Y3T2pic3ZfR2RsMFo1RjluS0tmV0oxYW84WnlLZlpUc1ZqQQ?oc=5\" target=\"_blank\" rel=\"nofollow noopener\">Efe: Minst 80 mennesker d\u00f8de i b\u00e5t p\u00e5 vei mot Kanari\u00f8yene<\/a>&nbsp;&nbsp;TV 2<\/li>\n<li><a href=\"https:\/\/news.google.com\/rss\/articles\/CBMibEFVX3lxTE1QdTBkRk5OdmdQVVJlWHpxMGFLbjlzamF3RGpVYlRQd004T2g5MFFCVC1WTjMzM1RFVlRDa0d4T1RuT051T1ZwazdUZ0llbS1MY3ZNVE5HTm51MElTRVFHbjVMaFY5bk9OUmFveQ?oc=5\" target=\"_blank\" rel=\"nofollow noopener\">Over 80 d\u00f8de p\u00e5 vei til Kanari\u00f8yene<\/a>&nbsp;&nbsp;Spaniaavisen<\/li>\n<li><a href=\"https:\/\/news.google.com\/rss\/articles\/CBMicEFVX3lxTE9vZHRGNU4tUHdwdnphUVNXejJ5cHd6MjNDOG5pTHhmRUhfY0lPTTdubEtKeC14Y1I2Q1loVlNUTGlabG5iUXduUm1aWGRBSHdtY2RIWi1SVm9iZXRFT2hMeHk0QXU1TXlWN3hlcjFCaDk?oc=5\" target=\"_blank\" rel=\"nofollow noopener\">Over 80 omkomne, blant dem et spedbarn, i en b\u00e5t s\u00f8r for Kanari\u00f8yene etter 26 dager p\u00e5 drift<\/a>&nbsp;&nbsp;Dag &amp; Natt<\/li>\n<\/ol>\n","protected":false},"excerpt":{"rendered":"Over 80 personer skal ha d\u00f8dd p\u00e5 vei til Kanari\u00f8yene&nbsp;&nbsp;Dagbladet Spanske medier: Frykter 80 d\u00f8de etter b\u00e5ttur mot&hellip;\n","protected":false},"author":2,"featured_media":343198,"comment_status":"","ping_status":"","sticky":false,"template":"","format":"standard","meta":{"footnotes":"","_share_on_mastodon":"0"},"categories":[12],"tags":[20,21,24,25,15,22,23,13,30,28,29,14,16,26,27,42,43,44,45],"class_list":["post-343197","post","type-post","status-publish","format-standard","has-post-thumbnail","category-verden","tag-breaking-news","tag-breakingnews","tag-featured-news","tag-featurednews","tag-headlines","tag-latest-news","tag-latestnews","tag-news","tag-no","tag-norge","tag-norway","tag-nyheter","tag-overskrifter","tag-top-stories","tag-topstories","tag-verden","tag-world","tag-world-news","tag-worldnews"],"share_on_mastodon":{"url":"https:\/\/pubeurope.com\/@no\/117208689287815365","error":""},"_links":{"self":[{"href":"https:\/\/www.europesays.com\/no\/wp-json\/wp\/v2\/posts\/343197","targetHints":{"allow":["GET"]}}],"collection":[{"href":"https:\/\/www.europesays.com\/no\/wp-json\/wp\/v2\/posts"}],"about":[{"href":"https:\/\/www.europesays.com\/no\/wp-json\/wp\/v2\/types\/post"}],"author":[{"embeddable":true,"href":"https:\/\/www.europesays.com\/no\/wp-json\/wp\/v2\/users\/2"}],"replies":[{"embeddable":true,"href":"https:\/\/www.europesays.com\/no\/wp-json\/wp\/v2\/comments?post=343197"}],"version-history":[{"count":0,"href":"https:\/\/www.europesays.com\/no\/wp-json\/wp\/v2\/posts\/343197\/revisions"}],"wp:featuredmedia":[{"embeddable":true,"href":"https:\/\/www.europesays.com\/no\/wp-json\/wp\/v2\/media\/343198"}],"wp:attachment":[{"href":"https:\/\/www.europesays.com\/no\/wp-json\/wp\/v2\/media?parent=343197"}],"wp:term":[{"taxonomy":"category","embeddable":true,"href":"https:\/\/www.europesays.com\/no\/wp-json\/wp\/v2\/categories?post=343197"},{"taxonomy":"post_tag","embeddable":true,"href":"https:\/\/www.europesays.com\/no\/wp-json\/wp\/v2\/tags?post=343197"}],"curies":[{"name":"wp","href":"https:\/\/api.w.org\/{rel}","templated":true}]}}