{"id":343217,"date":"2026-09-03T19:25:20","date_gmt":"2026-09-03T19:25:20","guid":{"rendered":"https:\/\/www.europesays.com\/no\/343217\/"},"modified":"2026-09-03T19:25:20","modified_gmt":"2026-09-03T19:25:20","slug":"norsk-folkehjelp-sier-nei-til-400-millioner-fra-usa-mister-1700-ansatte-globalt","status":"publish","type":"post","link":"https:\/\/www.europesays.com\/no\/343217\/","title":{"rendered":"Norsk Folkehjelp sier nei til 400 millioner fra USA, mister 1700 ansatte globalt"},"content":{"rendered":"\n<p class=\"_lead_145nj_2 _lead_6fko5_53 layout-component text-serif-m layout-normal text-serif-l layout-component layout-wide layout-padded _wide_17hqh_1 layout-padded\">Norsk Folkehjelp sier nei til nye amerikanske bistandsvilk\u00e5r. Det f\u00f8rer til et inntektskutt p\u00e5 400 millioner kroner og at omkring 1700 ansatte mister jobben.<\/p>\n<p><img alt=\" Foto: Stian Lysberg Solum \/ NTB\" class=\"_image_jw3bv_65 layout-component layout-wide\" data-fullscreen- data-track-element-type=\"Article image fullscreen\" data-track-name=\"ImageFullscreen\" fetchpriority=\"high\" decoding=\"sync\" loading=\"eager\" height=\"4301\" itemprop=\"image\"  src=\"https:\/\/www.europesays.com\/no\/wp-content\/uploads\/2026\/09\/dfdb438e-8e16-3803-87f6-b749f5c9b89a.jpeg\"  style=\"object-position:0% 0%\" width=\"6453\"\/> Foto: Stian Lysberg Solum \/ NTB<\/p>\n<ul aria-hidden=\"true\" class=\"_images_ntbth_112\">\n<li><a class=\"_link_ntbth_117\" href=\"https:\/\/www.vg.no\/forfatter\/ntb\" style=\"z-index:1\" title=\"NTB\" rel=\"nofollow noopener\" target=\"_blank\"><img alt=\"Bilde av NTB\" class=\"_image_ntbth_93\" fetchpriority=\"low\" loading=\"lazy\" decoding=\"async\" itemprop=\"image\"  src=\"https:\/\/www.europesays.com\/no\/wp-content\/uploads\/2026\/09\/1788463520_999_c33980b0-5d07-4027-84a1-813f90a7c8d6.jpeg\"  width=\"480\"\/><\/a><\/li>\n<\/ul>\n<p> Oppdatert torsdag 3. september kl. 13:51     <\/p>\n<p class=\"_paragraph_145nj_4 _paragraph_6fko5_10 layout-component text-serif-m layout-normal text-serif-m layout-padded\">\u2013 USA fors\u00f8ker \u00e5 diktere at vi skal slutte \u00e5 jobbe for likestilling og mangfold. Ikke bare i programmene de selv finansierer, men i alt vi gj\u00f8r, ogs\u00e5 prosjekter som st\u00f8ttes av andre givere. Det sier vi nei til. Vi forholder oss til norsk lov og norsk politikk og bytter ikke verdier mot penger, sier Raymond Johansen, generalsekret\u00e6r i <a href=\"https:\/\/www.vg.no\/tag\/norsk-folkehjelp?utm_source=vg-article&amp;utm_medium=auto-tagger&amp;utm_campaign=pBXVpG\" class=\"_link_145nj_39\" rel=\"nofollow noopener\" target=\"_blank\">Norsk Folkehjelp<\/a>, i en pressemelding.<\/p>\n<p class=\"_paragraph_145nj_4 _paragraph_6fko5_10 layout-component text-serif-m layout-normal text-serif-m layout-padded\">USAs utenriksdepartement krever at samarbeidspartnere ikke skal jobbe for abort, likestilling eller mangfold i noe av sitt arbeid. Kravene gjelder alt organisasjonen gj\u00f8r, ogs\u00e5 prosjekter finansiert av andre givere.<\/p>\n<p class=\"_paragraph_145nj_4 _paragraph_6fko5_10 layout-component text-serif-m layout-normal text-serif-m layout-padded\">Bruddet betyr at Norsk Folkehjelp n\u00e5 faser ut samarbeidet med sin st\u00f8rste partner innen mine- og eksplosivrydding. USA har levert 40 prosent av inntektene til dette arbeidet.<\/p>\n<p class=\"_paragraph_145nj_4 _paragraph_6fko5_10 layout-component text-serif-m layout-normal text-serif-m layout-padded\">\u2013 Det er selvf\u00f8lgelig sv\u00e6rt dramatisk \u00e5 si nei til s\u00e5 mye penger, med alt det medf\u00f8rer. Men disse vilk\u00e5rene var det uaktuelt for oss \u00e5 f\u00f8ye oss etter, sier Johansen.<\/p>\n<p class=\"_paragraph_145nj_4 _paragraph_6fko5_10 layout-component text-serif-m layout-normal text-serif-m layout-padded\">Til tross for de dramatiske kuttene vil 60 prosent av mineryddingsarbeidet fortsette.<\/p>\n<p class=\"_paragraph_145nj_4 _paragraph_6fko5_10 layout-component text-serif-m layout-normal text-serif-m layout-padded\">\u2013 Dette er en utrolig t\u00f8ff beslutning og vi er sv\u00e6rt bekymret for konsekvensene det vil f\u00e5 for v\u00e5re ansatte, og ikke minst for alle sivile som lever med miner og eksplosiver etter konflikt. Vi er likevel n\u00f8dt til \u00e5 sette ned foten n\u00e5, sier Johansen.<\/p>\n","protected":false},"excerpt":{"rendered":"Norsk Folkehjelp sier nei til nye amerikanske bistandsvilk\u00e5r. Det f\u00f8rer til et inntektskutt p\u00e5 400 millioner kroner og&hellip;\n","protected":false},"author":2,"featured_media":343218,"comment_status":"","ping_status":"","sticky":false,"template":"","format":"standard","meta":{"footnotes":"","_share_on_mastodon":"0"},"categories":[5],"tags":[20,21,24,25,15,19,22,23,17,18,13,30,28,5638,29,14,16,569,26,27,50],"class_list":["post-343217","post","type-post","status-publish","format-standard","has-post-thumbnail","category-overskrifter","tag-breaking-news","tag-breakingnews","tag-featured-news","tag-featurednews","tag-headlines","tag-hovedoppslag","tag-latest-news","tag-latestnews","tag-main-news","tag-mainnews","tag-news","tag-no","tag-norge","tag-norsk-folkehjelp","tag-norway","tag-nyheter","tag-overskrifter","tag-raymond-johansen","tag-top-stories","tag-topstories","tag-usa"],"share_on_mastodon":{"url":"https:\/\/pubeurope.com\/@no\/117208752830630003","error":""},"_links":{"self":[{"href":"https:\/\/www.europesays.com\/no\/wp-json\/wp\/v2\/posts\/343217","targetHints":{"allow":["GET"]}}],"collection":[{"href":"https:\/\/www.europesays.com\/no\/wp-json\/wp\/v2\/posts"}],"about":[{"href":"https:\/\/www.europesays.com\/no\/wp-json\/wp\/v2\/types\/post"}],"author":[{"embeddable":true,"href":"https:\/\/www.europesays.com\/no\/wp-json\/wp\/v2\/users\/2"}],"replies":[{"embeddable":true,"href":"https:\/\/www.europesays.com\/no\/wp-json\/wp\/v2\/comments?post=343217"}],"version-history":[{"count":0,"href":"https:\/\/www.europesays.com\/no\/wp-json\/wp\/v2\/posts\/343217\/revisions"}],"wp:featuredmedia":[{"embeddable":true,"href":"https:\/\/www.europesays.com\/no\/wp-json\/wp\/v2\/media\/343218"}],"wp:attachment":[{"href":"https:\/\/www.europesays.com\/no\/wp-json\/wp\/v2\/media?parent=343217"}],"wp:term":[{"taxonomy":"category","embeddable":true,"href":"https:\/\/www.europesays.com\/no\/wp-json\/wp\/v2\/categories?post=343217"},{"taxonomy":"post_tag","embeddable":true,"href":"https:\/\/www.europesays.com\/no\/wp-json\/wp\/v2\/tags?post=343217"}],"curies":[{"name":"wp","href":"https:\/\/api.w.org\/{rel}","templated":true}]}}