{"id":343221,"date":"2026-09-03T19:30:13","date_gmt":"2026-09-03T19:30:13","guid":{"rendered":"https:\/\/www.europesays.com\/no\/343221\/"},"modified":"2026-09-03T19:30:13","modified_gmt":"2026-09-03T19:30:13","slug":"dodstallet-stiger-etter-flomkatastrofen-i-himalaya-kraftig-hopp-i-antall-savnede","status":"publish","type":"post","link":"https:\/\/www.europesays.com\/no\/343221\/","title":{"rendered":"D\u00f8dstallet stiger etter flomkatastrofen i Himalaya \u2013 kraftig hopp i antall savnede"},"content":{"rendered":"<p class=\"kicker t16 tm16 font-NotoSans\" style=\"\">Verden<\/p>\n<p class=\"subtitle t24 font-NotoSans\" style=\"\">1259 mennesker er n\u00e5 registrert omkommet i Nepal etter flomkatastrofen forrige uke. Antallet savnede har \u00f8kt med mer enn 800 det siste d\u00f8gnet til mer enn 5000.<\/p>\n<p>\n        Totalt er nesten 1300 registrert omkommet etter flomkatastrofen i Himalaya, og mer enn 5600 er meldt savnet. I tillegg f\u00f8rte flommen med seg enorme materielle skader, og titusenvis har akutt mangel p\u00e5 rent vann.<br \/>\n        Rajesh Kumar Singh \/ AP \/ NTB\n    <\/p>\n<p>Totalt 5083 er registrert som savnet i Nepal, opplyser landets kriseh\u00e5ndteringsmyndighet.<\/p>\n<p>Kinesiske statsmedier har meldt om 21 omkomne og 541 savnede i Tibet, noe som gj\u00f8r at den forel\u00f8pige totalen etter katastrofen er 1280 d\u00f8de og 5624 savnede.<\/p>\n<p>Flomkatastrofen inntraff onsdag forrige uke da enorme mengder vann, gj\u00f8rme og vrakgods raste nedover dalf\u00f8rer i Himalaya. \u00c5rsaken var et massivt skred oppe i fjellene som ble utl\u00f8st da en isbre kollapset.<\/p>\n<p>Katastrofen er den d\u00f8deligste i Nepal siden et kraftig jordskjelv i 2015 kostet over 8000 mennesker livet.<\/p>\n<p>FN har opplyst at katastrofen har etterlatt rundt 65.000 mennesker i akutt mangel p\u00e5 rent vann og tilfredsstillende sanit\u00e6rforhold. Mer enn 22.000 barn har behov for beskyttelse etter katastrofen, opplyser FN.<\/p>\n","protected":false},"excerpt":{"rendered":"Verden 1259 mennesker er n\u00e5 registrert omkommet i Nepal etter flomkatastrofen forrige uke. Antallet savnede har \u00f8kt med&hellip;\n","protected":false},"author":2,"featured_media":343222,"comment_status":"","ping_status":"","sticky":false,"template":"","format":"standard","meta":{"footnotes":"","_share_on_mastodon":"0"},"categories":[12],"tags":[20,21,24,25,15,22,23,13,30,28,29,14,16,26,27,42,43,44,45],"class_list":["post-343221","post","type-post","status-publish","format-standard","has-post-thumbnail","category-verden","tag-breaking-news","tag-breakingnews","tag-featured-news","tag-featurednews","tag-headlines","tag-latest-news","tag-latestnews","tag-news","tag-no","tag-norge","tag-norway","tag-nyheter","tag-overskrifter","tag-top-stories","tag-topstories","tag-verden","tag-world","tag-world-news","tag-worldnews"],"share_on_mastodon":{"url":"https:\/\/pubeurope.com\/@no\/117208772055925738","error":""},"_links":{"self":[{"href":"https:\/\/www.europesays.com\/no\/wp-json\/wp\/v2\/posts\/343221","targetHints":{"allow":["GET"]}}],"collection":[{"href":"https:\/\/www.europesays.com\/no\/wp-json\/wp\/v2\/posts"}],"about":[{"href":"https:\/\/www.europesays.com\/no\/wp-json\/wp\/v2\/types\/post"}],"author":[{"embeddable":true,"href":"https:\/\/www.europesays.com\/no\/wp-json\/wp\/v2\/users\/2"}],"replies":[{"embeddable":true,"href":"https:\/\/www.europesays.com\/no\/wp-json\/wp\/v2\/comments?post=343221"}],"version-history":[{"count":0,"href":"https:\/\/www.europesays.com\/no\/wp-json\/wp\/v2\/posts\/343221\/revisions"}],"wp:featuredmedia":[{"embeddable":true,"href":"https:\/\/www.europesays.com\/no\/wp-json\/wp\/v2\/media\/343222"}],"wp:attachment":[{"href":"https:\/\/www.europesays.com\/no\/wp-json\/wp\/v2\/media?parent=343221"}],"wp:term":[{"taxonomy":"category","embeddable":true,"href":"https:\/\/www.europesays.com\/no\/wp-json\/wp\/v2\/categories?post=343221"},{"taxonomy":"post_tag","embeddable":true,"href":"https:\/\/www.europesays.com\/no\/wp-json\/wp\/v2\/tags?post=343221"}],"curies":[{"name":"wp","href":"https:\/\/api.w.org\/{rel}","templated":true}]}}