{"id":343229,"date":"2026-09-03T19:37:10","date_gmt":"2026-09-03T19:37:10","guid":{"rendered":"https:\/\/www.europesays.com\/no\/343229\/"},"modified":"2026-09-03T19:37:10","modified_gmt":"2026-09-03T19:37:10","slug":"usa-pete-hegseth-ber-trump-sparke-hegseth-aldri-sett-mer-udugelig-ledelse","status":"publish","type":"post","link":"https:\/\/www.europesays.com\/no\/343229\/","title":{"rendered":"USA, Pete Hegseth | Ber Trump sparke Hegseth: \u2013 Aldri sett mer udugelig ledelse"},"content":{"rendered":"\n<p>Det er senator Thom Tillis fra North Carolina som kommer med den kraftige kritikken mot sin partifelle.<\/p>\n<p>I en kraftsalve p\u00e5 <a href=\"https:\/\/x.com\/SenThomTillis\/status\/2095175195648512020\" rel=\"Follow nofollow\">X<\/a> ber Tillis president Donald Trump om \u00e5 sparke forsvarsminister Pete Hegseth.<\/p>\n<p>Bakgrunnen er blant annet at USAs h\u00e6rminister Dan Driscoll denne uken trakk seg fra stillingen etter det som skal ha v\u00e6rt gjentatte konflikter med Hegseth.<\/p>\n<p>Samtidig g\u00e5r han hardt ut mot Hegseths ledelse av Pentagon.<\/p>\n<p>\u2013 Jeg har aldri sett mer udugelig ledelse av de modige mennene og kvinnene som tjener landet v\u00e5rt, skriver Tillis.<\/p>\n<p><b>Les ogs\u00e5: <a href=\"https:\/\/www.nettavisen.no\/nyheter\/cia-sjefen-var-pa-hemmelig-moskva-besok-na-svarer-rubio\/s\/80-95-50774\" rel=\"Follow nofollow noopener\" target=\"_blank\">CIA-sjefen var p\u00e5 \u00abhemmelig\u00bb Moskva-bes\u00f8k: N\u00e5 svarer Rubio<\/a><\/b><\/p>\n<p>    Vil du se neste video?<\/p>\n<p>    <a href=\"https:\/\/www.nettavisen.no\/nyheter\/statsminister-jonas-gahr-store-svarer-frustrert-dieselkunde-og-traktorsjafor\/v\/80-95-33380\" class=\"recommend-poster\" data-adp-clicklabel=\"video-recommend\" data-adp-clickvalue=\"poster\" rel=\"nofollow noopener\" target=\"_blank\"><br \/>\n      <img decoding=\"async\" width=\"200\" height=\"200\" loading=\"lazy\" src=\"https:\/\/www.europesays.com\/no\/wp-content\/uploads\/2026\/09\/1788464230_271_Jonas Gahr St\u00f8re bredde.jpg\" alt=\"\" class=\"brick-c-cFOWSL\" style=\"--brick-image-ratio: 200 \/ 200;\"\/><\/p>\n<p>Svarer lei traktorsja\u030af\u00f8r1:26<\/p>\n<p>    <\/a><\/p>\n<p>Kritiserer \u00abkulturkrig\u00bb<\/p>\n<p>Tillis mener Hegseth har bidratt til \u00e5 skape et tomrom i den \u00f8verste milit\u00e6re ledelsen.<\/p>\n<p>Han anklager forsvarsministeren for \u00e5 v\u00e6re mer opptatt av kulturkrig enn av \u00e5 h\u00e5ndtere de viktigste forsvarsutfordringene USA st\u00e5r overfor.<\/p>\n<p>\u2013 Han lar seg skremme av kompetanse og trekker seg tilbake til \u00e5 hisse opp kulturkriger i stedet for \u00e5 konsentrere seg om det viktige arbeidet med nasjonalt forsvar og styrkene v\u00e5re, skriver senatoren.<\/p>\n<p>Tillis mener ogs\u00e5 at flere dyktige milit\u00e6re ledere har blitt presset ut under Hegseth.<\/p>\n<p>Blant dem er tidligere forsvarssjef CQ Brown, tidligere marineminister Lisa Franchetti og flere andre h\u00f8ytst\u00e5ende offiserer.<\/p>\n<p>\u2013 Jeg ber presidenten finne en ny leder i Pentagon som vil beholde og styrke milit\u00e6re talenter, i stedet for \u00e5 svekke dem, skriver Tillis.<\/p>\n<p><b>Les ogs\u00e5: <a href=\"https:\/\/www.nettavisen.no\/nyheter\/trump-foreslar-igjen-eget-navn-hetere-enn-noen-gang-for\/s\/80-95-50162\" rel=\"Follow nofollow noopener\" target=\"_blank\">Trump foresl\u00e5r igjen eget navn: \u2013 \u00abHetere\u00bb enn noen gang f\u00f8r<\/a><\/b><\/p>\n<p>Pappa-Hegseth rykker ut<\/p>\n<p>Utspillet er spesielt interessant fordi Tillis selv stemte for \u00e5 godkjenne Hegseth som forsvarsminister.<\/p>\n<p>Han har imidlertid blitt stadig mer kritisk til Hegseth og Trump-administrasjonens h\u00e5ndtering av milit\u00e6rledelsen.<\/p>\n<p>Hegseth har s\u00e5 langt ikke selv kommentert Tillis&#8217; kraftige utspill.<\/p>\n<p>Det har derimot faren hans, Brian Hegseth, gjort.<\/p>\n<p>I et innlegg p\u00e5 <a href=\"https:\/\/x.com\/brianhegseth\/status\/2095201086797656216\" rel=\"Follow nofollow\">X<\/a> reagerte han p\u00e5 Tillis&#8217; kritikk og skrev at han egentlig \u00f8nsket \u00e5 svare \u00abp\u00e5 sterkeste m\u00e5te\u00bb. Deretter avsluttet han med en kort beskjed til senatoren:<\/p>\n<p>\u00abYou, sir, are irrelevant.\u00bb<\/p>\n<p>Alts\u00e5: \u00abDu, sir, er irrelevant.\u00bb<\/p>\n<p>    Vil du se neste video?<\/p>\n<p>    <a href=\"https:\/\/www.nettavisen.no\/nyheter\/statsminister-jonas-gahr-store-svarer-frustrert-dieselkunde-og-traktorsjafor\/v\/80-95-33380\" class=\"recommend-poster\" data-adp-clicklabel=\"video-recommend\" data-adp-clickvalue=\"poster\" rel=\"nofollow noopener\" target=\"_blank\"><br \/>\n      <img decoding=\"async\" width=\"200\" height=\"200\" loading=\"lazy\" src=\"https:\/\/www.europesays.com\/no\/wp-content\/uploads\/2026\/09\/1788464230_271_Jonas Gahr St\u00f8re bredde.jpg\" alt=\"\" class=\"brick-c-cFOWSL\" style=\"--brick-image-ratio: 200 \/ 200;\"\/><\/p>\n<p>Svarer lei traktorsja\u030af\u00f8r1:26<\/p>\n<p>    <\/a><\/p>\n<p>        Nylig kom nyheten om at prins Harry og hans kone Meghan Markle flytter fra USA og tilbake til Storbritannia.<\/p>\n","protected":false},"excerpt":{"rendered":"Det er senator Thom Tillis fra North Carolina som kommer med den kraftige kritikken mot sin partifelle. I&hellip;\n","protected":false},"author":2,"featured_media":343230,"comment_status":"","ping_status":"","sticky":false,"template":"","format":"standard","meta":{"footnotes":"","_share_on_mastodon":"0"},"categories":[12],"tags":[20,21,24,25,15,22,23,13,30,28,29,14,16,26,27,42,43,44,45],"class_list":["post-343229","post","type-post","status-publish","format-standard","has-post-thumbnail","category-verden","tag-breaking-news","tag-breakingnews","tag-featured-news","tag-featurednews","tag-headlines","tag-latest-news","tag-latestnews","tag-news","tag-no","tag-norge","tag-norway","tag-nyheter","tag-overskrifter","tag-top-stories","tag-topstories","tag-verden","tag-world","tag-world-news","tag-worldnews"],"share_on_mastodon":{"url":"https:\/\/pubeurope.com\/@no\/117208800063063085","error":""},"_links":{"self":[{"href":"https:\/\/www.europesays.com\/no\/wp-json\/wp\/v2\/posts\/343229","targetHints":{"allow":["GET"]}}],"collection":[{"href":"https:\/\/www.europesays.com\/no\/wp-json\/wp\/v2\/posts"}],"about":[{"href":"https:\/\/www.europesays.com\/no\/wp-json\/wp\/v2\/types\/post"}],"author":[{"embeddable":true,"href":"https:\/\/www.europesays.com\/no\/wp-json\/wp\/v2\/users\/2"}],"replies":[{"embeddable":true,"href":"https:\/\/www.europesays.com\/no\/wp-json\/wp\/v2\/comments?post=343229"}],"version-history":[{"count":0,"href":"https:\/\/www.europesays.com\/no\/wp-json\/wp\/v2\/posts\/343229\/revisions"}],"wp:featuredmedia":[{"embeddable":true,"href":"https:\/\/www.europesays.com\/no\/wp-json\/wp\/v2\/media\/343230"}],"wp:attachment":[{"href":"https:\/\/www.europesays.com\/no\/wp-json\/wp\/v2\/media?parent=343229"}],"wp:term":[{"taxonomy":"category","embeddable":true,"href":"https:\/\/www.europesays.com\/no\/wp-json\/wp\/v2\/categories?post=343229"},{"taxonomy":"post_tag","embeddable":true,"href":"https:\/\/www.europesays.com\/no\/wp-json\/wp\/v2\/tags?post=343229"}],"curies":[{"name":"wp","href":"https:\/\/api.w.org\/{rel}","templated":true}]}}